{"id":43955,"date":"2020-12-14T11:29:38","date_gmt":"2020-12-14T10:29:38","guid":{"rendered":"http:\/\/miradordeatarfe.es\/?p=43955"},"modified":"2020-12-29T21:44:06","modified_gmt":"2020-12-29T20:44:06","slug":"canal-sur-por-remedios-sanchez","status":"publish","type":"post","link":"https:\/\/miradordeatarfe.es\/?p=43955","title":{"rendered":"\u00abCANAL SUR\u00bb por Remedios S\u00e1nchez"},"content":{"rendered":"<h3 style=\"text-align: left;\" align=\"RIGHT\"><span lang=\"es-ES\">Hoy se cuestiona a Canal Sur baj\u00e1ndole el presupuesto, pero ma\u00f1ana puede ser a cualquier otro<\/span><\/h3>\n<p align=\"JUSTIFY\"><span style=\"font-family: Times New Roman, serif;\"><span style=\"font-size: medium;\"><span lang=\"es-ES\"> Diciembre y anochece el fr\u00edo de la tarde entre las hojas que amarillean dormidas en la acera del tiempo. Qu\u00e9 largo es 2020, qu\u00e9 manera de prolongar la agon\u00eda de un a\u00f1o que tiene la dureza de pedernal en sus ojos de calendario y que se resiste a dejarnos siquiera un resquicio de serenidad para asumir tantos golpes inesperados de la vida y este futuro incierto que hay que ir construyendo cada d\u00eda. Los j\u00f3venes nos refugiamos en el trabajo para no escuchar los gritos del silencio; los mayores, en la televisi\u00f3n o la radio, que se han convertido en interlocutoras v\u00e1lida y en una compa\u00f1\u00eda imprescindible. \u201cRadio, Noche, Nocturno\u201d, escrib\u00eda Elena Mart\u00edn Vivaldi en las madrugadas encendidas de su balc\u00f3n. Pero en Andaluc\u00eda, no vale cualquier televisi\u00f3n; nuestra idiosincrasia, esta identidad plural de cultura milenaria la debe reflejar una televisi\u00f3n p\u00fablica como Canal Sur. No hablo aqu\u00ed de esas estrellas contratadas para subir audiencias, a los mercenarios que van al sol que m\u00e1s calienta. Me refiero a los profesionales que inician la jornada con voluntad de mostrar lo que pasa en esta tierra, a los reporteros mileuristas, a los que pasan horas cubriendo actos o buscando la noticia, a los que dan voz a quien tiene algo que decir, porque su pasi\u00f3n es informar. <\/span><\/span><\/span><\/p>\n<p align=\"JUSTIFY\"><span style=\"font-family: Times New Roman, serif;\"><span style=\"font-size: medium;\"><span lang=\"es-ES\">Evidentemente, Canal Sur necesita un planteamiento audiovisual eficiente que responda a la pluralidad andaluza desde la m\u00e1s radical independencia del poder pol\u00edtico, pero esto lo que debe implicar es dar el mando a los profesionales, no rebajar su presupuesto en catorce millones para 2021. Pareciera esto la apertura a un camino a la externalizaci\u00f3n y a la privatizaci\u00f3n de unos servicios que ahora mismo son de todos porque son p\u00fablicos y deben dar respuesta por tanto a las demandas ciudadanas. Nadie puede exigir a un canal privado un compromiso con la verdad ni marcarle una l\u00ednea de actuaci\u00f3n, pero a un canal p\u00fablico s\u00ed. M\u00e1rquesele pues ese sendero, pero mediante el an\u00e1lisis de errores pasados por profesionales andaluces de la comunicaci\u00f3n, no por mandamases sombr\u00edos con ideolog\u00eda anta\u00f1ona, herederos de una Espa\u00f1eta en blanco y negro que presionan al gobierno cada vez que hay presupuestos. No es permisible que estos individuos (siguen siendo una minor\u00eda minoritaria, valga el pleonasmo) condicionen hasta tales extremos la gesti\u00f3n de la comunicaci\u00f3n y pongan en riesgo el pan de mucha gente, su vocaci\u00f3n y su sacrificio. Porque cada vez que un medio audiovisual o de prensa pierde fuerza, cada vez que a un periodista se le paga un sueldo miserable o es despedido, se pone en riesgo un sector trascendental que nos conecta con la verdad de la palabra o la imagen que sirve para formarse luego opiniones. Hoy se cuestiona a Canal Sur baj\u00e1ndole el presupuesto, pero ma\u00f1ana puede ser a cualquier otro. Ya lo vimos venir con la televisi\u00f3n valenciana, gestionada durante d\u00e9cadas por cantama\u00f1anas sin criterio y reconvertida en agencia de colocaci\u00f3n de pol\u00edticos cesantes hasta llevarla a la quiebra. Con estos precedentes no se puede errar precisamente ahora, no se puede da\u00f1ar m\u00e1s la imagen de los obreros de la palabra que son siempre los perjudicados. Hay que darles herramientas para que vuelen en libertad desde un compromiso \u00e9tico con la ciudadan\u00eda. Para que sean una ventana abierta a la verdad, a la opini\u00f3n argumentada, al entretenimiento y a la esperanza. <\/span><\/span><\/span><\/p>\n","protected":false},"excerpt":{"rendered":"<p>Hoy se cuestiona a Canal Sur baj\u00e1ndole el presupuesto, pero ma\u00f1ana puede ser a cualquier&#8230;<\/p>\n","protected":false},"author":1,"featured_media":43956,"comment_status":"closed","ping_status":"closed","sticky":false,"template":"","format":"standard","meta":{"_coblocks_attr":"","_coblocks_dimensions":"","_coblocks_responsive_height":"","_coblocks_accordion_ie_support":"","jetpack_post_was_ever_published":false,"_jetpack_newsletter_access":"","_jetpack_dont_email_post_to_subs":false,"_jetpack_newsletter_tier_id":0,"_jetpack_memberships_contains_paywalled_content":false,"_jetpack_memberships_contains_paid_content":false,"footnotes":"","jetpack_publicize_message":"","jetpack_publicize_feature_enabled":true,"jetpack_social_post_already_shared":false,"jetpack_social_options":{"image_generator_settings":{"template":"highway","default_image_id":0,"enabled":false},"version":2}},"categories":[1161,44,7671,6914,15],"tags":[7903,5993],"class_list":["post-43955","post","type-post","status-publish","format-standard","has-post-thumbnail","hentry","category-ciudadania","category-noticias-de-hoy","category-politica","category-opinion-de-reme-sanchez","category-ultimas-noticias","tag-canal-sur","tag-privatizacion"],"jetpack_publicize_connections":[],"jetpack_featured_media_url":"https:\/\/i0.wp.com\/miradordeatarfe.es\/wp-content\/uploads\/2020\/12\/indice.png?fit=402%2C125&ssl=1","jetpack_likes_enabled":true,"jetpack_sharing_enabled":true,"_links":{"self":[{"href":"https:\/\/miradordeatarfe.es\/index.php?rest_route=\/wp\/v2\/posts\/43955","targetHints":{"allow":["GET"]}}],"collection":[{"href":"https:\/\/miradordeatarfe.es\/index.php?rest_route=\/wp\/v2\/posts"}],"about":[{"href":"https:\/\/miradordeatarfe.es\/index.php?rest_route=\/wp\/v2\/types\/post"}],"author":[{"embeddable":true,"href":"https:\/\/miradordeatarfe.es\/index.php?rest_route=\/wp\/v2\/users\/1"}],"replies":[{"embeddable":true,"href":"https:\/\/miradordeatarfe.es\/index.php?rest_route=%2Fwp%2Fv2%2Fcomments&post=43955"}],"version-history":[{"count":1,"href":"https:\/\/miradordeatarfe.es\/index.php?rest_route=\/wp\/v2\/posts\/43955\/revisions"}],"predecessor-version":[{"id":43957,"href":"https:\/\/miradordeatarfe.es\/index.php?rest_route=\/wp\/v2\/posts\/43955\/revisions\/43957"}],"wp:featuredmedia":[{"embeddable":true,"href":"https:\/\/miradordeatarfe.es\/index.php?rest_route=\/wp\/v2\/media\/43956"}],"wp:attachment":[{"href":"https:\/\/miradordeatarfe.es\/index.php?rest_route=%2Fwp%2Fv2%2Fmedia&parent=43955"}],"wp:term":[{"taxonomy":"category","embeddable":true,"href":"https:\/\/miradordeatarfe.es\/index.php?rest_route=%2Fwp%2Fv2%2Fcategories&post=43955"},{"taxonomy":"post_tag","embeddable":true,"href":"https:\/\/miradordeatarfe.es\/index.php?rest_route=%2Fwp%2Fv2%2Ftags&post=43955"}],"curies":[{"name":"wp","href":"https:\/\/api.w.org\/{rel}","templated":true}]}}