{"id":44020,"date":"2020-12-18T11:00:18","date_gmt":"2020-12-18T10:00:18","guid":{"rendered":"http:\/\/miradordeatarfe.es\/?p=44020"},"modified":"2020-12-16T18:55:54","modified_gmt":"2020-12-16T17:55:54","slug":"atarfe-participa-en-el-programa-de-diputacion-para-atencion-especial-en-zonas-desafavorecidas","status":"publish","type":"post","link":"https:\/\/miradordeatarfe.es\/?p=44020","title":{"rendered":"ATARFE PARTICIPA EN EL PROGRAMA DE DIPUTACI\u00d3N PARA ATENCI\u00d3N ESPECIAL EN ZONAS DESAFAVORECIDAS"},"content":{"rendered":"<section class=\"article-titles\">\n<div class=\"title\">\n<h1 id=\"m25-24-26\" class=\"article-title \" style=\"text-align: justify;\">Diputaci\u00f3n despliega en seis municipios un plan contra la exclusi\u00f3n social para barrios con dificultades<\/h1>\n<\/div>\n<div id=\"m81-80-82\" class=\"article-intro \" style=\"text-align: justify;\">\n<div id=\"m91-90-92\">La Diputaci\u00f3n de Granada, a trav\u00e9s del \u00c1rea de Bienestar Social, ha desplegado en seis municipios de la provincia el Plan Local de Intervenci\u00f3n en Zonas Desfavorecidas, que est\u00e1 dirigido a barrios que sufren dificultades de integraci\u00f3n y vinculadas a la exclusi\u00f3n social.<\/div>\n<\/div>\n<\/section>\n<div class=\"container-grid-box\">\n<section class=\"container-grid-cell content\">\n<article class=\"article-body\">\n<div class=\"multimedia\" style=\"text-align: justify;\">\n<div id=\"m30-29-31\">\n<div class=\"image-container\">\n<figure class=\"image\">\n<div>\u00a0<\/div>\n<div>\u00a0La iniciativa cuenta con una financiaci\u00f3n total de 5.840.996,39 euros, de los que la Diputaci\u00f3n aporta casi un mill\u00f3n, y el resto proviene del Fondo Social Europeo (FSE) y de la Junta de Andaluc\u00eda, seg\u00fan concreta el ente provincial en una nota de prensa.<\/div>\n<\/figure>\n<\/div>\n<\/div>\n<\/div>\n<div class=\"article-text\" style=\"text-align: justify;\">\n<p id=\"m101-100-102\" class=\"paragraph \">Esta iniciativa de car\u00e1cter social, que se puso en marcha hace un a\u00f1o, incluye la aplicaci\u00f3n hasta 2022 de 84 medidas concretas en zonas determinadas de seis municipios de la provincia. El objetivo es poner en marcha \u00ablos mecanismos de compensaci\u00f3n necesarios\u00bb para conseguir que las personas residentes en barrios desfavorecidos puedan acceder a los distintos sistemas de protecci\u00f3n social, especialmente a los de servicios sociales, salud, vivienda, educaci\u00f3n y empleo, y al resto de servicios p\u00fablicos.<\/p>\n<p id=\"m106-105-107\" class=\"paragraph \">Durante este a\u00f1o de ejecuci\u00f3n, se han atendido ya 696 unidades de convivencia con un impacto directo de 2.088 personas y se han tramitado 196 ayudas econ\u00f3micas familias y de emergencia social a personas residentes en zonas m\u00e1s desfavorecidas de estos municipios. Por otra parte, al cien por cien del total de personas atendidas, la mayor\u00eda perceptoras de la Renta M\u00ednima de Inserci\u00f3n Social de Andaluc\u00eda, se les ha realizado un itinerario de inserci\u00f3n que se encuentra en seguimiento.<\/p>\n<p id=\"m111-110-112\" class=\"paragraph \">Adem\u00e1s, se han iniciado m\u00e1s de 500 registros de participantes y se han realizado o est\u00e1n ejecut\u00e1ndose un total de 478 actuaciones en el marco de los cuatro ejes estrat\u00e9gicos del plan, que pasan por el desarrollo econ\u00f3mico y comunitario sostenible, las pol\u00edticas p\u00fablicas para el bienestar y la cohesi\u00f3n social, la mejora del h\u00e1bitat y la convivencia, y el trabajo en red e innovaci\u00f3n en la intervenci\u00f3n social comunitaria.<\/p>\n<p id=\"m116-115-117\" class=\"paragraph \">\u00abSe trata de un plan consensuado, muy debatido con colectivos e instituciones que aborda la ra\u00edz del problema y mejora la situaci\u00f3n general de los 13.000 granadinos y granadinas que residen en estas zonas\u00bb, afirma al respecto la diputada provincial de Bienestar Social, Olvido de la Rosa.<\/p>\n<p id=\"m121-120-122\" class=\"paragraph \">Algunos de los objetivos concretos a los que aspira la Diputaci\u00f3n son incrementar el nivel de empleabilidad, especialmente de las mujeres y las personas en situaci\u00f3n de exclusi\u00f3n, que les permita el acceso al mercado laboral; reducir el n\u00famero de infraviviendas; incrementar el n\u00famero de profesionales en los centros de servicios sociales comunitarios; desarrollar itinerarios de inclusi\u00f3n sociolaboral; mejorar los espacios p\u00fablicos comunes y los mecanismos de resoluci\u00f3n de conflictos de convivencia vecinal; y transformar la imagen de la zona en el municipio.<\/p>\n<p id=\"m126-125-127\" class=\"paragraph \">En cuanto a las municipios donde est\u00e1n en marcha estas medidas,<strong> se trata de los barrios el Barranco y la Ca\u00f1ada, en Atarfe<\/strong>; el barrio de Santa Ana, en Fuente Vaqueros; las barriadas de las Flores, las Cuevas y Cerro F\u00e1quila, en Pinos Puente; el barrio de la Pe\u00f1a, en Iznalloz; las Cuevas de Guadix; y el barrio de las Cuevas, en Hu\u00e9scar.<\/p>\n<p id=\"m131-130-132\" class=\"paragraph \">En todos estos lugares, como subrayado De la Rosa, se realiz\u00f3 previamente un <em>\u00abdetallado estudio\u00bb para identificar los principales problemas que afectan a su poblaci\u00f3n y se detect\u00f3 un \u00abelevado \u00edndice de desempleo, inactividad, falta de integraci\u00f3n en los sistemas de educaci\u00f3n o formaci\u00f3n\u00bb, as\u00ed como viviendas deterioradas y d\u00e9ficit en los equipamientos b\u00e1sicos de muchas de ellas.<\/em><\/p>\n<p id=\"m136-135-137\" class=\"paragraph \">INCORPORACI\u00d3N DE 40 PROFESIONALES<\/p>\n<p id=\"m141-140-142\" class=\"paragraph \"><strong>Para la aplicaci\u00f3n del plan, se cuenta con 40 profesionales (seis psic\u00f3logos, 28 trabajadores sociales y seis educadores), que desarrollan su trabajo \u00aben el terreno\u00bb a lo largo de los cuatro a\u00f1os de aplicaci\u00f3n del plan.<\/strong><\/p>\n<p id=\"m146-145-147\" class=\"paragraph \"><strong>Por ejemplo, seg\u00fan precisa De la Rosa, estos trabajadores orientan y asesoran a las familias de estas zonas para el acceso a recursos que les faciliten la mejora de sus condiciones de vida. Tambi\u00e9n realizan acciones de intermediaci\u00f3n entre las familias y la comunidad educativa que permitan incrementar el \u00e9xito acad\u00e9mico y reducir el abandono escolar temprano, hacen un acompa\u00f1amiento en el paso de la educaci\u00f3n al empleo (asesoramiento, alfabetizaci\u00f3n digital, formaci\u00f3n ocupacional y profesional) y abordan la tutorizaci\u00f3n y mediaci\u00f3n en materia de inserci\u00f3n social, siendo conscientes de las carencias en el \u00e1mbito social que tienen estas personas, desde la falta de habilidades sociales hasta la carencia de pautas y horarios normalizados.<\/strong><\/p>\n<p id=\"m151-150-152\" class=\"paragraph \">La diputada ha mostrado, por \u00faltimo, su \u00abagradecimiento a estos \u00abprofesionales comprometidos, que llevan a cabo una labor extraordinaria y que cuentan con el respaldo de la Diputaci\u00f3n de Granada\u00bb.<\/p>\n<p id=\"m156-155-157\" class=\"paragraph \">El plan ha sido elaborado de forma participada por la Diputaci\u00f3n, ayuntamientos implicados, asociaciones y colectivos que act\u00faan en los municipios y la Junta de Andaluc\u00eda, a trav\u00e9s de las delegaciones de Salud, Igualdad, Pol\u00edticas Sociales y Empleo. En total, 111 entidades p\u00fablicas y privadas est\u00e1n involucradas. Adem\u00e1s, est\u00e1 enmarcado en la Estrategia Regional de Intervenci\u00f3n Integral en Zonas Desfavorecidas de Andaluc\u00eda.<\/p>\n<p id=\"m161-160-162\" class=\"paragraph \">ACTUACIONES POR MUNICIPIOS<\/p>\n<p id=\"m166-165-167\" class=\"paragraph \">En Iznalloz, se ha trabajado en el club infantil y juvenil. En el barrio de la Pe\u00f1a, destacan los talleres puestos en marcha &#8216;Entrena tu mente&#8217; y el taller de prealfabetizaci\u00f3n, as\u00ed como las actuaciones de refuerzo escolar y los talleres de dinamizaci\u00f3n comunitaria.<\/p>\n<p id=\"m171-170-172\" class=\"paragraph \">En Hu\u00e9scar, destaca la Escuela Barrio de las Cuevas y el proyecto Forma Empleo, que consiste en talleres de entrenamiento y aprendizaje de habilidades sociales y laborales para mejorar la capacidad de los participantes de cara a la b\u00fasqueda y mantenimiento eficaz de un puesto de trabajo.<\/p>\n<p id=\"m176-175-177\" class=\"paragraph \"><strong>En Atarfe, se ha puesto en marcha el proyecto &#8216;La maleta viajera&#8217; como actuaci\u00f3n comunitaria innovadora en el que est\u00e1n participando todos los profesionales de la zona desfavorecida &#8216;El Barranco y la Ca\u00f1ada&#8217; para su puesta en marcha. Se trata de itinerarios de formaci\u00f3n en los que se entrenan habilidades b\u00e1sicas para la b\u00fasqueda de empleo, acercamiento de los recursos a la ciudadan\u00eda, abordaje de la salud mental en tiempos de crisis sanitaria y social por la pandemia. Un paso m\u00e1s para mejorar el acompa\u00f1amiento a la poblaci\u00f3n de esta zona con el objetivo de favorecer su inserci\u00f3n socio-laboral.<\/strong><\/p>\n<p id=\"m181-180-182\" class=\"paragraph \">En Pinos Puente, se ha abordado la coordinaci\u00f3n con todos los recursos de la zona &#8216;Las Flores, Las Cuevas y Cerro F\u00e1quila&#8217; para elaborar un mapa de recursos actualizado y puesto al servicio de entidades y personas que residen en la zona desfavorecida. Se trata de una herramienta viva y actualizada de recursos que favorece el trabajo en red de los profesionales y recursos de la zona, y la inserci\u00f3n social y laboral de la poblaci\u00f3n de esta zona.<\/p>\n<p id=\"m186-185-187\" class=\"paragraph \">En Guadix, se ha insistido en el trabajo en red y la colaboraci\u00f3n entre el equipo de zonas y el Centro Guadalinfo para, a trav\u00e9s de las nuevas tecnolog\u00edas, acercar y difundir la informaci\u00f3n y los recursos de una manera accesible y comprensible para toda la poblaci\u00f3n residente en el barrio de las Cuevas. En este sentido desde el equipo se elaboran &#8216;Tips de empleo&#8217; para hacer m\u00e1s accesible la informaci\u00f3n tanto de ofertas de empleo como de la manera de relacionase electr\u00f3nicamente con \u00e9xito con la administraci\u00f3n.<\/p>\n<p id=\"m191-190-192\" class=\"paragraph \">Por \u00faltimo, en Fuente Vaqueros se han puesto en marcha eventos culturales y actividades creativas con la participaci\u00f3n de los vecinos. El equipo de zonas apoy\u00f3 este evento que fomentaba la interculturalidad \u00e9tnica, en el que participaba el grupo musical DLB, constituido por j\u00f3venes que residen en la zona desfavorecida, y en coordinaci\u00f3n tambi\u00e9n con el programa integral de la comunidad gitana del municipio.<\/p>\n<\/div>\n<p style=\"text-align: justify;\">FOTO: Actuaci\u00f3n en un barrio desfavorecido de la provincia de Granada\u00a0 <span id=\"m54-53-55\" class=\"author \">DIPUTACI\u00d3N DE GRANADA<\/span><\/p>\n<p>https:\/\/www.20minutos.es\/noticia\/4503008\/0\/diputacion-despliega-en-seis-municipios-un-plan-contra-la-exclusion-social-para-barrios-con-dificultades\/<\/p>\n<\/article>\n<\/section>\n<\/div>\n","protected":false},"excerpt":{"rendered":"<p>Diputaci\u00f3n despliega en seis municipios un plan contra la exclusi\u00f3n social para barrios con dificultades&#8230;<\/p>\n","protected":false},"author":1,"featured_media":44021,"comment_status":"closed","ping_status":"closed","sticky":false,"template":"","format":"standard","meta":{"_coblocks_attr":"","_coblocks_dimensions":"","_coblocks_responsive_height":"","_coblocks_accordion_ie_support":"","jetpack_post_was_ever_published":false,"_jetpack_newsletter_access":"","_jetpack_dont_email_post_to_subs":false,"_jetpack_newsletter_tier_id":0,"_jetpack_memberships_contains_paywalled_content":false,"_jetpack_memberships_contains_paid_content":false,"footnotes":"","jetpack_publicize_message":"","jetpack_publicize_feature_enabled":true,"jetpack_social_post_already_shared":false,"jetpack_social_options":{"image_generator_settings":{"template":"highway","default_image_id":0,"enabled":false},"version":2}},"categories":[6916,1161,44,7671,15],"tags":[49,5205],"class_list":["post-44020","post","type-post","status-publish","format-standard","has-post-thumbnail","hentry","category-ayuntamiento-de-atarfe","category-ciudadania","category-noticias-de-hoy","category-politica","category-ultimas-noticias","tag-pobreza","tag-zonas-desfavorecidas"],"jetpack_publicize_connections":[],"jetpack_featured_media_url":"https:\/\/i0.wp.com\/miradordeatarfe.es\/wp-content\/uploads\/2020\/12\/actuacion-en-un-barrio-desfavorecido-de-la-provincia-de-granada.jpeg?fit=656%2C370&ssl=1","jetpack_likes_enabled":true,"jetpack_sharing_enabled":true,"_links":{"self":[{"href":"https:\/\/miradordeatarfe.es\/index.php?rest_route=\/wp\/v2\/posts\/44020","targetHints":{"allow":["GET"]}}],"collection":[{"href":"https:\/\/miradordeatarfe.es\/index.php?rest_route=\/wp\/v2\/posts"}],"about":[{"href":"https:\/\/miradordeatarfe.es\/index.php?rest_route=\/wp\/v2\/types\/post"}],"author":[{"embeddable":true,"href":"https:\/\/miradordeatarfe.es\/index.php?rest_route=\/wp\/v2\/users\/1"}],"replies":[{"embeddable":true,"href":"https:\/\/miradordeatarfe.es\/index.php?rest_route=%2Fwp%2Fv2%2Fcomments&post=44020"}],"version-history":[{"count":1,"href":"https:\/\/miradordeatarfe.es\/index.php?rest_route=\/wp\/v2\/posts\/44020\/revisions"}],"predecessor-version":[{"id":44022,"href":"https:\/\/miradordeatarfe.es\/index.php?rest_route=\/wp\/v2\/posts\/44020\/revisions\/44022"}],"wp:featuredmedia":[{"embeddable":true,"href":"https:\/\/miradordeatarfe.es\/index.php?rest_route=\/wp\/v2\/media\/44021"}],"wp:attachment":[{"href":"https:\/\/miradordeatarfe.es\/index.php?rest_route=%2Fwp%2Fv2%2Fmedia&parent=44020"}],"wp:term":[{"taxonomy":"category","embeddable":true,"href":"https:\/\/miradordeatarfe.es\/index.php?rest_route=%2Fwp%2Fv2%2Fcategories&post=44020"},{"taxonomy":"post_tag","embeddable":true,"href":"https:\/\/miradordeatarfe.es\/index.php?rest_route=%2Fwp%2Fv2%2Ftags&post=44020"}],"curies":[{"name":"wp","href":"https:\/\/api.w.org\/{rel}","templated":true}]}}