{"id":44032,"date":"2020-12-19T11:22:27","date_gmt":"2020-12-19T10:22:27","guid":{"rendered":"http:\/\/miradordeatarfe.es\/?p=44032"},"modified":"2020-12-29T21:45:26","modified_gmt":"2020-12-29T20:45:26","slug":"manuel-jimenez-lopez-suma-y-sigue","status":"publish","type":"post","link":"https:\/\/miradordeatarfe.es\/?p=44032","title":{"rendered":"MANUEL JIM\u00c9NEZ L\u00d3PEZ, SUMA Y SIGUE.-"},"content":{"rendered":"<h3 align=\"JUSTIFY\">Se ha celebrado en Ibiza la 2\u00ba edici\u00f3n del Campeonato de Espa\u00f1a de Federaciones Auton\u00f3micas de Trail Running donde nuestro atleta atarfe\u00f1o MANUEL JIM\u00c9NEZ L\u00d3PEZ consigue el bronce.<\/h3>\n<p align=\"JUSTIFY\"><span style=\"color: #000000;\"><span style=\"font-family: Tahoma, serif;\">Este domingo d\u00eda 13 de diciembre se ha celebrado en Ibiza la 2\u00ba edici\u00f3n del Campeonato de Espa\u00f1a de Federaciones Auton\u00f3micas de Trail Running campeonato organizado por la RFEAtletismo que supone el 18\u00ba Campeonato de Espa\u00f1a que ha sacado adelante esta Federaci\u00f3n desde que se inici\u00f3 la pandemia superando todas las adversidades que han originado la cancelaci\u00f3n de m\u00faltiples actividades competitivas deportivas. <\/span><\/span><\/p>\n<p align=\"JUSTIFY\"><span style=\"font-family: Tahoma, serif;\"><a href=\"https:\/\/i0.wp.com\/miradordeatarfe.es\/wp-content\/uploads\/2020\/12\/manu-ibiza-trail-3.jpg?ssl=1\"><img data-recalc-dims=\"1\" loading=\"lazy\" decoding=\"async\" class=\"wp-image-44034 size-full aligncenter\" src=\"https:\/\/i0.wp.com\/miradordeatarfe.es\/wp-content\/uploads\/2020\/12\/manu-ibiza-trail-3.jpg?resize=640%2C853&#038;ssl=1\" alt=\"\" width=\"640\" height=\"853\" srcset=\"https:\/\/i0.wp.com\/miradordeatarfe.es\/wp-content\/uploads\/2020\/12\/manu-ibiza-trail-3.jpg?w=768&amp;ssl=1 768w, https:\/\/i0.wp.com\/miradordeatarfe.es\/wp-content\/uploads\/2020\/12\/manu-ibiza-trail-3.jpg?resize=225%2C300&amp;ssl=1 225w\" sizes=\"auto, (max-width: 640px) 100vw, 640px\" \/><\/a>Atarfe, donde los corredores de monta\u00f1a son legi\u00f3n y contamos con uno de los clubes m\u00e1s longevos del panorama provincial (Atletismo y Monta\u00f1a Atarfe) y una prueba de referencia a nivel auton\u00f3mico (Carrera Por Monta\u00f1a Sierra Elvira) que ha cumplido este a\u00f1o su edici\u00f3n n\u00famero 13 ha contado con la participaci\u00f3n de un atleta atarfe\u00f1o, Manuel Jim\u00e9nez L\u00f3pez, si bien curiosamente sin experiencia previa en la especialidad habiendo sido seleccionado por la Andaluza merced a su condici\u00f3n de campe\u00f3n andaluz de Cross.<\/span><\/p>\n<p align=\"JUSTIFY\"><span style=\"font-family: Tahoma, serif;\">El estreno de Manu no ha podido ser m\u00e1s exitoso pues se ha venido de la isla con una nueva medalla de car\u00e1cter nacional en esta ocasi\u00f3n de BRONCE con lo que ya acumula 14 preseas en campeonatos de Espa\u00f1a, una individual y 13 por equipos constituyendo esta participaci\u00f3n la octava ocasi\u00f3n en que viste la camiseta de Andaluc\u00eda. <\/span><\/p>\n<p align=\"JUSTIFY\"><span style=\"font-family: Tahoma, serif;\">Aunque Manu no rindi\u00f3 al nivel al que nos tiene acostumbrados con su 15\u00ba puesto (13 del campeonato) colabor\u00f3 en que Andaluc\u00eda se hiciese con la medalla de bronce por detr\u00e1s de Madrid y Catalu\u00f1a. La Federaci\u00f3n de Atletismo est\u00e1 intentado promocionar esta especialidad y de ah\u00ed que haya celebrado por primera vez este campeonato en categor\u00eda promesas impulsando la participaci\u00f3n de los mejores corredores de pista y cross del pa\u00eds entre los que se encuentra nuestro paisano. <\/span><\/p>\n<p align=\"JUSTIFY\"><a name=\"Bookmark\"><\/a> <span style=\"font-family: Tahoma, serif;\">Por otro lado, en Nerja se ha disputado la Milla si bien este a\u00f1o dentro de las pistas municipales y no como ven\u00eda siendo habitual por las calles de la localidad. Se corrieron todas las categor\u00edas desde Sub 12 a mayores de 60 en masculino y femenino resultando ganadores los granadinos Pablo S\u00e1nchez Santos del Surco Lucena y la motrile\u00f1a Claudia Est\u00e9vez del Playas de Castell\u00f3n. <\/span><\/p>\n<p align=\"JUSTIFY\"><a href=\"https:\/\/i0.wp.com\/miradordeatarfe.es\/wp-content\/uploads\/2020\/12\/manu-ibiza-trail-1.jpg?ssl=1\"><img data-recalc-dims=\"1\" loading=\"lazy\" decoding=\"async\" class=\"wp-image-44035 size-full aligncenter\" src=\"https:\/\/i0.wp.com\/miradordeatarfe.es\/wp-content\/uploads\/2020\/12\/manu-ibiza-trail-1.jpg?resize=640%2C480&#038;ssl=1\" alt=\"\" width=\"640\" height=\"480\" srcset=\"https:\/\/i0.wp.com\/miradordeatarfe.es\/wp-content\/uploads\/2020\/12\/manu-ibiza-trail-1.jpg?w=1024&amp;ssl=1 1024w, https:\/\/i0.wp.com\/miradordeatarfe.es\/wp-content\/uploads\/2020\/12\/manu-ibiza-trail-1.jpg?resize=300%2C225&amp;ssl=1 300w, https:\/\/i0.wp.com\/miradordeatarfe.es\/wp-content\/uploads\/2020\/12\/manu-ibiza-trail-1.jpg?resize=768%2C576&amp;ssl=1 768w\" sizes=\"auto, (max-width: 640px) 100vw, 640px\" \/><\/a><\/p>\n","protected":false},"excerpt":{"rendered":"<p>Se ha celebrado en Ibiza la 2\u00ba edici\u00f3n del Campeonato de Espa\u00f1a de Federaciones Auton\u00f3micas&#8230;<\/p>\n","protected":false},"author":1,"featured_media":44033,"comment_status":"closed","ping_status":"closed","sticky":false,"template":"","format":"standard","meta":{"_coblocks_attr":"","_coblocks_dimensions":"","_coblocks_responsive_height":"","_coblocks_accordion_ie_support":"","jetpack_post_was_ever_published":false,"_jetpack_newsletter_access":"","_jetpack_dont_email_post_to_subs":false,"_jetpack_newsletter_tier_id":0,"_jetpack_memberships_contains_paywalled_content":false,"_jetpack_memberships_contains_paid_content":false,"footnotes":"","jetpack_publicize_message":"","jetpack_publicize_feature_enabled":true,"jetpack_social_post_already_shared":false,"jetpack_social_options":{"image_generator_settings":{"template":"highway","default_image_id":0,"enabled":false},"version":2}},"categories":[2,182,6915,44,15],"tags":[81,85,322],"class_list":["post-44032","post","type-post","status-publish","format-standard","has-post-thumbnail","hentry","category-atarfe","category-deportes","category-opinion-de-manuel-jimenez","category-noticias-de-hoy","category-ultimas-noticias","tag-atarfe","tag-atletismo","tag-deporte"],"jetpack_publicize_connections":[],"jetpack_featured_media_url":"https:\/\/i0.wp.com\/miradordeatarfe.es\/wp-content\/uploads\/2020\/12\/manu-ibiza-trail-2.jpg?fit=1024%2C768&ssl=1","jetpack_likes_enabled":true,"jetpack_sharing_enabled":true,"_links":{"self":[{"href":"https:\/\/miradordeatarfe.es\/index.php?rest_route=\/wp\/v2\/posts\/44032","targetHints":{"allow":["GET"]}}],"collection":[{"href":"https:\/\/miradordeatarfe.es\/index.php?rest_route=\/wp\/v2\/posts"}],"about":[{"href":"https:\/\/miradordeatarfe.es\/index.php?rest_route=\/wp\/v2\/types\/post"}],"author":[{"embeddable":true,"href":"https:\/\/miradordeatarfe.es\/index.php?rest_route=\/wp\/v2\/users\/1"}],"replies":[{"embeddable":true,"href":"https:\/\/miradordeatarfe.es\/index.php?rest_route=%2Fwp%2Fv2%2Fcomments&post=44032"}],"version-history":[{"count":1,"href":"https:\/\/miradordeatarfe.es\/index.php?rest_route=\/wp\/v2\/posts\/44032\/revisions"}],"predecessor-version":[{"id":44036,"href":"https:\/\/miradordeatarfe.es\/index.php?rest_route=\/wp\/v2\/posts\/44032\/revisions\/44036"}],"wp:featuredmedia":[{"embeddable":true,"href":"https:\/\/miradordeatarfe.es\/index.php?rest_route=\/wp\/v2\/media\/44033"}],"wp:attachment":[{"href":"https:\/\/miradordeatarfe.es\/index.php?rest_route=%2Fwp%2Fv2%2Fmedia&parent=44032"}],"wp:term":[{"taxonomy":"category","embeddable":true,"href":"https:\/\/miradordeatarfe.es\/index.php?rest_route=%2Fwp%2Fv2%2Fcategories&post=44032"},{"taxonomy":"post_tag","embeddable":true,"href":"https:\/\/miradordeatarfe.es\/index.php?rest_route=%2Fwp%2Fv2%2Ftags&post=44032"}],"curies":[{"name":"wp","href":"https:\/\/api.w.org\/{rel}","templated":true}]}}