{"id":44037,"date":"2020-12-22T11:32:28","date_gmt":"2020-12-22T10:32:28","guid":{"rendered":"http:\/\/miradordeatarfe.es\/?p=44037"},"modified":"2020-12-18T12:49:05","modified_gmt":"2020-12-18T11:49:05","slug":"2020-el-ano-que-no-vivimos-por-manuel-jimenez","status":"publish","type":"post","link":"https:\/\/miradordeatarfe.es\/?p=44037","title":{"rendered":"\u00ab2020 EL A\u00d1O QUE NO VIVIMOS\u00bb por Francisco L. Rajoy Varela"},"content":{"rendered":"<h3 style=\"text-align: justify;\">Ante el covid19 2020 Hemos de convencernos que hemos adoptar una fuerte concienciaci\u00f3n colectiva de la ciudadan\u00eda para seguir adelante. O remamos en la misma direcci\u00f3n o el caos de la nada.<\/h3>\n<p style=\"text-align: justify;\">Parece que fue ayer cuando cerr\u00e1bamos la vieja puerta del 2019 y abr\u00edamos una nueva para entrar en el 2020. Siempre que accedemos a un nuevo a\u00f1o en nuestra vida todo son buenos deseos y proyectos. Lejos est\u00e1bamos de pensar que el 2020 ser\u00eda un a\u00f1o de oscuridad y un viaje a lo desconocido donde en nuestra vida reinar\u00edan sentimientos de incertidumbre e inseguridad. Por desgracia, para otros ha sido de dolor, muerte y tristeza.<\/p>\n<p style=\"text-align: justify;\">Siempre solemos hacer, al acabar el a\u00f1o, un balance de todo lo positivo y negativo que nos ha ocurrido, es obvio que no cabe hacer dicho balance y podemos decir, sin ning\u00fan g\u00e9nero de dudas, que todos los supervivientes de este naufragio habr\u00e1n vivido un a\u00f1o cero o en blanco.<\/p>\n<p style=\"text-align: justify;\">Porque vivir significa poder actuar libremente, sin cors\u00e9s, disfrutando de los peque\u00f1os momentos gratificantes que la vida te ofrece. Re\u00edr, llorar, besar, abrazar y acariciar a las personas que quieres. Luchar por tus proyectos cada d\u00eda. Hasta los actos mon\u00f3tonos y rutinarios diarios. Todo eso y m\u00e1s, hemos dejado de vivirlo y estamos rehenes de esta pandemia que tantas secuelas negativas nos est\u00e1 dejando en lo material como en lo espiritual.Hasta nos est\u00e1 cambiando el car\u00e1cter. Nos hemos vuelto tristes, irascibles, hura\u00f1os, introvertidos. Inconscientemente, hemos dejado de ser lo que \u00e9ramos.<\/p>\n<p style=\"text-align: justify;\">Con las fiestas navide\u00f1as a la vuelta de la esquina, tenemos sentimientos y pensamientos muy encontrados y no es extra\u00f1o que nos formulemos multitud de preguntas. \u00bfRealmente nuestro<br \/>\nsituaci\u00f3n emocional est\u00e1 predispuesta a celebrar una Navidad en est\u00e1 situaci\u00f3n actual? \u00bfMentalmente estamos preparados para afrontarla de una forma distinta?<\/p>\n<p style=\"text-align: justify;\">Aunque todo es opinable y sujeto a controversia, creo que va a costar mucho aceptar que la situaci\u00f3n an\u00f3mala en que vivimos exige celebrar una Navidad bajo el foco de la austeridad y no<br \/>\nresulta f\u00e1cil, sobre todo por el feroz esp\u00edritu consumista de la sociedad actual. Nos cuesta, y mucho, entender que hubo una forma de vivir antes de la pandemia y ahora vivimos otra muy<br \/>\ndistinta y no entendemos que tenemos que concienciarnos de ello por muy duro que resulte. Hemos de convencernos que hemos adoptar una fuerte concienciaci\u00f3n colectiva de la<br \/>\nciudadan\u00eda para seguir adelante. O remamos en la misma direcci\u00f3n o el caos de la nada.<\/p>\n<p style=\"text-align: justify;\">Si confiamos en que la clase pol\u00edtica nos va a salvar, apa\u00f1ados vamos y a las pruebas de su mala gesti\u00f3n de gobernar me remito.Prueba de ello y vista la situaci\u00f3n actual, \u00bfera necesaria la instalaci\u00f3n de iluminaci\u00f3n y ornamentaci\u00f3n navide\u00f1a hasta el \u00faltimo rinc\u00f3n de este pa\u00eds? \u00bfno hubiera sido m\u00e1s sensato hacer una llamada a la austeridad, al ahorro energ\u00e9tico y frenar el consumismo feroz? Todo ello hace que la gente se arroje a las calles como posesos, como si no hubiera un ma\u00f1ana.<\/p>\n<p style=\"text-align: justify;\">Teniendo los antecedentes ocurridos durante el verano y siendo fieles al dicho de que el hombre es el \u00fanico animal que tropieza dos veces en la misma piedra, y eso es porque no sabe andar, llegamos a la triste conclusi\u00f3n de que tenemos lo que nos merecemos. Entre la mala gesti\u00f3n pol\u00edtica de esta crisis en la que nadie quiere asumir responsabilidades,entre normativas diarias y contradictorias y tambi\u00e9n, porqu\u00e9 no decirlo, la falta de concienciaci\u00f3n y responsabilidad ciudadana, hemos llegado a un punto sin retorno, a un callej\u00f3n sin salida.<\/p>\n<p style=\"text-align: justify;\">Est\u00e1 por ver los efectos que pueda producir la vacuna en nuestro organismo, lo que est\u00e1 claro es que a\u00fan no han descubierto otra vacuna que nos haga entender que los tiempos han cambiado y nuestra filosof\u00eda de vida ha de ser otra.<\/p>\n<p style=\"text-align: justify;\">Franc\u00ba L. Rajoy Varela<br \/>\nprajoy55@gmail.com<\/p>\n","protected":false},"excerpt":{"rendered":"<p>Ante el covid19 2020 Hemos de convencernos que hemos adoptar una fuerte concienciaci\u00f3n colectiva de&#8230;<\/p>\n","protected":false},"author":1,"featured_media":44038,"comment_status":"closed","ping_status":"closed","sticky":false,"template":"","format":"standard","meta":{"_coblocks_attr":"","_coblocks_dimensions":"","_coblocks_responsive_height":"","_coblocks_accordion_ie_support":"","jetpack_post_was_ever_published":false,"_jetpack_newsletter_access":"","_jetpack_dont_email_post_to_subs":false,"_jetpack_newsletter_tier_id":0,"_jetpack_memberships_contains_paywalled_content":false,"_jetpack_memberships_contains_paid_content":false,"footnotes":"","jetpack_publicize_message":"","jetpack_publicize_feature_enabled":true,"jetpack_social_post_already_shared":false,"jetpack_social_options":{"image_generator_settings":{"template":"highway","default_image_id":0,"enabled":false},"version":2}},"categories":[1161,7149,7167],"tags":[6765,7913,5313],"class_list":["post-44037","post","type-post","status-publish","format-standard","has-post-thumbnail","hentry","category-ciudadania","category-coronavirus","category-opinion-de-fco-luis-rajoy","tag-6765","tag-cvovid19","tag-vacuna"],"jetpack_publicize_connections":[],"jetpack_featured_media_url":"https:\/\/i0.wp.com\/miradordeatarfe.es\/wp-content\/uploads\/2020\/12\/2020.jpg?fit=768%2C432&ssl=1","jetpack_likes_enabled":true,"jetpack_sharing_enabled":true,"_links":{"self":[{"href":"https:\/\/miradordeatarfe.es\/index.php?rest_route=\/wp\/v2\/posts\/44037","targetHints":{"allow":["GET"]}}],"collection":[{"href":"https:\/\/miradordeatarfe.es\/index.php?rest_route=\/wp\/v2\/posts"}],"about":[{"href":"https:\/\/miradordeatarfe.es\/index.php?rest_route=\/wp\/v2\/types\/post"}],"author":[{"embeddable":true,"href":"https:\/\/miradordeatarfe.es\/index.php?rest_route=\/wp\/v2\/users\/1"}],"replies":[{"embeddable":true,"href":"https:\/\/miradordeatarfe.es\/index.php?rest_route=%2Fwp%2Fv2%2Fcomments&post=44037"}],"version-history":[{"count":3,"href":"https:\/\/miradordeatarfe.es\/index.php?rest_route=\/wp\/v2\/posts\/44037\/revisions"}],"predecessor-version":[{"id":44041,"href":"https:\/\/miradordeatarfe.es\/index.php?rest_route=\/wp\/v2\/posts\/44037\/revisions\/44041"}],"wp:featuredmedia":[{"embeddable":true,"href":"https:\/\/miradordeatarfe.es\/index.php?rest_route=\/wp\/v2\/media\/44038"}],"wp:attachment":[{"href":"https:\/\/miradordeatarfe.es\/index.php?rest_route=%2Fwp%2Fv2%2Fmedia&parent=44037"}],"wp:term":[{"taxonomy":"category","embeddable":true,"href":"https:\/\/miradordeatarfe.es\/index.php?rest_route=%2Fwp%2Fv2%2Fcategories&post=44037"},{"taxonomy":"post_tag","embeddable":true,"href":"https:\/\/miradordeatarfe.es\/index.php?rest_route=%2Fwp%2Fv2%2Ftags&post=44037"}],"curies":[{"name":"wp","href":"https:\/\/api.w.org\/{rel}","templated":true}]}}