{"id":44055,"date":"2020-12-22T11:06:27","date_gmt":"2020-12-22T10:06:27","guid":{"rendered":"http:\/\/miradordeatarfe.es\/?p=44055"},"modified":"2020-12-21T10:02:21","modified_gmt":"2020-12-21T09:02:21","slug":"el-tramo-de-autovia-entre-atarfe-y-pinos-puente-abrira-en-el-segundo-semestre-de-2021","status":"publish","type":"post","link":"https:\/\/miradordeatarfe.es\/?p=44055","title":{"rendered":"El tramo de autov\u00eda entre Atarfe y Pinos Puente abrir\u00e1 en el segundo semestre de 2021"},"content":{"rendered":"<h3 class=\"entry-title\" style=\"text-align: justify;\">Fomento inaugurar\u00e1 la GR43 entre Pinos Puente y Atarfe para el segundo semestre de 2021<\/h3>\n<p style=\"text-align: justify;\">El <strong class=\"mce\">ministro \u00c1balos a<\/strong>nunci\u00f3 durante la inauguraci\u00f3n de la Segunda Circunvalaci\u00f3n, que el primer tramo de la<strong class=\"mce\"> GR-43 entre Atarfe y Pinos Puente<\/strong>, y <strong>que conecta con la Segunda Circunvalaci\u00f3n,<\/strong> se pondr\u00e1 en funcionamiento en el segundo semestre de 2021 debido al avance de sus obras.<\/p>\n<p style=\"text-align: justify;\">El responsable de Transportes destac\u00f3 la reciente aprobaci\u00f3n del segmento entre la capital y Atarfe, cuyas obras empezar\u00e1n en 2022. \u00c1balos destac\u00f3 que la provincia ha visto<strong class=\"mce\"> duplicada la ejecuci\u00f3n de inversi\u00f3n<\/strong> del Ministerio, que en el \u00faltimo a\u00f1o ha licitado un 20% m\u00e1s que en 2019. Adem\u00e1s, en los Presupuestos para 2021 se convierte en la quinta provincia en inversi\u00f3n estatal en carreteras, con m\u00e1s de 90 millones de euros para el desarrollo y conservaci\u00f3n.<\/p>\n<p style=\"text-align: justify;\">El primer tramo de la futura A-81 a su paso por Granada abrir\u00e1 en el segundo semestre de 2021. Se trata del itinerario que unir\u00e1 Pinos Puente y Atarfe, <strong>\u00abmuy avanzado\u00bb <\/strong>seg\u00fan el ministro del ramo, Jos\u00e9 Luis \u00c1balos. La v\u00eda, de unos nueve kil\u00f3metros, ayudar\u00e1 a descongestionar la actual N432 que circula de <strong>Pinos Puente<\/strong> a Granada pasando por Atarfe, la \u00fanica v\u00eda para llegar hasta C\u00f3rdoba actualmente.\u00a0<\/p>\n<p style=\"text-align: justify;\">\u00a0<\/p>\n<p>foto: <span class=\"voc-photo-caption\">La autov\u00eda, en obras el pasado 4 de diciembre. \/ <\/span><span class=\"voc-photo-author\">RAM\u00d3N L. P\u00c9REZ<\/span><\/p>\n","protected":false},"excerpt":{"rendered":"<p>Fomento inaugurar\u00e1 la GR43 entre Pinos Puente y Atarfe para el segundo semestre de 2021&#8230;<\/p>\n","protected":false},"author":1,"featured_media":44056,"comment_status":"closed","ping_status":"closed","sticky":false,"template":"","format":"standard","meta":{"_coblocks_attr":"","_coblocks_dimensions":"","_coblocks_responsive_height":"","_coblocks_accordion_ie_support":"","jetpack_post_was_ever_published":false,"_jetpack_newsletter_access":"","_jetpack_dont_email_post_to_subs":false,"_jetpack_newsletter_tier_id":0,"_jetpack_memberships_contains_paywalled_content":false,"_jetpack_memberships_contains_paid_content":false,"footnotes":"","jetpack_publicize_message":"","jetpack_publicize_feature_enabled":true,"jetpack_social_post_already_shared":false,"jetpack_social_options":{"image_generator_settings":{"template":"highway","default_image_id":0,"enabled":false},"version":2}},"categories":[2,1161,44,15],"tags":[81,1518],"class_list":["post-44055","post","type-post","status-publish","format-standard","has-post-thumbnail","hentry","category-atarfe","category-ciudadania","category-noticias-de-hoy","category-ultimas-noticias","tag-atarfe","tag-pinos-puente"],"jetpack_publicize_connections":[],"jetpack_featured_media_url":"https:\/\/i0.wp.com\/miradordeatarfe.es\/wp-content\/uploads\/2020\/12\/autoviacordoba-kROH-U1201072281215f0D-624x385%40Ideal.jpg?fit=624%2C385&ssl=1","jetpack_likes_enabled":true,"jetpack_sharing_enabled":true,"_links":{"self":[{"href":"https:\/\/miradordeatarfe.es\/index.php?rest_route=\/wp\/v2\/posts\/44055","targetHints":{"allow":["GET"]}}],"collection":[{"href":"https:\/\/miradordeatarfe.es\/index.php?rest_route=\/wp\/v2\/posts"}],"about":[{"href":"https:\/\/miradordeatarfe.es\/index.php?rest_route=\/wp\/v2\/types\/post"}],"author":[{"embeddable":true,"href":"https:\/\/miradordeatarfe.es\/index.php?rest_route=\/wp\/v2\/users\/1"}],"replies":[{"embeddable":true,"href":"https:\/\/miradordeatarfe.es\/index.php?rest_route=%2Fwp%2Fv2%2Fcomments&post=44055"}],"version-history":[{"count":1,"href":"https:\/\/miradordeatarfe.es\/index.php?rest_route=\/wp\/v2\/posts\/44055\/revisions"}],"predecessor-version":[{"id":44057,"href":"https:\/\/miradordeatarfe.es\/index.php?rest_route=\/wp\/v2\/posts\/44055\/revisions\/44057"}],"wp:featuredmedia":[{"embeddable":true,"href":"https:\/\/miradordeatarfe.es\/index.php?rest_route=\/wp\/v2\/media\/44056"}],"wp:attachment":[{"href":"https:\/\/miradordeatarfe.es\/index.php?rest_route=%2Fwp%2Fv2%2Fmedia&parent=44055"}],"wp:term":[{"taxonomy":"category","embeddable":true,"href":"https:\/\/miradordeatarfe.es\/index.php?rest_route=%2Fwp%2Fv2%2Fcategories&post=44055"},{"taxonomy":"post_tag","embeddable":true,"href":"https:\/\/miradordeatarfe.es\/index.php?rest_route=%2Fwp%2Fv2%2Ftags&post=44055"}],"curies":[{"name":"wp","href":"https:\/\/api.w.org\/{rel}","templated":true}]}}