{"id":44076,"date":"2020-12-22T10:06:59","date_gmt":"2020-12-22T09:06:59","guid":{"rendered":"http:\/\/miradordeatarfe.es\/?p=44076"},"modified":"2020-12-20T21:14:24","modified_gmt":"2020-12-20T20:14:24","slug":"atarfe-informacion-de-la-red-sismica-nacional","status":"publish","type":"post","link":"https:\/\/miradordeatarfe.es\/?p=44076","title":{"rendered":"ATARFE: INFORMACI\u00d3N DE LA RED S\u00cdSMICA NACIONAL"},"content":{"rendered":"<div class=\"adn ads\" data-message-id=\"#msg-f:1686437408054390351\" data-legacy-message-id=\"17676de333032e4f\">\n<div class=\"gs\">\n<div class=\"\">\n<div id=\":qk\" class=\"ii gt\">\n<div id=\":r2\" class=\"a3s aiL \">\n<div dir=\"auto\">\n<h3 dir=\"auto\">DESDE EL AYUNTAMIENTOSE HA SOLICITADO INFORMACI\u00d3N SOOBRE LOS CONT\u00cdNUOS TERREMOTOS DE ATARFE<\/h3>\n<div dir=\"auto\">\u00a0<\/div>\n<div dir=\"auto\">En respuesta a las preocupaci\u00f3n que nos hab\u00e9is trasladado en relaci\u00f3n a los \u00faltimos terremotos que vienen ocurriendo en nuestro pueblo, queremos compartir con vosotr@s la informaci\u00f3n que hemos recibido del Jefe de \u00c1rea de la Red S\u00edsmica Nacional del Instituto Geogr\u00e1fico Nacional, a petici\u00f3n de Jose Manuel Peula, Concejal de Urbanismo y Medio Ambiente.<\/div>\n<div dir=\"auto\">\u00a0<\/div>\n<div dir=\"auto\">\u00a0<\/div>\n<div dir=\"auto\" style=\"text-align: justify;\"><em>Estimado Jose Manuel:<\/em><\/div>\n<div dir=\"auto\" style=\"text-align: justify;\">\u00a0<\/div>\n<div dir=\"auto\" style=\"text-align: justify;\"><em>En respuesta a su correo acerca de los sismos recientes sentidos en Atarfe, le informamos de lo siguiente:<\/em><\/div>\n<div dir=\"auto\" style=\"text-align: justify;\">\u00a0<\/div>\n<div dir=\"auto\" style=\"text-align: justify;\"><em>Desde principios de diciembre de 2020 se est\u00e1n produciendo una serie de terremotos de peque\u00f1a magnitud en las proximidades de la localidad de Atarfe (Granada). Se trata de terremotos superficiales, con una profundidad menor de 10 km, localizados al oeste-suroeste de Atarfe con magnitudes mayoritariamente menores de 2,5. El mayor terremoto registrado por el Instituto Geogr\u00e1fico Nacional (IGN) hasta el momento es e\u200bl ocurrido el d\u00eda 2 de diciembre al sureste de Pinos Puente con magnitud de 3,6 e intensidad m\u00e1xima de IV-V en Atarfe y Santa F\u00e9, que fue ampliamente sentido en numerosas localidades cercanas al epicentro, as\u00ed como en la ciudad de Granada, sin que hubiera que lamentar da\u00f1os. En el \u00faltimo mes el IGN ha localizado 32 terremotos en dicha zona, de los cuales 7 son de magnitud mayor de 2,0 y dos de magnitud mayor de 3,0, habiendo sido sentidos por la poblaci\u00f3n un total de 11 terremotos.<\/em><\/div>\n<div dir=\"auto\" style=\"text-align: justify;\">\u00a0<\/div>\n<div dir=\"auto\" style=\"text-align: justify;\"><em>Esta sismicidad es habitual en esta zona, que se enmarca dentro de las cordilleras B\u00e9ticas, una de las regiones con mayor actividad s\u00edsmica de la pen\u00ednsula Ib\u00e9rica, fruto de la convergencia entre la placa Africana y Euroasi\u00e1tica. Esta zona se caracteriza por la ocurrencia de numerosos terremotos superficiales de baja a moderada magnitud y, de forma ocasional con intensidad significativa. En base a lo anteriormente citado y al cat\u00e1logo s\u00edsmico nacional, puede decirse que la actividad s\u00edsmica registrada el mes de diciembre de 2020 en la zona entra dentro de lo habitual.<\/em><\/div>\n<div dir=\"auto\" style=\"text-align: justify;\">\u00a0<\/div>\n<div dir=\"auto\" style=\"text-align: justify;\"><em>La Red S\u00edsmica Nacional del IGN est\u00e1 realizando un seguimiento continuo de esta actividad para lo que cuenta con su propia infraestructura y con datos en tiempo real de las estaciones s\u00edsmicas del Instituto Andaluz de Geof\u00edsica. La informaci\u00f3n sobre los terremotos registrados por el IGN en tiempo casi-real y las recomendaciones de c\u00f3mo actuar ante un terremoto puede consultarse en:<\/em><\/div>\n<div dir=\"auto\" style=\"text-align: justify;\">\u00a0<\/div>\n<div dir=\"auto\" style=\"text-align: justify;\"><em><a href=\"https:\/\/www.ign.es\/web\/ign\/portal\/sis-area-sismicidad\" target=\"_blank\" rel=\"noopener noreferrer\" data-saferedirecturl=\"https:\/\/www.google.com\/url?q=https:\/\/www.ign.es\/web\/ign\/portal\/sis-area-sismicidad&amp;source=gmail&amp;ust=1608572126029000&amp;usg=AFQjCNGWlzJ-E8kQz89AFljcNTnoiWllIw\">https:\/\/www.ign.es\/web\/ign\/<wbr \/>portal\/sis-area-sismicidad<\/a><\/em><\/div>\n<div dir=\"auto\" style=\"text-align: justify;\">\u00a0<\/div>\n<div dir=\"auto\" style=\"text-align: justify;\"><em><a href=\"https:\/\/www.ign.es\/web\/resources\/sismologia\/qhacer\/qhacer.html\" target=\"_blank\" rel=\"noopener noreferrer\" data-saferedirecturl=\"https:\/\/www.google.com\/url?q=https:\/\/www.ign.es\/web\/resources\/sismologia\/qhacer\/qhacer.html&amp;source=gmail&amp;ust=1608572126029000&amp;usg=AFQjCNGaI3zEafx0FBJ87WI00Tp97FttLQ\">https:\/\/www.ign.es\/web\/<wbr \/>resources\/sismologia\/qhacer\/<wbr \/>qhacer.html<\/a><\/em><\/div>\n<div dir=\"auto\" style=\"text-align: justify;\">\u00a0<\/div>\n<div dir=\"auto\" style=\"text-align: justify;\"><em>Un cordial saludo,<\/em><\/div>\n<div dir=\"auto\" style=\"text-align: justify;\">\u00a0<\/div>\n<div dir=\"auto\" style=\"text-align: justify;\"><em>Juan V. Cantavella Nadal<\/em><\/div>\n<div dir=\"auto\" style=\"text-align: justify;\"><em>Jefe de \u00c1rea de la Red S\u00edsmica Nacional<\/em><\/div>\n<div dir=\"auto\" style=\"text-align: justify;\"><em>Instituto Geogr\u00e1fico Nacional<\/em><\/div>\n<\/div>\n<div class=\"yj6qo\" style=\"text-align: justify;\">\u00a0<\/div>\n<div class=\"adL\" style=\"text-align: justify;\">\u00a0<\/div>\n<\/div>\n<\/div>\n<div class=\"hi\" style=\"text-align: justify;\">\u00a0<\/div>\n<\/div>\n<\/div>\n<div class=\"ajx\" style=\"text-align: justify;\">\u00a0<\/div>\n<\/div>\n<div class=\"gA gt acV\">\n<div class=\"gB xu\">\n<div class=\"ip iq\">\n<div id=\":oq\">\n<table class=\"cf wS\" style=\"width: 8px;\" role=\"presentation\">\n<tbody>\n<tr>\n<td class=\"amq\" style=\"width: 0px; text-align: justify;\">\u00a0<\/td>\n<td class=\"amr\" style=\"width: 0px; text-align: justify;\">\u00a0<\/td>\n<\/tr>\n<\/tbody>\n<\/table>\n<\/div>\n<\/div>\n<\/div>\n<\/div>\n","protected":false},"excerpt":{"rendered":"<p>DESDE EL AYUNTAMIENTOSE HA SOLICITADO INFORMACI\u00d3N SOOBRE LOS CONT\u00cdNUOS TERREMOTOS DE ATARFE \u00a0 En respuesta&#8230;<\/p>\n","protected":false},"author":1,"featured_media":44077,"comment_status":"closed","ping_status":"closed","sticky":false,"template":"","format":"standard","meta":{"_coblocks_attr":"","_coblocks_dimensions":"","_coblocks_responsive_height":"","_coblocks_accordion_ie_support":"","jetpack_post_was_ever_published":false,"_jetpack_newsletter_access":"","_jetpack_dont_email_post_to_subs":false,"_jetpack_newsletter_tier_id":0,"_jetpack_memberships_contains_paywalled_content":false,"_jetpack_memberships_contains_paid_content":false,"footnotes":"","jetpack_publicize_message":"","jetpack_publicize_feature_enabled":true,"jetpack_social_post_already_shared":false,"jetpack_social_options":{"image_generator_settings":{"template":"highway","default_image_id":0,"enabled":false},"version":2}},"categories":[2,6916,44,15],"tags":[81,864],"class_list":["post-44076","post","type-post","status-publish","format-standard","has-post-thumbnail","hentry","category-atarfe","category-ayuntamiento-de-atarfe","category-noticias-de-hoy","category-ultimas-noticias","tag-atarfe","tag-ayuntamiento"],"jetpack_publicize_connections":[],"jetpack_featured_media_url":"https:\/\/i0.wp.com\/miradordeatarfe.es\/wp-content\/uploads\/2020\/12\/Captura-2.jpg?fit=692%2C443&ssl=1","jetpack_likes_enabled":true,"jetpack_sharing_enabled":true,"_links":{"self":[{"href":"https:\/\/miradordeatarfe.es\/index.php?rest_route=\/wp\/v2\/posts\/44076","targetHints":{"allow":["GET"]}}],"collection":[{"href":"https:\/\/miradordeatarfe.es\/index.php?rest_route=\/wp\/v2\/posts"}],"about":[{"href":"https:\/\/miradordeatarfe.es\/index.php?rest_route=\/wp\/v2\/types\/post"}],"author":[{"embeddable":true,"href":"https:\/\/miradordeatarfe.es\/index.php?rest_route=\/wp\/v2\/users\/1"}],"replies":[{"embeddable":true,"href":"https:\/\/miradordeatarfe.es\/index.php?rest_route=%2Fwp%2Fv2%2Fcomments&post=44076"}],"version-history":[{"count":1,"href":"https:\/\/miradordeatarfe.es\/index.php?rest_route=\/wp\/v2\/posts\/44076\/revisions"}],"predecessor-version":[{"id":44078,"href":"https:\/\/miradordeatarfe.es\/index.php?rest_route=\/wp\/v2\/posts\/44076\/revisions\/44078"}],"wp:featuredmedia":[{"embeddable":true,"href":"https:\/\/miradordeatarfe.es\/index.php?rest_route=\/wp\/v2\/media\/44077"}],"wp:attachment":[{"href":"https:\/\/miradordeatarfe.es\/index.php?rest_route=%2Fwp%2Fv2%2Fmedia&parent=44076"}],"wp:term":[{"taxonomy":"category","embeddable":true,"href":"https:\/\/miradordeatarfe.es\/index.php?rest_route=%2Fwp%2Fv2%2Fcategories&post=44076"},{"taxonomy":"post_tag","embeddable":true,"href":"https:\/\/miradordeatarfe.es\/index.php?rest_route=%2Fwp%2Fv2%2Ftags&post=44076"}],"curies":[{"name":"wp","href":"https:\/\/api.w.org\/{rel}","templated":true}]}}