{"id":44136,"date":"2020-12-25T11:53:40","date_gmt":"2020-12-25T10:53:40","guid":{"rendered":"http:\/\/miradordeatarfe.es\/?p=44136"},"modified":"2020-12-22T23:13:30","modified_gmt":"2020-12-22T22:13:30","slug":"en-recuerdo-de-zawi-por-carlos-norman-barea-2","status":"publish","type":"post","link":"https:\/\/miradordeatarfe.es\/?p=44136","title":{"rendered":"EN RECUERDO DE ZAWI por Carlos Norman Barea"},"content":{"rendered":"<h4>De todos los avatares hist\u00f3ricos por los que pas\u00f3 Iliberri, mi preferido, sin dudarlo un instante, es el de la llegada de la dinast\u00eda zir\u00ed granadina, que procedente de una rama de los ber\u00e9beres Sinhaya apareci\u00f3 por estas tierras all\u00e1 por el a\u00f1o 1002, a\u00f1o en que falleci\u00f3 Ciprianus, de cuyo sepulcro a\u00fan se guardan algunas inscripciones en el museo arqueol\u00f3gico de Granada.<\/h4>\n<p style=\"text-align: justify;\">Los Zir\u00edes sortearon el reparto de las tierras, de tal suerte que los designios de Elvira fueron a parar a manos del pr\u00edncipe Zawi. Este adalid del ej\u00e9rcito sinhay\u00ed se enfrent\u00f3 a los omeyas, cuando \u00e9stos manten\u00edan una proporci\u00f3n de hombres armados tan ventajosa como es la de cuatro soldados frente a uno. A\u00fan as\u00ed y ah\u00ed radica la magn\u00edfica personificaci\u00f3n del esp\u00edritu de lucha frente a la adversidad, Zawi areng\u00f3 a sus tropas con una consigna singular: \u201cO a perecer o a triunfar\u201d.<\/p>\n<p style=\"text-align: justify;\">Y triunf\u00f3, para despu\u00e9s diluirse en la historia tras su muerte por envenenamiento en el lejano reino zir\u00ed de Qayrawan.<\/p>\n<p style=\"text-align: justify;\">Zawi inici\u00f3 un milenio, exactamente de igual manera que nosotros estamos empezando otro, pero tambi\u00e9n emprendi\u00f3 e indic\u00f3 un camino hacia la tenacidad.\u00a0 Zawi con su puesta en pr\u00e1ctica de la virtud de los comienzos -seg\u00fan Jank\u00e9l\u00e9vitch: la valent\u00eda- nos recuerda constantemente que no hay un minuto que perder en la persecuci\u00f3n de nuestros objetivos.<\/p>\n<p style=\"text-align: justify;\">Con ese empaque me gustar\u00eda que intervini\u00e9ramos en defensa de la naturaleza, por que en palabras de Joaqu\u00edn Araujo: \u201cA uno lo que literalmente le asombra es que no gritemos de rabia cada ma\u00f1ana ante las nuevas heridas que recibe el paisaje vivo\u201d.<\/p>\n<p style=\"text-align: justify;\">La Cora de Elvira medieval ha dejado por el transcurso del tiempo, en la cuneta de los siglos, retazos de paisajes desgajados. Buena prueba de ello se obtiene del contraste entre la realidad, no virtual, de nuestro entorno y aquella otra realidad descrita por Abd Al Karim: \u201cQastiliya es el nombre de una hermosa ciudad de Al-Andalus, capital de la Cora de Elvira que posee entre sus riquezas un profuso arbolado por entre el cual fluyen rios caudalosos. Con todo ello guarda un celoso parecido a Damasco\u201d.<\/p>\n<p style=\"text-align: justify;\">Sin duda hoy podr\u00eda calificarse de eufemismo la adjetivaci\u00f3n de caudalosos para r\u00edos como el Genil, el Cubillas o el Velillos. Por no hablar del escaso arbolado, \u00fanicamente representado por las choperas que, eso si, mantienen de manera escrupulosa una distribuci\u00f3n antr\u00f3pica basada en la geometr\u00eda ar\u00e1biga.<\/p>\n<p style=\"text-align: justify;\">Lejos pues, muy lejos, por que no reconocerlo, de los encinares -recordemos, al efecto, que los adehesamientos se iniciaron a finales del siglo XV-. Lejos tambi\u00e9n de los aprovechamientos de jarales y de las mancomunidades de pastos que ejerc\u00edan la trashumancia hacia los prados del rey, en la sierra del Albaicin. Lejos adem\u00e1s de las plantaciones de almeces o latoneros, extensas despensas de materiales para la construcci\u00f3n de viviendas, lejos de los anta\u00f1o frecuentes nogales y avellanos, lejos de las retorcidas higueras que en momentos posteriores llevaron al gran Linneo a incluir a esta planta en el grupo de las \u201ccript\u00f3gamas\u201d o plantas sin flor, debido al peque\u00f1o tama\u00f1o de las flores y a su ubicaci\u00f3n en un recept\u00e1culo vuelto hacia dentro en el interior de la futura piel del higo.<\/p>\n<p style=\"text-align: justify;\">Higueras, avellanos, nogales y almeces para un verdor que se perdi\u00f3 en el devenir de la historia. Lejos del cultivo del lino y de la cr\u00eda de los gusanos de seda que proporcionaban unos roces tambi\u00e9n perdidos por la erosi\u00f3n del tiempo.<\/p>\n<p>Por otro lado, que enorme distancia entre nuestras aguas y las suyas. Aquellas que le sirvieron a Albucaste, descubridor de la obtenci\u00f3n del alcohol a partir del vino, para iniciarse en el arte de la perfumer\u00eda. Aguas zir\u00edes, que hoy har\u00edan las delicias de cualquier ba\u00f1ista y que en los albores del siglo XI daban esplendor inusitado a las ag\u00fceras de la Cora de Elvira.<\/p>\n<p style=\"text-align: justify;\">Suaves texturas, precios\u00edsimos aromas y aguas por doquier marcaron la impronta musulmana de la vida de nuestro pr\u00edncipe Zawi. No obstante si Zawi hubiera podido comprobar cu\u00e1n escaso empleo se le ha dado a la farmacopea que Avicena recogi\u00f3 en Libro de la Curaci\u00f3n, de la cual era un apasionado admirador, sin duda, lamentar\u00eda haber marchado a la aventura que inesperadamente le depar\u00f3 una tumba en el norte de Africa. Nuestro pr\u00edncipe bereber conocedor de las recomendaciones que Apuleyo hizo en el siglo II sobre la recomendable utilizaci\u00f3n de la mandr\u00e1gora para la curaci\u00f3n de la idiotez, llorar\u00eda por no poder rescatar estas antiguas usanzas junto a otros olvidados usos que \u00e9l especialmente apreciaba y adquir\u00eda en sus lecturas, mantenidas en secreto y realizadas a hurtadillas durante los descansos que se propiciaban en tiempos de paz. De entre ellas siempre le gustaba rememorar la an\u00e9cdota y el detalle curioso sobre como en el antiguo Egipto se consideraba hermoso que las cejas se juntasen sobre la nariz, para este alarde de maquillaje se usaba un compuesto de huevos de hormiga machacados con cad\u00e1veres de mosca que proporcionaba una excelente y duradera p\u00e1tina. Que se camuflaba h\u00e1bilmente con el vello frontal del rostro.<\/p>\n<p style=\"text-align: justify;\">Este aspecto, a caballo entre la realidad y la ilusi\u00f3n le hac\u00eda concluir que era una excelsa manifestaci\u00f3n de la imbricaci\u00f3n del hombre con la naturaleza.<\/p>\n<p style=\"text-align: justify;\">Zawi inconscientemente con sus preferencias delataba una pasi\u00f3n, quiz\u00e1s mal comprendida entre sus coet\u00e1neos, por la naturaleza, al estilo de los sentimientos que algunos siglos despu\u00e9s expres\u00f3 Alexander Pope en este bello poema: \u201cToda la naturaleza es s\u00f3lo arte, que t\u00fa desconoces; todo azar es direcci\u00f3n, que no sabes ver; toda discordia es armon\u00eda no comprendida; un mal parcial, bien universal. Y pese al orgullo, pese al error de la raz\u00f3n. Una verdad es clara: todo cuanto es, est\u00e1 bien\u201d.<\/p>\n<p style=\"text-align: justify;\">De todas las andanzas referidas sobre este primer pr\u00edncipe bereber dejaron constancia los escritos de Al Idrisi, contenidos en el Libro de Roger, subtitulado: \u201cDiversi\u00f3n para aqu\u00e9l que desee conocer el mundo\u201d.<\/p>\n<p style=\"text-align: justify;\">Un mundo que ya no podremos conocer y del cual, al menos, nos queda la impregnaci\u00f3n del esp\u00edritu de aquel afortunado pr\u00edncipe Zawi que triunf\u00f3 a sabiendas de que por el camino se jugaba la p\u00e9rdida de un envidiable estilo de vida respetuosa con la naturaleza. Nos quedan tambi\u00e9n sus creencias en la \u00e9tica ecol\u00f3gica profunda y tambi\u00e9n nos quedan sus sinceros sentimientos de emoci\u00f3n ante cualquier ser vivo, incluso ante esas mismas moscas que fueron aludidas anteriormente y que \u00e9l imaginaba revoloteando y compitiendo en busca de alguna digna sombra.<\/p>\n<p style=\"text-align: justify;\"><strong>Epilogo<\/strong>: El pr\u00edncipe Zawi, se\u00f1or de los lugares acogidos hoy en el t\u00e9rmino municipal de Atarfe, rindi\u00f3 homenaje a estos p\u00e1ramos y a sus gentes con la demostraci\u00f3n de su valent\u00eda y hora es ya, de que desde un pueblo agradecido como el de Atarfe se le devuelva el homenaje<\/p>\n<p>Carlos Norman Barea<\/p>\n<p>EN EL LIBRO ATARFE EN PAPEL<\/p>\n<p><span class=\"tojvnm2t a6sixzi8 abs2jz4q a8s20v7p t1p8iaqh k5wvi7nf q3lfd5jv pk4s997a bipmatt0 cebpdrjk qowsmv63 owwhemhu dp1hu0rb dhp61c6y iyyx5f41\">Editado por Corporaci\u00f3n de Medios de Andaluc\u00eda y el Ayuntamiento de Atarfe, coordinado por Jos\u00e9 Enrique Granados<\/span><\/p>\n","protected":false},"excerpt":{"rendered":"<p>De todos los avatares hist\u00f3ricos por los que pas\u00f3 Iliberri, mi preferido, sin dudarlo un&#8230;<\/p>\n","protected":false},"author":1,"featured_media":0,"comment_status":"closed","ping_status":"closed","sticky":false,"template":"","format":"standard","meta":{"_coblocks_attr":"","_coblocks_dimensions":"","_coblocks_responsive_height":"","_coblocks_accordion_ie_support":"","jetpack_post_was_ever_published":false,"_jetpack_newsletter_access":"","_jetpack_dont_email_post_to_subs":false,"_jetpack_newsletter_tier_id":0,"_jetpack_memberships_contains_paywalled_content":false,"_jetpack_memberships_contains_paid_content":false,"footnotes":"","jetpack_publicize_message":"","jetpack_publicize_feature_enabled":true,"jetpack_social_post_already_shared":false,"jetpack_social_options":{"image_generator_settings":{"template":"highway","default_image_id":0,"enabled":false},"version":2}},"categories":[2,7511,44,15],"tags":[7922,4005],"class_list":["post-44136","post","type-post","status-publish","format-standard","hentry","category-atarfe","category-atarfe-en-papel","category-noticias-de-hoy","category-ultimas-noticias","tag-la-cora-de-ilbira","tag-zawi"],"jetpack_publicize_connections":[],"jetpack_featured_media_url":"","jetpack_likes_enabled":true,"jetpack_sharing_enabled":true,"_links":{"self":[{"href":"https:\/\/miradordeatarfe.es\/index.php?rest_route=\/wp\/v2\/posts\/44136","targetHints":{"allow":["GET"]}}],"collection":[{"href":"https:\/\/miradordeatarfe.es\/index.php?rest_route=\/wp\/v2\/posts"}],"about":[{"href":"https:\/\/miradordeatarfe.es\/index.php?rest_route=\/wp\/v2\/types\/post"}],"author":[{"embeddable":true,"href":"https:\/\/miradordeatarfe.es\/index.php?rest_route=\/wp\/v2\/users\/1"}],"replies":[{"embeddable":true,"href":"https:\/\/miradordeatarfe.es\/index.php?rest_route=%2Fwp%2Fv2%2Fcomments&post=44136"}],"version-history":[{"count":4,"href":"https:\/\/miradordeatarfe.es\/index.php?rest_route=\/wp\/v2\/posts\/44136\/revisions"}],"predecessor-version":[{"id":44140,"href":"https:\/\/miradordeatarfe.es\/index.php?rest_route=\/wp\/v2\/posts\/44136\/revisions\/44140"}],"wp:attachment":[{"href":"https:\/\/miradordeatarfe.es\/index.php?rest_route=%2Fwp%2Fv2%2Fmedia&parent=44136"}],"wp:term":[{"taxonomy":"category","embeddable":true,"href":"https:\/\/miradordeatarfe.es\/index.php?rest_route=%2Fwp%2Fv2%2Fcategories&post=44136"},{"taxonomy":"post_tag","embeddable":true,"href":"https:\/\/miradordeatarfe.es\/index.php?rest_route=%2Fwp%2Fv2%2Ftags&post=44136"}],"curies":[{"name":"wp","href":"https:\/\/api.w.org\/{rel}","templated":true}]}}