{"id":44141,"date":"2020-12-27T11:17:48","date_gmt":"2020-12-27T10:17:48","guid":{"rendered":"http:\/\/miradordeatarfe.es\/?p=44141"},"modified":"2021-02-23T18:15:12","modified_gmt":"2021-02-23T17:15:12","slug":"la-censura-cinematografica-por-jose-enrique-granados","status":"publish","type":"post","link":"https:\/\/miradordeatarfe.es\/?p=44141","title":{"rendered":"\u00abLA CENSURA CINEMATOGR\u00c1FICA\u00bb por Jos\u00e9 Enrique Granados"},"content":{"rendered":"<div class=\"\" dir=\"auto\">\n<div id=\"jsc_c_pv\" class=\"ecm0bbzt hv4rvrfc ihqw7lf3 dati1w0a\" data-ad-comet-preview=\"message\" data-ad-preview=\"message\">\n<div class=\"j83agx80 cbu4d94t ew0dbk1b irj2b8pg\">\n<div class=\"qzhwtbm6 knvmm38d\">\n<div class=\"kvgmc6g5 cxmmr5t8 oygrvhab hcukyx3x c1et5uql ii04i59q\">\n<h3 dir=\"auto\" style=\"text-align: justify;\">El 8 de marzo de 1963 el BOE public\u00f3 la orden de 9 de febrero, por la que se aprobaban las normas de censura cinematogr\u00e1fica.<\/h3>\n<div dir=\"auto\" style=\"text-align: justify;\">\u00a0<\/div>\n<div dir=\"auto\" style=\"text-align: justify;\">En \u00e9l podemos leer que \u201c<em>el cinemat\u00f3grafo por su car\u00e1cter de espect\u00e1culo de masas ejerce una extraordinaria influencia, no solo como medio habitual de esparcimiento, sino como forma nueva y eficaz de promover la cultura en el seno de la sociedad moderna. El Estado, por raz\u00f3n de su finalidad, tiene el deber de fomentar y proteger tan importante medio de comunicaci\u00f3n social, al mismo tiempo que el de velar para que el cine cumpla su verdadero cometido, impidiendo que resulte pernicioso para la sociedad. Por ello parece conveniente establecer unas normas de censura que, si por un lado han de ser amplias para evitar un casuismo que nunca abarcar\u00eda todos los casos posibles, por otro deben ser suficientemente concretas para que puedan servir de orientaci\u00f3n, no solo al Organismo directamente encargado de aplicarlas, sino a los autores y realizadores y a cuantos participan en la producci\u00f3n, distribuci\u00f3n y exhibici\u00f3n cinematogr\u00e1ficas<\/em>\u201d.<\/div>\n<div dir=\"auto\" style=\"text-align: justify;\">\u00a0<\/div>\n<\/div>\n<div class=\"o9v6fnle cxmmr5t8 oygrvhab hcukyx3x c1et5uql ii04i59q\" style=\"text-align: justify;\">\n<div dir=\"auto\">En el c\u00f3digo aparecen una extensa lista de temas, situaciones y dem\u00e1s aspectos que deber\u00e1n ser prohibidos en las pel\u00edculas. Podemos citar aquellas que justifiquen el divorcio, relaciones sexuales il\u00edcitas, aborto, uso de anticonceptivos, presentaci\u00f3n de im\u00e1genes que puedan despertar bajas pasiones al espectador, im\u00e1genes irrespetuosas contra creencias religiosas, aquello que atente contra instituciones o contra los principios fundamentales del Estado, pel\u00edculas blasfemas, subversivas o pornogr\u00e1ficas.<\/div>\n<div dir=\"auto\">\u00a0<\/div>\n<\/div>\n<div class=\"o9v6fnle cxmmr5t8 oygrvhab hcukyx3x c1et5uql ii04i59q\" style=\"text-align: justify;\">\n<div dir=\"auto\">En la fotograf\u00eda, cartelas de pel\u00edculas proyectadas en el cine IDEAL de nuestro pueblo con la calificaci\u00f3n obtenida. Cortes\u00eda de Fuencisla Moreno Rueda.<\/div>\n<div dir=\"auto\"><a href=\"https:\/\/i0.wp.com\/miradordeatarfe.es\/wp-content\/uploads\/2020\/12\/129720160_3636524383100217_3062297227829163758_o.jpg?ssl=1\"><img data-recalc-dims=\"1\" loading=\"lazy\" decoding=\"async\" class=\"alignnone wp-image-44142 size-full\" src=\"https:\/\/i0.wp.com\/miradordeatarfe.es\/wp-content\/uploads\/2020\/12\/129720160_3636524383100217_3062297227829163758_o.jpg?resize=640%2C679&#038;ssl=1\" alt=\"\" width=\"640\" height=\"679\" srcset=\"https:\/\/i0.wp.com\/miradordeatarfe.es\/wp-content\/uploads\/2020\/12\/129720160_3636524383100217_3062297227829163758_o.jpg?w=1321&amp;ssl=1 1321w, https:\/\/i0.wp.com\/miradordeatarfe.es\/wp-content\/uploads\/2020\/12\/129720160_3636524383100217_3062297227829163758_o.jpg?resize=283%2C300&amp;ssl=1 283w, https:\/\/i0.wp.com\/miradordeatarfe.es\/wp-content\/uploads\/2020\/12\/129720160_3636524383100217_3062297227829163758_o.jpg?resize=966%2C1024&amp;ssl=1 966w, https:\/\/i0.wp.com\/miradordeatarfe.es\/wp-content\/uploads\/2020\/12\/129720160_3636524383100217_3062297227829163758_o.jpg?resize=768%2C815&amp;ssl=1 768w\" sizes=\"auto, (max-width: 640px) 100vw, 640px\" \/><\/a><\/div>\n<\/div>\n<div class=\"o9v6fnle cxmmr5t8 oygrvhab hcukyx3x c1et5uql ii04i59q\">\n<div dir=\"auto\" style=\"text-align: justify;\">\u00a0<\/div>\n<div dir=\"auto\" style=\"text-align: justify;\">Curiosidades elvirenses.<\/div>\n<\/div>\n<\/div>\n<\/div>\n<\/div>\n<\/div>\n<div id=\"jsc_c_pw\" class=\"l9j0dhe7\">\n<div class=\"l9j0dhe7\">\n<div>\u00a0<\/div>\n<\/div>\n<\/div>\n<div>\n<div id=\"jsc_c_pw\" class=\"l9j0dhe7\">\n<div class=\"stjgntxs ni8dbmo4\">\u00a0<\/div>\n<\/div>\n<\/div>\n<div>\n<div class=\"stjgntxs ni8dbmo4 l82x9zwi uo3d90p7 h905i5nu monazrh9\" data-visualcompletion=\"ignore-dynamic\">\n<div>\n<div>\n<div>\n<div class=\"l9j0dhe7\">\n<div class=\"bp9cbjyn m9osqain j83agx80 jq4qci2q bkfpd7mw a3bd9o3v kvgmc6g5 wkznzc2l oygrvhab dhix69tm jktsbyx5 rz4wbd8a osnr6wyh a8nywdso s1tcr66n\">\n<div class=\"bp9cbjyn j83agx80 buofh1pr ni8dbmo4 stjgntxs\">\u00a0<\/div>\n<\/div>\n<\/div>\n<\/div>\n<\/div>\n<\/div>\n<\/div>\n<\/div>\n<div class=\"\">\u00a0<\/div>\n","protected":false},"excerpt":{"rendered":"<p>El 8 de marzo de 1963 el BOE public\u00f3 la orden de 9 de febrero,&#8230;<\/p>\n","protected":false},"author":1,"featured_media":44143,"comment_status":"closed","ping_status":"closed","sticky":false,"template":"","format":"standard","meta":{"_coblocks_attr":"","_coblocks_dimensions":"","_coblocks_responsive_height":"","_coblocks_accordion_ie_support":"","jetpack_post_was_ever_published":false,"_jetpack_newsletter_access":"","_jetpack_dont_email_post_to_subs":false,"_jetpack_newsletter_tier_id":0,"_jetpack_memberships_contains_paywalled_content":false,"_jetpack_memberships_contains_paid_content":false,"footnotes":"","jetpack_publicize_message":"","jetpack_publicize_feature_enabled":true,"jetpack_social_post_already_shared":false,"jetpack_social_options":{"image_generator_settings":{"template":"highway","default_image_id":0,"enabled":false},"version":2}},"categories":[12,1161,38,44,7671,6937,15],"tags":[1633],"class_list":["post-44141","post","type-post","status-publish","format-standard","has-post-thumbnail","hentry","category-cultura","category-ciudadania","category-opinion-de-jose-enrique-granados","category-noticias-de-hoy","category-politica","category-sociedad","category-ultimas-noticias","tag-censura"],"jetpack_publicize_connections":[],"jetpack_featured_media_url":"https:\/\/i0.wp.com\/miradordeatarfe.es\/wp-content\/uploads\/2020\/12\/502799-CensorBoardCREATIVECOMMONS-1360042359-565-640x480-1.jpg?fit=640%2C480&ssl=1","jetpack_likes_enabled":true,"jetpack_sharing_enabled":true,"_links":{"self":[{"href":"https:\/\/miradordeatarfe.es\/index.php?rest_route=\/wp\/v2\/posts\/44141","targetHints":{"allow":["GET"]}}],"collection":[{"href":"https:\/\/miradordeatarfe.es\/index.php?rest_route=\/wp\/v2\/posts"}],"about":[{"href":"https:\/\/miradordeatarfe.es\/index.php?rest_route=\/wp\/v2\/types\/post"}],"author":[{"embeddable":true,"href":"https:\/\/miradordeatarfe.es\/index.php?rest_route=\/wp\/v2\/users\/1"}],"replies":[{"embeddable":true,"href":"https:\/\/miradordeatarfe.es\/index.php?rest_route=%2Fwp%2Fv2%2Fcomments&post=44141"}],"version-history":[{"count":1,"href":"https:\/\/miradordeatarfe.es\/index.php?rest_route=\/wp\/v2\/posts\/44141\/revisions"}],"predecessor-version":[{"id":44144,"href":"https:\/\/miradordeatarfe.es\/index.php?rest_route=\/wp\/v2\/posts\/44141\/revisions\/44144"}],"wp:featuredmedia":[{"embeddable":true,"href":"https:\/\/miradordeatarfe.es\/index.php?rest_route=\/wp\/v2\/media\/44143"}],"wp:attachment":[{"href":"https:\/\/miradordeatarfe.es\/index.php?rest_route=%2Fwp%2Fv2%2Fmedia&parent=44141"}],"wp:term":[{"taxonomy":"category","embeddable":true,"href":"https:\/\/miradordeatarfe.es\/index.php?rest_route=%2Fwp%2Fv2%2Fcategories&post=44141"},{"taxonomy":"post_tag","embeddable":true,"href":"https:\/\/miradordeatarfe.es\/index.php?rest_route=%2Fwp%2Fv2%2Ftags&post=44141"}],"curies":[{"name":"wp","href":"https:\/\/api.w.org\/{rel}","templated":true}]}}