{"id":44157,"date":"2020-12-31T11:37:28","date_gmt":"2020-12-31T10:37:28","guid":{"rendered":"http:\/\/miradordeatarfe.es\/?p=44157"},"modified":"2022-05-26T10:08:34","modified_gmt":"2022-05-26T08:08:34","slug":"la-perra-valiente-por-jose-vaquero","status":"publish","type":"post","link":"https:\/\/miradordeatarfe.es\/?p=44157","title":{"rendered":"\u00abLA PERRA VALIENTE\u00bb por Jos\u00e9 Vaquero"},"content":{"rendered":"<h3 style=\"text-align: justify;\">Con letras doradas, dec\u00eda: \u201ca \u201cOna\u201d, nuestra fiel y valiente perra que, con su arrojo, nos salv\u00f3 de una muerte segura<\/h3>\n<p style=\"text-align: justify;\">Corr\u00eda un d\u00eda de la Navidad de un a\u00f1o que terminaba. Esa tarde sal\u00ed al patio de mi casa para sacar de paseo a mi perra, \u201cOna\u201d, una d\u00f3cil, inteligente y preciosa hembra, de raza \u201cLabrador\u201d y de color canela, a la que s\u00f3lo le faltaba hablar. Al acercarme a ella, como siempre que lo hac\u00eda, saltaba loca de alegr\u00eda. Le enganch\u00e9 su correa en el collar y salimos a la calle. No hab\u00edamos dado dos pasos cuando observ\u00e9 que se tambaleaba. -Ona, Ona, qu\u00e9 te pasa-, le dije. Al poco tiempo cay\u00f3 desplomada al suelo de la acera. &#8211; \u00a1Carmen, Carmen!, \u00a1la perra!, \u00a1que se nos muere! &#8211; grit\u00e9 a mi esposa, muy nervioso.<\/p>\n<p style=\"text-align: justify;\">\u00a0 Mi esposa sali\u00f3 como una exhalaci\u00f3n -Qu\u00e9date con ella, mientras saco el coche-, le dije. Lo saqu\u00e9 lo m\u00e1s r\u00e1pido que pude. Entre los dos la subimos al asiento de atr\u00e1s, y Carmen se sent\u00f3 a su lado. Velozmente, bastante alterados, llegamos a la cl\u00ednica veterinaria m\u00e1s cercana. Al llegar, inmediatamente me ape\u00e9 y llam\u00e9 al veterinario, que sali\u00f3 y la examin\u00f3. Desgraciadamente, solo pudo certificar su muerte. Cogimos su cuerpo inerte dej\u00e1ndolo en la cl\u00ednica para su posterior incineraci\u00f3n. Ten\u00eda 12 a\u00f1os. Su p\u00e9rdida nos caus\u00f3 un profundo dolor.<\/p>\n<p style=\"text-align: justify;\">Resignados con \u00e9l, subimos al coche y regresamos a casa llorando. Por el trayecto, a medida que nos acerc\u00e1bamos a nuestro hogar, comenzaron a caer unos gruesos copos de nieve. Pronto la nevada se intensific\u00f3. Cuando llegamos, tras aparcar el coche y subir por los corrales al patio, \u00e9ste estaba cubierto de un delicado manto blanco, y la estatua de \u201cOna\u201d, revestida de una preciosa capa de piel de armi\u00f1o.<\/p>\n<p style=\"text-align: justify;\">El primer hecho que rememoramos mi esposa y yo al entrar a la salita anexa al patio, ocurri\u00f3 otro d\u00eda de la Navidad de hace 9 a\u00f1os. El viento g\u00e9lido que corr\u00eda al amanecer nos flagelaba el rostro mientras, en la calle, mir\u00e1bamos nuestra vivienda, que ard\u00eda por los cuatro costados. Las inmensas llamaradas iluminaban el cielo de un color amarillo-rojizo. Contemplaba el dantesco espect\u00e1culo, acompa\u00f1ado de mi esposa, mis dos hijas y mi perra. \u00c9sta ten\u00eda una caseta que le hab\u00eda hecho en el patio, y a \u00e9ste se acced\u00eda desde la salita, en donde pas\u00e1bamos la mayor parte del d\u00eda.<\/p>\n<p style=\"text-align: justify;\">Una estufa alimentada con tarugos de madera la caldeaba, y en ella hab\u00eda tambi\u00e9n una mesa camilla vestida con su ropa. Los vuelos de sus faldones tapaban nuestras piernas y, encajado en el hueco circular de su tarima, un brasero el\u00e9ctrico nos calentaba. Ese d\u00eda lo pasamos sentados a su alrededor. All\u00ed est\u00e1bamos protegidos del fr\u00edo. Para salir al patio hab\u00eda una puerta que dej\u00e1bamos entornada por si \u201cOna\u201d quer\u00eda entrar. Con el fr\u00edo glacial que hac\u00eda, la abri\u00f3, empuj\u00e1ndola con sus patas delanteras, y se recost\u00f3 al lado de la estufa.<\/p>\n<p style=\"text-align: justify;\">Tras cenar, subimos a los dormitorios para acostarnos. Siempre revisaba todos los aparatos enchufados para dejarlos apagados, pero quiso la mala fortuna que, esa noche, me dejara encendido el brasero. El calor que emanaba de las resistencias fue requemando la tarima, \u00e9sta prendi\u00f3 las ropas de la mesa camilla y, en poco tiempo, la peque\u00f1a habitaci\u00f3n era una bola de fuego que se expandi\u00f3 al resto de la casa. Antes, el fuerte olor a quemado y el humo, hab\u00edan alertado a \u201cOna\u201d, que subi\u00f3 por las escaleras que conduc\u00edan a los dormitorios dando unos enormes y lastimeros ladridos. Nos despertamos sobresaltados y, cuando bajamos, ya el fuego se hab\u00eda propagado, as\u00ed que salimos corriendo a la calle tras abrir precipitadamente la puerta de la casa. La virulencia de las llamas era tal que, en poco tiempo, \u00e9sta hab\u00eda ardido por completo. Desolados, nos abrazamos a \u201cOna\u201d. Ella nos correspond\u00eda d\u00e1ndonos unos cari\u00f1osos e intensos lametones.<\/p>\n<p style=\"text-align: justify;\">Esa noche, dormimos en la casa de los padres de mi esposa, ubicada en el mismo pueblo. All\u00ed vivimos hasta que construimos una nueva vivienda con la misma distribuci\u00f3n de la antigua. En el patio, le hice una nueva caseta a mi can, y enfrente, le coloqu\u00e9 una estatua que hab\u00eda encargado a un escultor amigo m\u00edo. En el frontal de su pedestal puse una placa con un texto que, con letras doradas, dec\u00eda: \u201ca \u201cOna\u201d, nuestra fiel y valiente perra que, con su arrojo, nos salv\u00f3 de una muerte segura\u201d. Era mi homenaje a ella. Unos a\u00f1os m\u00e1s tarde, la fatalidad quiso que no pudi\u00e9ramos salvar la suya, aunque siempre permanecer\u00eda su recuerdo en nuestra memoria y la de nuestros descendientes. Aquella talla siempre lo mantendr\u00eda vivo. Hoy, al pasar a su lado con uno de mis nietos, este ley\u00f3 su inscripci\u00f3n y me pregunt\u00f3: &#8211; Abuelo, \u00bfc\u00f3mo os salv\u00f3 la vida? &#8211; Yo lo sent\u00e9 entre mis piernas y le cont\u00e9 la historia.<\/p>\n<p style=\"text-align: justify;\">Jos\u00e9 Vaquero S\u00e1nchez<\/p>\n","protected":false},"excerpt":{"rendered":"<p>Con letras doradas, dec\u00eda: \u201ca \u201cOna\u201d, nuestra fiel y valiente perra que, con su arrojo,&#8230;<\/p>\n","protected":false},"author":1,"featured_media":44158,"comment_status":"closed","ping_status":"closed","sticky":false,"template":"","format":"standard","meta":{"_coblocks_attr":"","_coblocks_dimensions":"","_coblocks_responsive_height":"","_coblocks_accordion_ie_support":"","jetpack_post_was_ever_published":false,"_jetpack_newsletter_access":"","_jetpack_dont_email_post_to_subs":false,"_jetpack_newsletter_tier_id":0,"_jetpack_memberships_contains_paywalled_content":false,"_jetpack_memberships_contains_paid_content":false,"footnotes":"","jetpack_publicize_message":"","jetpack_publicize_feature_enabled":true,"jetpack_social_post_already_shared":false,"jetpack_social_options":{"image_generator_settings":{"template":"highway","default_image_id":0,"enabled":false},"version":2}},"categories":[1161,7926,44,6937,15],"tags":[2974,7927],"class_list":["post-44157","post","type-post","status-publish","format-standard","has-post-thumbnail","hentry","category-ciudadania","category-opinion-de-jose-vaquero","category-noticias-de-hoy","category-sociedad","category-ultimas-noticias","tag-fuego","tag-perro"],"jetpack_publicize_connections":[],"jetpack_featured_media_url":"https:\/\/i0.wp.com\/miradordeatarfe.es\/wp-content\/uploads\/2020\/12\/images-2.jpg?fit=224%2C146&ssl=1","jetpack_likes_enabled":true,"jetpack_sharing_enabled":true,"_links":{"self":[{"href":"https:\/\/miradordeatarfe.es\/index.php?rest_route=\/wp\/v2\/posts\/44157","targetHints":{"allow":["GET"]}}],"collection":[{"href":"https:\/\/miradordeatarfe.es\/index.php?rest_route=\/wp\/v2\/posts"}],"about":[{"href":"https:\/\/miradordeatarfe.es\/index.php?rest_route=\/wp\/v2\/types\/post"}],"author":[{"embeddable":true,"href":"https:\/\/miradordeatarfe.es\/index.php?rest_route=\/wp\/v2\/users\/1"}],"replies":[{"embeddable":true,"href":"https:\/\/miradordeatarfe.es\/index.php?rest_route=%2Fwp%2Fv2%2Fcomments&post=44157"}],"version-history":[{"count":1,"href":"https:\/\/miradordeatarfe.es\/index.php?rest_route=\/wp\/v2\/posts\/44157\/revisions"}],"predecessor-version":[{"id":44159,"href":"https:\/\/miradordeatarfe.es\/index.php?rest_route=\/wp\/v2\/posts\/44157\/revisions\/44159"}],"wp:featuredmedia":[{"embeddable":true,"href":"https:\/\/miradordeatarfe.es\/index.php?rest_route=\/wp\/v2\/media\/44158"}],"wp:attachment":[{"href":"https:\/\/miradordeatarfe.es\/index.php?rest_route=%2Fwp%2Fv2%2Fmedia&parent=44157"}],"wp:term":[{"taxonomy":"category","embeddable":true,"href":"https:\/\/miradordeatarfe.es\/index.php?rest_route=%2Fwp%2Fv2%2Fcategories&post=44157"},{"taxonomy":"post_tag","embeddable":true,"href":"https:\/\/miradordeatarfe.es\/index.php?rest_route=%2Fwp%2Fv2%2Ftags&post=44157"}],"curies":[{"name":"wp","href":"https:\/\/api.w.org\/{rel}","templated":true}]}}