{"id":44166,"date":"2020-12-30T08:06:59","date_gmt":"2020-12-30T07:06:59","guid":{"rendered":"http:\/\/miradordeatarfe.es\/?p=44166"},"modified":"2020-12-25T18:12:16","modified_gmt":"2020-12-25T17:12:16","slug":"doce-libros-que-han-asaltado-las-estanterias-en-2020-a-pesar-de-la-pandemia","status":"publish","type":"post","link":"https:\/\/miradordeatarfe.es\/?p=44166","title":{"rendered":"Doce libros que han asaltado las estanter\u00edas en 2020 a pesar de la pandemia"},"content":{"rendered":"<h3 style=\"text-align: justify;\">Con una crisis sanitaria, un estado de alarma y el cierre de librer\u00edas como tel\u00f3n de fondo, estos libros se han hecho un hueco en las estanter\u00edas este a\u00f1o, y lo han hecho por m\u00e9ritos propios<\/h3>\n<div class=\"second-col\" style=\"text-align: justify;\">\n<p class=\"article-text\">Haber publicado un libro en 2020 no es sin\u00f3nimo de que tu libro no lo haya le\u00eddo nadie. Este ha sido un a\u00f1o de muchas noticias, la mayor\u00eda funestas, pero tambi\u00e9n uno en el que muchas personas se han reconciliado con la literatura, <a class=\"link\" href=\"https:\/\/www.eldiario.es\/cultura\/libros\/incertidumbre-esperanza-puesta-venta-digital-celebra-dia-librerias-ano-pandemia_1_6409840.html\" target=\"_blank\" rel=\"noopener noreferrer\">como contaban los libreros y libreras a elDiario.es<\/a>. Leemos m\u00e1s que antes de la pandemia y lo hacemos durante m\u00e1s tiempo, seg\u00fan <a class=\"link\" href=\"https:\/\/www.cedro.org\/blog\/articulo\/blog.cedro.org\/2020\/05\/05\/la-lectura-en-tiempos-de-coronavirus\" target=\"_blank\" rel=\"noopener noreferrer\">un estudio realizado durante las semanas m\u00e1s duras de la pandemia en nuestro pa\u00eds<\/a>. <\/p>\n<p class=\"article-text\">Con todo en su contra, no son pocos los libros que se han hecho un hueco en nuestra estanter\u00eda. Libros, voces y miradas que bien merecieran estar debajo del \u00e1rbol estas Navidades.\u00a0<\/p>\n<h3 class=\"article-text\"><em>Panza de burro<\/em>, de Andrea Abreu (Barrett)<\/h3>\n<figure class=\"embed-container embed-container--type-embed \">\n<p><img data-recalc-dims=\"1\" decoding=\"async\" class=\"loading\" src=\"https:\/\/i0.wp.com\/static.eldiario.es\/clip\/a15eeb77-cb27-4f88-a0cc-56a2b36e9be8_source-aspect-ratio_default_0.jpg?w=200&#038;ssl=1\" alt=\"100%\"  align=\"left\" data-title=\"\" data-was-processed=\"true\" \/><\/p>\n<\/figure>\n<p class=\"article-text\">Por decirlo sencillamente: la revelaci\u00f3n del a\u00f1o. El debut en la ficci\u00f3n de Andrea Abreu ha vendido m\u00e1s de 20.000 ejemplares, algo ins\u00f3lito para <a class=\"link\" href=\"https:\/\/editorialbarrett.org\/tienda\/narrativa\/panza-de-burro\/\" target=\"_blank\" rel=\"noopener noreferrer\">una editorial tan peque\u00f1a como Barrett<\/a>. Es m\u00e1s, ya ha dado el salto al terreno internacional y ser\u00e1 traducida al italiano, al alem\u00e1n, al ingl\u00e9s, al noruego, al dan\u00e9s, al holand\u00e9s y al portugu\u00e9s. Pronto tambi\u00e9n habr\u00e1 un audio libro y los derechos audiovisuales se han vendido a la productora El Estudio.\u00a0<\/p>\n<p class=\"article-text\">Todo el m\u00e9rito es para una novela que naci\u00f3 en un taller literario, escrita haciendo un magn\u00edfico uso de la sonoridad y el tempo del idioma. \u00abDecid\u00ed huir de la oficialidad del castellano y del canario: escribir desde el barrio, lo rural y lo kinki canario \u2014que no es lo quinqui peninsular\u2014. Para m\u00ed, escribir en canario es un acto pol\u00edtico dentro de una realidad que niega nuestra cultura\u00bb, <a class=\"link\" href=\"https:\/\/www.eldiario.es\/cultura\/libros\/andrea-abreu-escribir-canario-acto-politico-realidad-niega-cultura_1_6094030.html\" target=\"_blank\" rel=\"noopener noreferrer\">contaba Abreu a elDiario.es<\/a> en una entrevista.\u00a0<\/p>\n<h3>\u00a0<\/h3>\n<h3>\u00a0<\/h3>\n<h3 class=\"article-text\"><em><strong>Oto\u00f1o<\/strong><\/em><strong>, de Ali Smith (N\u00f3rdica libros)<\/strong><\/h3>\n<figure class=\"embed-container embed-container--type-embed \">\n<p><img data-recalc-dims=\"1\" decoding=\"async\" class=\"loading alignright\" src=\"https:\/\/i0.wp.com\/static.eldiario.es\/clip\/b151f89d-f754-4793-80c5-9777ae444f1d_source-aspect-ratio_default_0.jpg?w=200&#038;ssl=1\" alt=\"100%\"  align=\"left\" data-title=\"\" data-was-processed=\"true\" \/><\/p>\n<\/figure>\n<p class=\"article-text\"><em>Oto\u00f1o <\/em>qued\u00f3 finalista del prestigioso Man Booker Prize, pero el Brexit y el boca-oreja le han granjeado un recorrido digno de haberlo ganado. <a class=\"link\" href=\"https:\/\/www.theguardian.com\/books\/2019\/sep\/21\/best-books-of-the-21st-century\" target=\"_blank\" rel=\"noopener noreferrer\">The Guardian lo situ\u00f3 entre las diez mejores novelas del siglo XXI<\/a>, y en las librer\u00edas brit\u00e1nicas ha sido \u2014y contin\u00faa siendo\u2014, todo un fen\u00f3meno.\u00a0<\/p>\n<p class=\"article-text\">El humor de la escritora escocesa Ali Smith ha sabido conectar con una generaci\u00f3n de lectores y lectoras que han vivido el proceso de salida del Reino Unido de la Uni\u00f3n Europea como un particular Vietnam. En Espa\u00f1a, y con traducci\u00f3n de Magdalena Palmer, <a class=\"link\" href=\"https:\/\/www.nordicalibros.com\/product\/otono\/\" target=\"_blank\" rel=\"noopener noreferrer\">N\u00f3rdica libros <\/a>ha tenido que imprimir tres ediciones en pocas semanas. La edici\u00f3n en catal\u00e1n<a class=\"link\" href=\"http:\/\/www.raigverdeditorial.cat\/cataleg\/tardor\/\" target=\"_blank\" rel=\"noopener noreferrer\"> la lanza Raig Verd <\/a>y va por la cuarta. Traduce Dolors Udina Abell\u00f3.\u00a0<\/p>\n<h3 class=\"article-text\"><em><strong>Sim\u00f3n<\/strong><\/em><strong>, de Miqui Otero (Blackie Books)<\/strong><\/h3>\n<figure class=\"embed-container embed-container--type-embed \">\n<p><img data-recalc-dims=\"1\" decoding=\"async\" class=\"loading\" src=\"https:\/\/i0.wp.com\/static.eldiario.es\/clip\/13ff714c-e645-41eb-8d28-997473e03151_source-aspect-ratio_default_0.jpg?w=200&#038;ssl=1\" alt=\"100%\"  align=\"left\" data-title=\"\" data-was-processed=\"true\" \/><\/p>\n<\/figure>\n<p class=\"article-text\">La nueva novela de Miqui Otero, la cuarta ya,\u00bbest\u00e1 llena de superh\u00e9roes, aunque se parecen m\u00e1s a los de barrio que cantaba Kiko Veneno que a los que salen de la factor\u00eda Marvel\u00bb, <a class=\"link\" href=\"https:\/\/www.eldiario.es\/cultura\/libros\/miqui-otero-defiendo-conciencia-clase-constante-cuela-novelas_1_6272443.html\" target=\"_blank\" rel=\"noopener noreferrer\">escrib\u00eda la periodista Carmen L\u00f3pez<\/a>. Algo tendr\u00e1n estos personajes de barrio que han conseguido que la editorial barcelonesa Blackie Books ande ya por la tercera edici\u00f3n de una tirada inicial de nada menos que 6.000 ejemplares.\u00a0\u00a0<\/p>\n<p class=\"article-text\">Otero, para m\u00e1s m\u00e9ritos, recibi\u00f3 en noviembre<a class=\"link\" href=\"https:\/\/www.eldiario.es\/cultura\/miqui-otero-premio-ojo-critico-narrativa-simon_1_6456684.html\" target=\"_blank\" rel=\"noopener noreferrer\"> el premio El Ojo Cr\u00edtico de RNE de Narrativa<\/a> por crear \u00abun universo propio\u00bb a lo largo de su trayectoria, seg\u00fan el veteran\u00edsimo programa. Con todo, su <em>Sim\u00f3n<\/em> se public\u00f3 en plena pandemia, aunque \u00e9l se muestra realista en lo que concierne a la trayectoria que pueda tener: \u00abConsidero que la lectura, la cultura en general, es algo indispensable en la educaci\u00f3n sentimental y emocional de alguien\u2026 pero un libro no es una barra de pan. Se tiene que dar una situaci\u00f3n econ\u00f3mica m\u00e1s o menos tolerable para que la gente piense en comprar y luego en leer libros, ir a un concierto o lo que sea\u00bb, explicaba <a class=\"link\" href=\"https:\/\/www.eldiario.es\/cultura\/libros\/miqui-otero-defiendo-conciencia-clase-constante-cuela-novelas_1_6272443.html\" target=\"_blank\" rel=\"noopener noreferrer\">a este peri\u00f3dico<\/a>.\u00a0<\/p>\n<h3 class=\"article-text\"><em><strong>Las maravillas<\/strong><\/em><strong>, de Elena Medel (Anagrama)<\/strong><\/h3>\n<figure class=\"embed-container embed-container--type-embed \">\n<p><img data-recalc-dims=\"1\" decoding=\"async\" class=\"loading\" src=\"https:\/\/i0.wp.com\/static.eldiario.es\/clip\/01d78b74-2a58-41c3-bbce-ac1b0a6c1b4a_source-aspect-ratio_default_0.jpg?w=200&#038;ssl=1\" alt=\"100%\"  align=\"left\" data-title=\"\" data-was-processed=\"true\" \/><\/p>\n<\/figure>\n<p class=\"article-text\"><em>Las maravillas<\/em> es la primera novela de ficci\u00f3n de Elena Medel o, mejor dicho, su primera novela publicada. Guarda otras tres en un caj\u00f3n, impublicables <a class=\"link\" href=\"https:\/\/www.eldiario.es\/cultura\/libros\/elena-medel-acostumbrada-autoexplotacion-cansancio-no-circulo_1_6303796.html\" target=\"_blank\" rel=\"noopener noreferrer\">seg\u00fan contaba a elDiario.es<\/a>. Por suerte esta s\u00ed ha visto la luz y no podemos por menos que recibirla con los brazos abiertos: es uno de los debuts literarios m\u00e1s inteligentes del a\u00f1o.\u00a0<\/p>\n<p class=\"article-text\">Medel conjuga talento con una disposici\u00f3n claramente pol\u00edtica por desentra\u00f1ar el mecanismo que rige nuestras vidas bajo un sistema capitalista y patriarcal. El resultado es magn\u00edfico y ya se encuentra en proceso de traducci\u00f3n al alem\u00e1n, el ingl\u00e9s, el griego y el neerland\u00e9s.<\/p>\n<h3 class=\"article-text\"><em>El infinito en un junco<\/em>, de Irene Vallejo (Siruela)<\/h3>\n<figure class=\"embed-container embed-container--type-embed \">\n<p><img data-recalc-dims=\"1\" decoding=\"async\" class=\"loading\" src=\"https:\/\/i0.wp.com\/static.eldiario.es\/clip\/af98fbc0-524e-47d0-8fa8-217b7cf77928_source-aspect-ratio_default_0.jpg?w=200&#038;ssl=1\" alt=\"100%\"  align=\"left\" data-title=\"\" data-was-processed=\"true\" \/><\/p>\n<\/figure>\n<p class=\"article-text\">Vale, aqu\u00ed hemos hecho trampa porque<em> El infinito en un junco<\/em> se public\u00f3 en 2019. Pero el recorrido de este ensayo lo ha impulsado, tambi\u00e9n en pandemia, entre lo m\u00e1s vendido de no ficci\u00f3n en espa\u00f1ol. Adem\u00e1s durante los \u00faltimos meses ha cosechado galardones como el Premio Las Librer\u00edas Recomiendan, el Premio de Literatura Jos\u00e9 Antonio Labordeta 2020 y, especialmente, <a class=\"link\" href=\"https:\/\/www.eldiario.es\/cultura\/libros\/irene-vallejo-premio-nacional-ensayo-infinito-junco_1_6386912.html\" target=\"_blank\" rel=\"noopener noreferrer\">el Premio Nacional de Ensayo<\/a>.\u00a0<\/p>\n<p class=\"article-text\">\u00bfQu\u00e9 puede tener un ensayo de 452 p\u00e1ginas sobre la historia de los libros para conquistar a tantas personas? Ofelia Grande, directora de <a class=\"link\" href=\"https:\/\/www.siruela.com\/catalogo.php?&amp;opcion=autor&amp;id_libro=3939\" target=\"_blank\" rel=\"noopener noreferrer\">Siruela<\/a>, <a class=\"link\" href=\"https:\/\/www.eldiario.es\/cultura\/libros\/fenomeno-ventas-infinito-junco-ensayo-exito-publicarse_1_6443861.html\" target=\"_blank\" rel=\"noopener noreferrer\">explicaba a elDiario.es que ni ellos se imaginaban este fen\u00f3meno<\/a>. \u00abLo publicamos porque nos pareci\u00f3 un libro que encajaba con el &#8216;esp\u00edritu&#8217; de Siruela\u00bb, sosten\u00eda, \u00abpero tengo que decir que muy poco tiempo despu\u00e9s de su publicaci\u00f3n, en el mes de diciembre, ya intu\u00edamos que iba a funcionar muy bien. Hab\u00eda muchas se\u00f1ales de ello. Ahora lo comentamos con la autora y nos re\u00edmos porque en enero le dije &#8216;vamos a vender m\u00e1s de 100.000&#8217;. Y as\u00ed ha sido\u00bb.\u00a0<\/p>\n<h3 class=\"article-text\"><em><strong>Exhalaci\u00f3n<\/strong><\/em><strong>, de Ted Chiang (Sexto Piso)<\/strong><\/h3>\n<figure class=\"embed-container embed-container--type-embed \">\n<p><img data-recalc-dims=\"1\" decoding=\"async\" class=\"loading\" src=\"https:\/\/i0.wp.com\/static.eldiario.es\/clip\/594aed92-9a9b-434f-abbe-bfca713a3a08_source-aspect-ratio_default_0.jpg?w=200&#038;ssl=1\" alt=\"100%\"  align=\"left\" data-title=\"\" data-was-processed=\"true\" \/><\/p>\n<\/figure>\n<p class=\"article-text\"><em>Exhalaci\u00f3n <\/em>se compone de nueve relatos de distinta extensi\u00f3n, ambici\u00f3n y tem\u00e1tica. Si bien algunos de ellos dialogan entre s\u00ed por sus reflexiones o estructura formal, todos se cobijan bajo el paraguas de la ciencia ficci\u00f3n y el indudable talento como narrador de Ted Chiang.\u00a0<\/p>\n<p class=\"article-text\">Publicada en castellano por<a class=\"link\" href=\"http:\/\/sextopiso.es\/esp\/item\/472\/exhalacion\" target=\"_blank\" rel=\"noopener noreferrer\"> la editorial Sexto Piso<\/a> con traducci\u00f3n de Rub\u00e9n Mart\u00edn Gir\u00e1ldez, y en catal\u00e1n por<a class=\"link\" href=\"https:\/\/www.maimes.cat\/exhalacio\/\" target=\"_blank\" rel=\"noopener noreferrer\"> la editorial Mai M\u00e9s<\/a> con traducci\u00f3n de Ferran R\u00e0fols Gesa, esta colecci\u00f3n de relatos resulta <a class=\"link\" href=\"https:\/\/www.eldiario.es\/cultura\/libros\/filosofia-viajes-tiempo-claves-descubrir-exhalacion-nuevo-artefacto-literario-ted-chiang_1_6207313.html\" target=\"_blank\" rel=\"noopener noreferrer\">apasionante por su aproximaci\u00f3n moderna a algunos asuntos cl\u00e1sicos de la ciencia ficci\u00f3n<\/a>. Su segunda edici\u00f3n, lanzada al poco de publicarse la primera, prueba que es el libro perfecto para amantes del g\u00e9nero en un a\u00f1o especialmente dist\u00f3pico.\u00a0<\/p>\n<h3 class=\"article-text\"><em>Reina<\/em>, de Elizabeth Duval (Caballo de Troya)<\/h3>\n<figure class=\"embed-container embed-container--type-embed \">\n<p><img data-recalc-dims=\"1\" decoding=\"async\" class=\"loading\" src=\"https:\/\/i0.wp.com\/static.eldiario.es\/clip\/5540c5f7-dcc0-4ce0-a7b6-da49daaf2389_source-aspect-ratio_default_0.jpg?w=200&#038;ssl=1\" alt=\"100%\"  align=\"left\" data-title=\"\" data-was-processed=\"true\" \/><\/p>\n<\/figure>\n<p class=\"article-text\">La primera novela de Elizabeth Duval,<a class=\"link\" href=\"https:\/\/www.megustaleer.com\/libros\/reina\/MES-110544\" target=\"_blank\" rel=\"noopener noreferrer\"> publicada por Caballo de Troya<\/a>, es una autoficci\u00f3n escrita por una estudiante de doble grado en Filosof\u00eda y Letras Modernas en la Universidad de la Sorbona en Par\u00eds. Pero tambi\u00e9n es un artefacto que especula sobre qu\u00e9 es la autoficci\u00f3n, cu\u00e1les son sus limites, y qu\u00e9 papel juega el lector en todo el asunto.\u00a0<\/p>\n<p class=\"article-text\">Es de justicia reconocer que, a pesar de la pandemia, 2020 ha significado para muchos el descubrimiento de la voz literaria de Duval, nacida en el a\u00f1o 2000. <em>Reina<\/em> es solo uno de los tres libros que han salido de su pluma estos meses: tambi\u00e9n podemos descubrirla a trav\u00e9s del poemario <em>Excepci\u00f3n<\/em>,<a class=\"link\" href=\"https:\/\/letraversal.com\/producto\/excepcion-elizabeth-duval\/\" target=\"_blank\" rel=\"noopener noreferrer\"> publicado por Letraversal en enero<\/a>, y muy pronto en el ensayo <em>Despu\u00e9s de lo trans<\/em>, <a class=\"link\" href=\"https:\/\/www.lacajabooks.com\/wp-content\/uploads\/2020\/10\/Cat%C3%A1logo-2020-Navidades-La-Caja-Books-web-sd-2-1.pdf\" target=\"_blank\" rel=\"noopener noreferrer\">publicado por La Caja Books<\/a>.\u00a0<\/p>\n<h3 class=\"article-text\"><em><strong>Nuez de coco<\/strong><\/em><strong>, de Kopano Matlwa (Alpha Decay)<\/strong><\/h3>\n<figure class=\"embed-container embed-container--type-embed \">\n<p><img data-recalc-dims=\"1\" decoding=\"async\" class=\"loading\" src=\"https:\/\/i0.wp.com\/static.eldiario.es\/clip\/23e03417-0806-4012-83de-d29bb6775a83_source-aspect-ratio_default_0.jpg?w=200&#038;ssl=1\" alt=\"100%\"  align=\"left\" data-title=\"\" data-was-processed=\"true\" \/><\/p>\n<\/figure>\n<p class=\"article-text\">Si este a\u00f1o Minna Salami ha aportado el ensayo m\u00e1s brillante la deconstrucci\u00f3n y descolonizaci\u00f3n de la mirada blanca occidental con su <em>El otro lado de la monta\u00f1a<\/em> (<a class=\"link\" href=\"https:\/\/www.planetadelibros.com\/libro-el-otro-lado-de-la-montana\/312563\" target=\"_blank\" rel=\"noopener noreferrer\">Temas de hoy<\/a>), Kopano Matlwa ha hecho lo propio en el terreno de la ficci\u00f3n. <em>Nuez de coco<\/em> narra las vidas de Ofilwe y Fikile, dos j\u00f3venes de Johannesburgo que crecen enfrentadas a los prejuicios raciales y la presi\u00f3n est\u00e9tica de su generaci\u00f3n en la era postapartheid. Pero buscan construirse un futuro mejor para ellas y para muchas personas en su situaci\u00f3n.<\/p>\n<p class=\"article-text\">Tras la gran acogida de las traducciones al catal\u00e1n y al castellano de <em>Florescencia<\/em>, Sembra Llibres publica<a class=\"link\" href=\"https:\/\/sembrallibres.com\/llibres\/coconut\/\" target=\"_blank\" rel=\"noopener noreferrer\"> la primera novela de Kopano Matlwa<\/a> con traducci\u00f3n de Elisabet R\u00e0fols-Sagu\u00e9s. En castellano la ha publicado tambi\u00e9n Alpha Decay, con traducci\u00f3n de Aurora Echevarr\u00eda y el t\u00edtulo<a class=\"link\" href=\"http:\/\/www.alphadecay.org\/libro\/nuez-de-coco\/\" target=\"_blank\" rel=\"noopener noreferrer\"><em> Nuez de coco<\/em><\/a>.<\/p>\n<h3 class=\"article-text\"><em><strong>Una historia de la mentira<\/strong><\/em><strong>, de Juan Jacinto Mu\u00f1oz Rengel (Alianza)<\/strong><\/h3>\n<figure class=\"embed-container embed-container--type-embed \">\n<p><img data-recalc-dims=\"1\" decoding=\"async\" class=\"loading\" src=\"https:\/\/i0.wp.com\/static.eldiario.es\/clip\/ecfa7760-d199-4d32-a712-9c393f4e490d_source-aspect-ratio_default_0.jpg?w=200&#038;ssl=1\" alt=\"100%\"  align=\"left\" data-title=\"\" data-was-processed=\"true\" \/><\/p>\n<\/figure>\n<p class=\"article-text\">Todos mentimos pero hoy la mentira, ya fuere disfrazada de <em>fake news<\/em> o exabrupto en forma de tuit, parece decidir el devenir de pol\u00edticas internacionales, el futuro de naciones enteras y marcar nuestra existencia en una sociedad digitalizada. \u00bfSiempre ha estado la falsedad as\u00ed de presente en nuestra historia?<\/p>\n<p class=\"article-text\">Es lo que se propone averiguar Juan Jacinto Mu\u00f1oz Rengel en el ensayo m\u00e1s debatido del a\u00f1o pand\u00e9mico. Un libro lleno de iron\u00eda, humor y sobre todo una intuici\u00f3n que convoca las estrategias de un <em>thriller<\/em> para descubrir qu\u00e9 verdad esconden todas las mentiras que el ser humano se ha contado desde hace siglos.\u00a0<\/p>\n<h3 class=\"article-text\"><em><strong>La flor<\/strong><\/em><strong>, de Mary Karr (Perif\u00e9rica &amp; Errata Naturae)<\/strong><\/h3>\n<figure class=\"embed-container embed-container--type-embed \">\n<p><img data-recalc-dims=\"1\" decoding=\"async\" class=\"loading\" src=\"https:\/\/i0.wp.com\/static.eldiario.es\/clip\/60d08671-316c-4f2d-899f-f0f738dfffdd_source-aspect-ratio_default_0.jpg?w=200&#038;ssl=1\" alt=\"100%\"  align=\"left\" data-title=\"\" data-was-processed=\"true\" \/><\/p>\n<\/figure>\n<p class=\"article-text\">La uni\u00f3n de fuerzas de editoriales tan sensatas a la par que atrevidas como Perif\u00e9rica y Errata Naturae siempre ha dado resultados sorprendentes. Angelika Schrobsdorff y <em>T\u00fa no eres como otras madres<\/em> en 2016, Verna B. Carleton y <em>Regreso a Berl\u00edn <\/em>o Mary Karr con su<em> El club de los mentirosos <\/em>en 2017\u2026 Este a\u00f1o no pod\u00eda ser menos y lo han hecho con otra obra de Karr.\u00a0<\/p>\n<p class=\"article-text\"><em>La flor <\/em>es el segundo volumen de sus novelas memorialistas, tras<em> El club de los mentirosos<\/em> e <em>Iluminada<\/em>, que corresponden al primer y tercer volumen. Todos libros fant\u00e1sticos publicados mediante este particular formato de coedici\u00f3n y traducidos por Regina L\u00f3pez Mu\u00f1oz. \u00abCada vez son menos los cr\u00edticos que se atreven a menospreciar la impronta literaria de sus relatos\u00bb, escrib\u00eda Berta G\u00f3mez sobre la obra de Mary Karr <a class=\"link\" href=\"https:\/\/www.eldiario.es\/cultura\/libros\/censura-olvido-industria-literaria-cinco-recomendaciones-celebrar-dia-escritoras_1_6297731.html\" target=\"_blank\" rel=\"noopener noreferrer\">en este peri\u00f3dico<\/a>.\u00a0<\/p>\n<h3 class=\"article-text\"><em><strong>Dicen los s\u00edntomas<\/strong><\/em><strong>, de B\u00e1rbara Blasco (Tusquets)<\/strong><\/h3>\n<figure class=\"embed-container embed-container--type-embed \">\n<p><img data-recalc-dims=\"1\" decoding=\"async\" class=\"loading\" src=\"https:\/\/i0.wp.com\/static.eldiario.es\/clip\/bfc528fd-8973-4a46-b244-b5b89b619ef0_source-aspect-ratio_default_0.jpg?w=200&#038;ssl=1\" alt=\"100%\"  align=\"left\" data-title=\"\" data-was-processed=\"true\" \/><\/p>\n<\/figure>\n<p class=\"article-text\">La ganadora del XVI Premio Tusquets Editores de Novela 2020 ha escrito una obra que, sin hablar de la pandemia que hemos vivido, reflexiona ampliamente sobre la fragilidad de los cuerpos, las relaciones afectivas y los lazos familiares. Tal vez por eso, este a\u00f1o, ha conectado tant\u00edsimo con los lectores y lectoras.\u00a0<\/p>\n<p class=\"article-text\">Ambientada mayormente en un hospital, <em>Dicen los s\u00edntomas<\/em> capta muchos de los pensamientos que hemos tenido en 2020, y pone el dedo en la llaga en el eco emocional de los dolores de la carne.\u00a0<\/p>\n<h3 class=\"article-text\"><em><strong>Nuestra parte de noche<\/strong><\/em><strong>, de Mariana Enr\u00edquez (Anagrama)<\/strong><\/h3>\n<figure class=\"embed-container embed-container--type-embed \">\n<p><img data-recalc-dims=\"1\" decoding=\"async\" class=\"loading\" src=\"https:\/\/i0.wp.com\/static.eldiario.es\/clip\/5f74bc33-5f47-45fd-a225-c3d9edee9488_source-aspect-ratio_default_0.jpg?w=200&#038;ssl=1\" alt=\"100%\"  align=\"left\" data-title=\"\" data-was-processed=\"true\" \/><\/p>\n<\/figure>\n<p class=\"article-text\">Otra peque\u00f1a trampa en esta lista. Como ocurre con <em>El infinito en un junco<\/em>, esta novela de Mariana Enr\u00edquez tambi\u00e9n se public\u00f3 a finales de 2019, pero su \u00e9xito ha sido progresivo en 2020 y ha supuesto el descubrimiento de su autora para muchos, cuya obra tambi\u00e9n se puede disfrutar en los maravillosos libros de relatos <a class=\"link\" href=\"https:\/\/www.anagrama-ed.es\/libro\/narrativas-hispanicas\/las-cosas-que-perdimos-en-el-fuego\/9788433998064\/NH_559\" target=\"_blank\" rel=\"noopener noreferrer\"><em>Cosas que perdimos en el fuego<\/em><\/a> y <a class=\"link\" href=\"https:\/\/www.anagrama-ed.es\/libro\/narrativas-hispanicas\/los-peligros-de-fumar-en-la-cama\/9788433998248\/NH_580\" target=\"_blank\" rel=\"noopener noreferrer\"><em>Los peligros de fumar en la cama<\/em><\/a>, todos en Anagrama.\u00a0<\/p>\n<p class=\"article-text\">Con <em>Nuestra parte de noche<\/em> Enr\u00edquez ha dado su do de pecho como narradora y ha generado no solo una aut\u00e9ntica comunidad de fans, tambi\u00e9n <a class=\"link\" href=\"https:\/\/www.eldiario.es\/cultura\/libros\/senoras-dan-miedo-literatura-terror-escrita-mujeres-triunfa-tiempos-convulsos_1_6200475.html\" target=\"_blank\" rel=\"noopener noreferrer\">ha abonado el inter\u00e9s por la literatura de terror escrita por mujeres<\/a>. En tiempos convulsos, y los que vivimos lo son, el terror pasa de ser una v\u00eda de escape a un reflejo de la realidad. Y la obra de Enr\u00edquez no podr\u00eda haber capturado mejor el sentir de 2020.<\/p>\n<\/div>\n<div class=\"first-col\" style=\"text-align: justify;\">\n<div class=\"tags\"><span class=\"tags-title\">Etiquetas<\/span><\/div>\n<\/div>\n<p style=\"text-align: justify;\">\u00a0<\/p>\n<p style=\"text-align: justify;\"><a href=\"https:\/\/www.eldiario.es\/autores\/francesc_miro\/\">F<strong>rancesc Mir\u00f3<\/strong><\/a><\/p>\n<div class=\"second-col\" style=\"text-align: justify;\">\n<figure class=\"ni-figure\"><figcaption class=\"image-footer\"><span class=\"title\">FOTO: Doce libros que han asaltado las estanter\u00edas en 2020 a pesar de la pandemia <span class=\"author\"> David Velasco<\/span> <\/span><\/figcaption><\/figure>\n<\/div>\n<footer class=\"news-info\">\n<div class=\"info-wrapper\">\n<p class=\"authors\" style=\"text-align: justify;\">\u00a0<\/p>\n<\/div>\n<\/footer>\n","protected":false},"excerpt":{"rendered":"<p>Con una crisis sanitaria, un estado de alarma y el cierre de librer\u00edas como tel\u00f3n&#8230;<\/p>\n","protected":false},"author":1,"featured_media":44167,"comment_status":"closed","ping_status":"closed","sticky":false,"template":"","format":"standard","meta":{"_coblocks_attr":"","_coblocks_dimensions":"","_coblocks_responsive_height":"","_coblocks_accordion_ie_support":"","jetpack_post_was_ever_published":false,"_jetpack_newsletter_access":"","_jetpack_dont_email_post_to_subs":false,"_jetpack_newsletter_tier_id":0,"_jetpack_memberships_contains_paywalled_content":false,"_jetpack_memberships_contains_paid_content":false,"footnotes":"","jetpack_publicize_message":"","jetpack_publicize_feature_enabled":true,"jetpack_social_post_already_shared":false,"jetpack_social_options":{"image_generator_settings":{"template":"highway","default_image_id":0,"enabled":false},"version":2}},"categories":[1161,44,6937,15],"tags":[6765,459],"class_list":["post-44166","post","type-post","status-publish","format-standard","has-post-thumbnail","hentry","category-ciudadania","category-noticias-de-hoy","category-sociedad","category-ultimas-noticias","tag-6765","tag-libros"],"jetpack_publicize_connections":[],"jetpack_featured_media_url":"https:\/\/i0.wp.com\/miradordeatarfe.es\/wp-content\/uploads\/2020\/12\/c17bf4fe-1238-4af9-bdbc-c0663a2a618c_16-9-discover-aspect-ratio_default_0.jpg?fit=1200%2C675&ssl=1","jetpack_likes_enabled":true,"jetpack_sharing_enabled":true,"_links":{"self":[{"href":"https:\/\/miradordeatarfe.es\/index.php?rest_route=\/wp\/v2\/posts\/44166","targetHints":{"allow":["GET"]}}],"collection":[{"href":"https:\/\/miradordeatarfe.es\/index.php?rest_route=\/wp\/v2\/posts"}],"about":[{"href":"https:\/\/miradordeatarfe.es\/index.php?rest_route=\/wp\/v2\/types\/post"}],"author":[{"embeddable":true,"href":"https:\/\/miradordeatarfe.es\/index.php?rest_route=\/wp\/v2\/users\/1"}],"replies":[{"embeddable":true,"href":"https:\/\/miradordeatarfe.es\/index.php?rest_route=%2Fwp%2Fv2%2Fcomments&post=44166"}],"version-history":[{"count":1,"href":"https:\/\/miradordeatarfe.es\/index.php?rest_route=\/wp\/v2\/posts\/44166\/revisions"}],"predecessor-version":[{"id":44168,"href":"https:\/\/miradordeatarfe.es\/index.php?rest_route=\/wp\/v2\/posts\/44166\/revisions\/44168"}],"wp:featuredmedia":[{"embeddable":true,"href":"https:\/\/miradordeatarfe.es\/index.php?rest_route=\/wp\/v2\/media\/44167"}],"wp:attachment":[{"href":"https:\/\/miradordeatarfe.es\/index.php?rest_route=%2Fwp%2Fv2%2Fmedia&parent=44166"}],"wp:term":[{"taxonomy":"category","embeddable":true,"href":"https:\/\/miradordeatarfe.es\/index.php?rest_route=%2Fwp%2Fv2%2Fcategories&post=44166"},{"taxonomy":"post_tag","embeddable":true,"href":"https:\/\/miradordeatarfe.es\/index.php?rest_route=%2Fwp%2Fv2%2Ftags&post=44166"}],"curies":[{"name":"wp","href":"https:\/\/api.w.org\/{rel}","templated":true}]}}