{"id":44172,"date":"2020-12-31T08:22:08","date_gmt":"2020-12-31T07:22:08","guid":{"rendered":"http:\/\/miradordeatarfe.es\/?p=44172"},"modified":"2020-12-25T18:25:25","modified_gmt":"2020-12-25T17:25:25","slug":"los-numeros-1-de-los40-en-2020","status":"publish","type":"post","link":"https:\/\/miradordeatarfe.es\/?p=44172","title":{"rendered":"Los N\u00fameros 1 de LOS40 en 2020"},"content":{"rendered":"<h2>La lista musical m\u00e1s importante del pa\u00eds ha sido protagonizada por grandes artistas como Pablo Albor\u00e1n, Dani Mart\u00edn, J Balvin, Maluma, Maroon 5, Dua Lipa o Aitana<\/h2>\n<p>&nbsp;<\/p>\n<p>Este 2020 llega a su fin y, a pesar de haber sido un a\u00f1o tan at\u00edpico, <strong><a href=\"https:\/\/los40.com\/\">LOS40<\/a><\/strong> lo quiere despedir por todo lo alto. Por ello, han juntado en una \u00fanica lista todos los \u00e9xitos que han ocupado en este a\u00f1o la primera posici\u00f3n de la lista musical m\u00e1s importante del pa\u00eds. Una recopilaci\u00f3n que no deja indiferente a nadie protagonizada por los artistas m\u00e1s grandes del panorama musical nacional e internacional como <strong>Pablo Albor\u00e1n, Dani Mart\u00edn, J Balvin, Maluma, Maroon 5, Dua Lipa, Aitana<\/strong> y\u2026\u00a1muchos m\u00e1s!<\/p>\n<p>Para celebrarlo, esta tarde, de 16:00 a 22:00 horas, <strong>Tony Aguilar<\/strong>, <strong>Dani Moreno &#8216;El Gallo&#8217;<\/strong> y <strong>\u00d3scar Mart\u00ednez<\/strong>, presentar\u00e1n un programa especial de <strong><em>Los N\u00fameros 1 de LOS40 2020<\/em><\/strong>, donde repasar\u00e1n no solo los n\u00fameros 1 del a\u00f1o, sino tambi\u00e9n todas aquellas canciones que han marcado un antes y un despu\u00e9s en la lista. Adem\u00e1s, los locutores se encargar\u00e1n de repartir felicidad a todos los oyentes en forma de incre\u00edbles premios que podr\u00e1n ir ganando durante todo el programa.<\/p>\n<section id=\"sumario_1|foto\" class=\"sumario foto center\"><a id=\"sumario_1\"><\/a><\/p>\n<figure>\n<div><img data-recalc-dims=\"1\" loading=\"lazy\" decoding=\"async\" class=\"loaded aligncenter\" title=\"Los N\u00fameros 1 de LOS40 en 2020\" src=\"https:\/\/i0.wp.com\/cadenaser00.epimg.net\/ser\/imagenes\/2020\/12\/22\/cultura\/1608629556_830757_1608636386_sumario_normal.jpg?resize=640%2C5381&#038;ssl=1\" alt=\"Los N\u00fameros 1 de LOS40 en 2020\" width=\"640\" height=\"5381\" data-was-processed=\"true\" \/><\/div><figcaption><\/figcaption><\/figure>\n<\/section>\n","protected":false},"excerpt":{"rendered":"<p>La lista musical m\u00e1s importante del pa\u00eds ha sido protagonizada por grandes artistas como Pablo&#8230;<\/p>\n","protected":false},"author":1,"featured_media":44173,"comment_status":"closed","ping_status":"closed","sticky":false,"template":"","format":"standard","meta":{"_coblocks_attr":"","_coblocks_dimensions":"","_coblocks_responsive_height":"","_coblocks_accordion_ie_support":"","jetpack_post_was_ever_published":false,"_jetpack_newsletter_access":"","_jetpack_dont_email_post_to_subs":false,"_jetpack_newsletter_tier_id":0,"_jetpack_memberships_contains_paywalled_content":false,"_jetpack_memberships_contains_paid_content":false,"footnotes":"","jetpack_publicize_message":"","jetpack_publicize_feature_enabled":true,"jetpack_social_post_already_shared":false,"jetpack_social_options":{"image_generator_settings":{"template":"highway","default_image_id":0,"enabled":false},"version":2}},"categories":[1161,44,6937,15],"tags":[7930,158],"class_list":["post-44172","post","type-post","status-publish","format-standard","has-post-thumbnail","hentry","category-ciudadania","category-noticias-de-hoy","category-sociedad","category-ultimas-noticias","tag-los-40-principales","tag-musica"],"jetpack_publicize_connections":[],"jetpack_featured_media_url":"https:\/\/i0.wp.com\/miradordeatarfe.es\/wp-content\/uploads\/2020\/12\/1608629556_830757_1608630710_noticia_normal_recorte1.jpg?fit=1300%2C731&ssl=1","jetpack_likes_enabled":true,"jetpack_sharing_enabled":true,"_links":{"self":[{"href":"https:\/\/miradordeatarfe.es\/index.php?rest_route=\/wp\/v2\/posts\/44172","targetHints":{"allow":["GET"]}}],"collection":[{"href":"https:\/\/miradordeatarfe.es\/index.php?rest_route=\/wp\/v2\/posts"}],"about":[{"href":"https:\/\/miradordeatarfe.es\/index.php?rest_route=\/wp\/v2\/types\/post"}],"author":[{"embeddable":true,"href":"https:\/\/miradordeatarfe.es\/index.php?rest_route=\/wp\/v2\/users\/1"}],"replies":[{"embeddable":true,"href":"https:\/\/miradordeatarfe.es\/index.php?rest_route=%2Fwp%2Fv2%2Fcomments&post=44172"}],"version-history":[{"count":1,"href":"https:\/\/miradordeatarfe.es\/index.php?rest_route=\/wp\/v2\/posts\/44172\/revisions"}],"predecessor-version":[{"id":44174,"href":"https:\/\/miradordeatarfe.es\/index.php?rest_route=\/wp\/v2\/posts\/44172\/revisions\/44174"}],"wp:featuredmedia":[{"embeddable":true,"href":"https:\/\/miradordeatarfe.es\/index.php?rest_route=\/wp\/v2\/media\/44173"}],"wp:attachment":[{"href":"https:\/\/miradordeatarfe.es\/index.php?rest_route=%2Fwp%2Fv2%2Fmedia&parent=44172"}],"wp:term":[{"taxonomy":"category","embeddable":true,"href":"https:\/\/miradordeatarfe.es\/index.php?rest_route=%2Fwp%2Fv2%2Fcategories&post=44172"},{"taxonomy":"post_tag","embeddable":true,"href":"https:\/\/miradordeatarfe.es\/index.php?rest_route=%2Fwp%2Fv2%2Ftags&post=44172"}],"curies":[{"name":"wp","href":"https:\/\/api.w.org\/{rel}","templated":true}]}}