{"id":44178,"date":"2020-12-29T10:36:38","date_gmt":"2020-12-29T09:36:38","guid":{"rendered":"http:\/\/miradordeatarfe.es\/?p=44178"},"modified":"2020-12-25T18:40:48","modified_gmt":"2020-12-25T17:40:48","slug":"mascarillas-distancia-social-teletrabajo-el-ano-que-cambio-el-mundo","status":"publish","type":"post","link":"https:\/\/miradordeatarfe.es\/?p=44178","title":{"rendered":"Mascarillas, distancia social, teletrabajo: el a\u00f1o que cambi\u00f3 el mundo"},"content":{"rendered":"<div class=\"column small-12 medium-10 xlarge-11 js-responsive-iframes-container\">\n<div class=\"c-article-content  js-article-content article__content\">\n<h3>Es una de las palabras que mejor resume este a\u00f1o 2020: \u00abPandemia\u00bb. Significa literalmente \u00abque afecta a todo el mundo\u00bb. Y es que el coronavirus ha cambiado todos los aspectos de nuestras vidas.<\/h3>\n<p>Sin ir m\u00e1s lejos, nos ha llevado a sorprendentes descubrimientos, como la necesidad general durante el duro confinamiento de tener a mano un producto como el papel higi\u00e9nico, el cu\u00e1l ha sido comprado en grandes cantidades durante estos meses.<\/p>\n<p>Tambi\u00e9n hemos sido realmente conscientes de lo que significa \u00abestar encerrado en casa\u00bb, con las pantallas de televisi\u00f3n, ordenador y m\u00f3vil como \u00fanicos medios de contacto con el exterior. Nuestro hogar se ha convertido en aula de colegio, despacho de trabajo y gimnasio, mientras que las reuniones familiares, sin embargo, se han hecho a trav\u00e9s de videollamada.<\/p>\n<p>En las residencias de ancianos, los m\u00e1s mayores han estado m\u00e1s aislados si cabe, habiendo tenido que soportar largas temporadas sin recibir visita alguna.<\/p>\n<h2>Nuevas tradiciones y atuendos<\/h2>\n<p>Las reuniones sociales se hicieron de ventana a ventana, durante el tradicional aplauso al personal m\u00e9dico que d\u00eda tras d\u00edas hac\u00eda frente, en primera l\u00ednea, a una crisis que paraliz\u00f3 al mundo. Nueva York, uno de los grandes focos de la pandemia, fue durante semanas uno de los principales escenarios de ese agradecimiento ciudadano al personal sanitario.<\/p>\n<p>Las mascarillas pasaron de ser un atuendo reservado solamente para el personal m\u00e9dico a un art\u00edculo de primera necesidad para todos. Y eso que en un primer momento la OMS no vio necesario el llevarlas. Tras varios mensajes contradictorios y a base de estudiar y aprender sobre el coronavirus, hoy nadie sale de casa sin su mascarilla puesta.<\/p>\n<div id=\"adzone-sharethrough_1\" class=\"advertising advertising--no-label advertising--sharethrough js-adzone\" data-ad-key=\"strnativekey\" data-ad-key-value=\"1G96EdRgcHV6pyWWMGCR7SB7\">\u00a0<\/div>\n<p>Y es que a medida que pasa el tiempo vamos sabiendo m\u00e1s sobre el enemigo com\u00fan. C\u00f3mo se propaga, c\u00f3mo combatirlo. La pandemia ha cambiado tambi\u00e9n nuestra forma de saludar: ya no hay dos besos, ni apretones de manos ni abrazos. El choque de codos o a lo sumo de pu\u00f1os se han convertido en el nuevo saludo universal.<\/p>\n<h2>Preocupaci\u00f3n, indignaci\u00f3n y crisis<\/h2>\n<p>Por supuesto, las protestas han sido parte del proceso, y muchos ciudadanos han mostrado su descontento contra el proceder de sus Gobiernos y la falta de informaci\u00f3n. Esc\u00e9pticos, negacionistas, conspiranoicos, extremistas o simplemente ciudadanos preocupados han tomado las calles en numerosas ocasiones pidiendo m\u00e1s libertad, m\u00e1s seguridad o simplemente m\u00e1s informaci\u00f3n.<\/p>\n<p>Restaurantes, cafeter\u00edas, tiendas, hoteles, cines, teatros han tenido que cerrar durante semanas o meses, y muchos negocios no han podido soportar tal decisi\u00f3n y han echado definitivamente el cierre. Otros muchos temen tambi\u00e9n por su supervivencia. En ciudades como Lyon los trabajadores han salido a las calles con un mensaje claro: necesitamos trabajar.<\/p>\n<p>Las ansiadas vacunas, seg\u00fan informan los expertos, ya est\u00e1n por fin a la vuelta de la esquina. El mundo entero espera que en 2021 la famosa \u00abnueva normalidad\u00bb de 2020 pueda convertirse definitivamente en vieja<\/p>\n<\/div>\n<div class=\"c-article-meta\">\n<div class=\"c-article-meta__info\">Por\u00a0<b>Euronews en espa\u00f1ol<\/b><time class=\"c-article-date\" datetime=\"2020-12-23\" data-timestamp=\"1608714143\"><span class=\"c-article-date__bullet\"> \u00a0\u2022<\/span><\/time><\/div>\n<\/div>\n<header class=\"o-article__header\">\n<div class=\"c-article-media-copyright\"><span class=\"c-copyright\"><span class=\"c-copyright__label\">Derechos de autor<\/span>\u00a0 <a class=\"c-copyright__link\" href=\"https:\/\/es.euronews.com\/2020\/12\/23\/mascarillas-distancia-social-teletrabajo-el-ano-que-cambio-el-mundo#\">euronews<\/a><\/span><\/div>\n<\/header>\n<\/div>\n","protected":false},"excerpt":{"rendered":"<p>Es una de las palabras que mejor resume este a\u00f1o 2020: \u00abPandemia\u00bb. Significa literalmente \u00abque&#8230;<\/p>\n","protected":false},"author":1,"featured_media":44179,"comment_status":"closed","ping_status":"closed","sticky":false,"template":"","format":"standard","meta":{"_coblocks_attr":"","_coblocks_dimensions":"","_coblocks_responsive_height":"","_coblocks_accordion_ie_support":"","jetpack_post_was_ever_published":false,"_jetpack_newsletter_access":"","_jetpack_dont_email_post_to_subs":false,"_jetpack_newsletter_tier_id":0,"_jetpack_memberships_contains_paywalled_content":false,"_jetpack_memberships_contains_paid_content":false,"footnotes":"","jetpack_publicize_message":"","jetpack_publicize_feature_enabled":true,"jetpack_social_post_already_shared":false,"jetpack_social_options":{"image_generator_settings":{"template":"highway","default_image_id":0,"enabled":false},"version":2}},"categories":[1161,7149,44,15],"tags":[701,1938,3572,4078],"class_list":["post-44178","post","type-post","status-publish","format-standard","has-post-thumbnail","hentry","category-ciudadania","category-coronavirus","category-noticias-de-hoy","category-ultimas-noticias","tag-crisis","tag-muertes","tag-pandemia","tag-problemas"],"jetpack_publicize_connections":[],"jetpack_featured_media_url":"https:\/\/i0.wp.com\/miradordeatarfe.es\/wp-content\/uploads\/2020\/12\/Screenshot_2020-12-25-2020-el-ano-de-la-nueva-normalidad-.png?fit=798%2C475&ssl=1","jetpack_likes_enabled":true,"jetpack_sharing_enabled":true,"_links":{"self":[{"href":"https:\/\/miradordeatarfe.es\/index.php?rest_route=\/wp\/v2\/posts\/44178","targetHints":{"allow":["GET"]}}],"collection":[{"href":"https:\/\/miradordeatarfe.es\/index.php?rest_route=\/wp\/v2\/posts"}],"about":[{"href":"https:\/\/miradordeatarfe.es\/index.php?rest_route=\/wp\/v2\/types\/post"}],"author":[{"embeddable":true,"href":"https:\/\/miradordeatarfe.es\/index.php?rest_route=\/wp\/v2\/users\/1"}],"replies":[{"embeddable":true,"href":"https:\/\/miradordeatarfe.es\/index.php?rest_route=%2Fwp%2Fv2%2Fcomments&post=44178"}],"version-history":[{"count":1,"href":"https:\/\/miradordeatarfe.es\/index.php?rest_route=\/wp\/v2\/posts\/44178\/revisions"}],"predecessor-version":[{"id":44180,"href":"https:\/\/miradordeatarfe.es\/index.php?rest_route=\/wp\/v2\/posts\/44178\/revisions\/44180"}],"wp:featuredmedia":[{"embeddable":true,"href":"https:\/\/miradordeatarfe.es\/index.php?rest_route=\/wp\/v2\/media\/44179"}],"wp:attachment":[{"href":"https:\/\/miradordeatarfe.es\/index.php?rest_route=%2Fwp%2Fv2%2Fmedia&parent=44178"}],"wp:term":[{"taxonomy":"category","embeddable":true,"href":"https:\/\/miradordeatarfe.es\/index.php?rest_route=%2Fwp%2Fv2%2Fcategories&post=44178"},{"taxonomy":"post_tag","embeddable":true,"href":"https:\/\/miradordeatarfe.es\/index.php?rest_route=%2Fwp%2Fv2%2Ftags&post=44178"}],"curies":[{"name":"wp","href":"https:\/\/api.w.org\/{rel}","templated":true}]}}