{"id":44181,"date":"2020-12-30T09:41:49","date_gmt":"2020-12-30T08:41:49","guid":{"rendered":"http:\/\/miradordeatarfe.es\/?p=44181"},"modified":"2020-12-27T18:04:07","modified_gmt":"2020-12-27T17:04:07","slug":"2020-cronica-de-un-virus","status":"publish","type":"post","link":"https:\/\/miradordeatarfe.es\/?p=44181","title":{"rendered":"2020: Cr\u00f3nica de un virus"},"content":{"rendered":"<div>\u00a0<\/div>\n<div class=\"column small-12 medium-10 xlarge-11 js-responsive-iframes-container\">\n<div class=\"c-article-content  js-article-content article__content\">\n<h3 style=\"text-align: justify;\"><strong>E<\/strong>l nuevo brote de coronavirus comienza en Wuhan en China. El 31 de diciembre de 2019 las autoridades chinas alertan a la OMS de varios casos de neumon\u00eda at\u00edpica. A\u00fan se desconoce el virus.<\/h3>\n<p style=\"text-align: justify;\">Parece haber comenzado en un mercado de animales vivos en Wuhan. El mercado est\u00e1 cerrado y, a medida que aumenta el n\u00famero de casos, China impone un bloqueo m\u00e1s estricto.<\/p>\n<p style=\"text-align: justify;\">Eso no impide que el virus se extienda. En febrero, la pandemia azota B\u00e9rgamo, en el norte de Italia. Los hospitales pronto se ven desbordados, los servicios funerarios y los cementerios est\u00e1n sobrepasados. A principios de marzo, Italia impone un bloqueo en la regi\u00f3n de Lombard\u00eda. Luego lo ampl\u00eda a todo el pa\u00eds. El 11 de marzo la OMS declara pandemia al nuevo virus Covid-19.<\/p>\n<p style=\"text-align: justify;\">A medida que las infecciones aumentan en progresi\u00f3n geom\u00e9trica, Europa se bloquea. La vida se detiene. Las fronteras est\u00e1n cerradas. No hay precedentes. Tiendas, bares restaurantes cines, colegios, est\u00e1n cerrados para frenar la propagaci\u00f3n del virus y evitar el colapso del sistema sanitario. M\u00e1s de 250 millones de personas est\u00e1n confinadas en sus hogares.<\/p>\n<p style=\"text-align: justify;\">Al otro lado del Atl\u00e1ntico, Brasil es uno de los pa\u00edses m\u00e1s afectados. Las familias de las v\u00edctimas y el personal m\u00e9dico se sienten abandonados mientras que el presidente <strong>Jair Bolsonaro<\/strong> subestima la crisis y califica al virus de <em>\u201cpeque\u00f1a gripe\u201d<\/em>.<\/p>\n<p style=\"text-align: justify;\">Su hom\u00f3logo estadounidense, el presidente <strong>Donald Trump<\/strong>, afirma que la Covid 19 desaparecer\u00e1 muy pronto. Los n\u00fameros exponen una historia diferente. Desde principios de abril hay 30.000 nuevas infecciones diarias. Encabeza el n\u00famero de casos en todo el mundo. Hay pocas protecciones para sanitarios y el personal m\u00e9dico va mal equipado para la batalla. Nueva York se convierte en uno de los epicentros de la crisis sanitaria.<\/p>\n<p style=\"text-align: justify;\">En Europa, el primer bloqueo fue eficaz; los pa\u00edses se abren de nuevo pero se insta a respetar el distanciamiento social y a usar mascarillas. Con el aumento de las temperaturas, el miedo al virus retrocede y muchos celebran viajes y vacaciones. Pero el virus no est\u00e1 de vacaciones,<\/p>\n<p style=\"text-align: justify;\">Los contagiosos aumentan. Los l\u00edderes europeos intentan evitar un segundo bloqueo para evitar un desplome econ\u00f3mico. Los toques de queda y las restricciones locales no son suficientes y, nuevamente, muchos pa\u00edses imponen un segundo bloqueo parcial. Las protestas contra las restricciones crecen en todo el continente.<\/p>\n<p style=\"text-align: justify;\">Para diciembre de 2020, casi un mill\u00f3n y medio de personas habr\u00eda muerto en todo el planeta por coronavirus. El n\u00famero de infecciones ha superado los sesenta millones.<\/p>\n<p style=\"text-align: justify;\">Un aumento que solo una vacuna puede detener. Los \u00e9xitos en los ensayos de la vacuna Covid-19 son prometedores, pero llevar\u00e1 tiempo poner fin a la pandemia.<\/p>\n<div class=\"c-article-meta\">\n<div class=\"c-article-meta__info\">Por <a href=\"https:\/\/twitter.com\/euronews\" target=\"_blank\" rel=\"noopener noreferrer\"><b>Euronews<\/b><\/a><time class=\"c-article-date\" datetime=\"2020-12-23\" data-timestamp=\"1608714119\"><span class=\"c-article-date__bullet\"> \u00a0\u2022<\/span><\/time><\/div>\n<\/div>\n<header class=\"o-article__header\">\n<div class=\"c-article-media-copyright\"><span class=\"c-copyright\"><span class=\"c-copyright__label\">Derechos de autor<\/span>\u00a0 <a class=\"c-copyright__link\" href=\"https:\/\/es.euronews.com\/2020\/12\/23\/cronica-de-un-virus#\">euronews<\/a><\/span><\/div>\n<\/header>\n<section class=\"row collapse jsBottomArticle u-overflow-visible u-margin-top-medium-down-2 u-margin-top-large-only-3 u-margin-top-xlarge-4\" data-nid=\"1305774\" data-cid=\"5166960\" data-related=\"2\">\n<div class=\"column u-show-for-medium medium-2 xlarge-1 u-overflow-visible c-aside__social\">\n<div class=\"u-margin-bottom-medium-3 u-position-sticky-80 u-zindex--10\">\n<div class=\"row collapse c-social-share t-social-share--blue js-social-share\">\n<p class=\"column small-12 c-social-share__title\">\u00a0<\/p>\n<\/div>\n<\/div>\n<\/div>\n<\/section>\n<div class=\"column small-12 medium-10 xlarge-11 js-responsive-iframes-container\">\n<div class=\"c-font-size-switcher medium-order-4 u-float-end u-padding-top-0 t-font-size-switcher--blue\">\u00a0<\/div>\n<\/div>\n<\/div>\n<\/div>\n","protected":false},"excerpt":{"rendered":"<p>\u00a0 El nuevo brote de coronavirus comienza en Wuhan en China. El 31 de diciembre&#8230;<\/p>\n","protected":false},"author":1,"featured_media":44182,"comment_status":"closed","ping_status":"closed","sticky":false,"template":"","format":"standard","meta":{"_coblocks_attr":"","_coblocks_dimensions":"","_coblocks_responsive_height":"","_coblocks_accordion_ie_support":"","jetpack_post_was_ever_published":false,"_jetpack_newsletter_access":"","_jetpack_dont_email_post_to_subs":false,"_jetpack_newsletter_tier_id":0,"_jetpack_memberships_contains_paywalled_content":false,"_jetpack_memberships_contains_paid_content":false,"footnotes":"","jetpack_publicize_message":"","jetpack_publicize_feature_enabled":true,"jetpack_social_post_already_shared":false,"jetpack_social_options":{"image_generator_settings":{"template":"highway","default_image_id":0,"enabled":false},"version":2}},"categories":[1161,7149,44,15],"tags":[5185,7931],"class_list":["post-44181","post","type-post","status-publish","format-standard","has-post-thumbnail","hentry","category-ciudadania","category-coronavirus","category-noticias-de-hoy","category-ultimas-noticias","tag-cronica","tag-resumen-pandemia"],"jetpack_publicize_connections":[],"jetpack_featured_media_url":"https:\/\/i0.wp.com\/miradordeatarfe.es\/wp-content\/uploads\/2020\/12\/Screenshot_2020-12-25-Cronica-de-un-virus.png?fit=726%2C429&ssl=1","jetpack_likes_enabled":true,"jetpack_sharing_enabled":true,"_links":{"self":[{"href":"https:\/\/miradordeatarfe.es\/index.php?rest_route=\/wp\/v2\/posts\/44181","targetHints":{"allow":["GET"]}}],"collection":[{"href":"https:\/\/miradordeatarfe.es\/index.php?rest_route=\/wp\/v2\/posts"}],"about":[{"href":"https:\/\/miradordeatarfe.es\/index.php?rest_route=\/wp\/v2\/types\/post"}],"author":[{"embeddable":true,"href":"https:\/\/miradordeatarfe.es\/index.php?rest_route=\/wp\/v2\/users\/1"}],"replies":[{"embeddable":true,"href":"https:\/\/miradordeatarfe.es\/index.php?rest_route=%2Fwp%2Fv2%2Fcomments&post=44181"}],"version-history":[{"count":1,"href":"https:\/\/miradordeatarfe.es\/index.php?rest_route=\/wp\/v2\/posts\/44181\/revisions"}],"predecessor-version":[{"id":44183,"href":"https:\/\/miradordeatarfe.es\/index.php?rest_route=\/wp\/v2\/posts\/44181\/revisions\/44183"}],"wp:featuredmedia":[{"embeddable":true,"href":"https:\/\/miradordeatarfe.es\/index.php?rest_route=\/wp\/v2\/media\/44182"}],"wp:attachment":[{"href":"https:\/\/miradordeatarfe.es\/index.php?rest_route=%2Fwp%2Fv2%2Fmedia&parent=44181"}],"wp:term":[{"taxonomy":"category","embeddable":true,"href":"https:\/\/miradordeatarfe.es\/index.php?rest_route=%2Fwp%2Fv2%2Fcategories&post=44181"},{"taxonomy":"post_tag","embeddable":true,"href":"https:\/\/miradordeatarfe.es\/index.php?rest_route=%2Fwp%2Fv2%2Ftags&post=44181"}],"curies":[{"name":"wp","href":"https:\/\/api.w.org\/{rel}","templated":true}]}}