{"id":44192,"date":"2020-12-28T11:28:40","date_gmt":"2020-12-28T10:28:40","guid":{"rendered":"http:\/\/miradordeatarfe.es\/?p=44192"},"modified":"2020-12-29T21:43:54","modified_gmt":"2020-12-29T20:43:54","slug":"cuando-era-navidad-por-remedios-sanchez","status":"publish","type":"post","link":"https:\/\/miradordeatarfe.es\/?p=44192","title":{"rendered":"\u00abCUANDO ERA NAVIDAD\u00bb por Remedios S\u00e1nchez"},"content":{"rendered":"<h3 style=\"text-align: left;\" align=\"RIGHT\"><span lang=\"es-ES\"> Lo importante era celebrar que esa noche iba a nacer un Ni\u00f1o y ser\u00eda, por fin, navidad<\/span><\/h3>\n<p align=\"JUSTIFY\"><span style=\"font-family: Times New Roman, serif;\"><span style=\"font-size: medium;\"><span lang=\"es-ES\">Diciembre, veinticuatro. Cuando un viento transparente tallaba el aliento en cristal, los mayores llamaban a los ni\u00f1os a la casa. Eran poco m\u00e1s de las seis, pero el sol se hab\u00eda marchado con una rojez que incendiaba horizontes y tocaba recogerse en el hogar donde habita la memoria. Dentro, al saltar el escal\u00f3n de la puerta de madera, chisporroteaban los troncos de olivo en una lumbre que, de tan fuerte, dejaba impregnado el rostro, sonrosado ya a perpetuidad. Andaba la abuela trajinando entre sartenes, discutiendo con su hermana el punto preciso de fritura de las tortillas de leche; ajeno a la disquisici\u00f3n culinaria, el abuelo, sentado en la sala, se preparaba una merienda tard\u00eda de naranjas y aceite con az\u00facar, atento a lo que fuera que dijesen en aquel televisor en blanco y negro, el primero que lleg\u00f3 al barrio y que all\u00ed segu\u00eda, veinte a\u00f1os despu\u00e9s. Cerca, encima de la larga mesa de m\u00e1rmol, dominaba una fuente inmensa de mantecados, alfajores, delicias escogidas por la madre amorosa y cubiertas con un pa\u00f1o almidonado que ol\u00eda a pan, a tiempo detenido y a sorpresa. <\/span><\/span><\/span><\/p>\n<p align=\"JUSTIFY\"><span style=\"font-family: Times New Roman, serif;\"><span style=\"font-size: medium;\"><span lang=\"es-ES\">Luego, en la sala principal donde tocar<\/span><\/span><\/span> <span style=\"font-family: Times New Roman, serif;\"><span style=\"font-size: medium;\"><span lang=\"es-ES\">estaba prohibido (las manos infantiles tienden a romper cosas), estaba desplegado el portal de Bel\u00e9n: la humilde desnudez del Ni\u00f1o al que proteg\u00edan de la crudeza del invierno una mula y un buey de barro, mientras Mar\u00eda y San Jos\u00e9 lo miraban con amor y los pastores se acercaban, diligentes, guiados por la estrella de papel de plata. En otro armario, a\u00fan muy distantes y muy altos, se ve\u00edan tres camellos con tres reyes, pero eso quedaba lejos, a\u00fan muy lejos&#8230; <\/span><\/span><\/span><\/p>\n<p align=\"JUSTIFY\"><span style=\"font-family: Times New Roman, serif;\"><span style=\"font-size: medium;\"><span lang=\"es-ES\">Ahora lo importante era celebrar que esa noche iba a nacer un Ni\u00f1o y ser\u00eda, por fin, navidad. No hab\u00eda que decir m\u00e1s; todos lo sab\u00edan, grandes y peque\u00f1os, estaban en el secreto compartido, porque<\/span><\/span><\/span> <span style=\"font-family: Times New Roman, serif;\"><span style=\"font-size: medium;\"><span lang=\"es-ES\">hasta la t\u00eda-abuela llevaba un mandil diferente, manchado de harina y de raspadura de lim\u00f3n y el padre y el t\u00edo deb\u00edan llegar antes de las faenas del campo. Se hac\u00eda tarde y hab\u00eda que llamarlos, recordaba la abuela. La excusa era perfecta para salir fuera otra vez (entrar\/salir era el juego), saltando entre las ultim\u00edsimas luces que nombraban mandarinas y limoncillos. <\/span><\/span><\/span><\/p>\n<p align=\"JUSTIFY\"><span style=\"font-family: Times New Roman, serif;\"><span style=\"font-size: medium;\"><span lang=\"es-ES\">Resultaba curioso c\u00f3mo brillaba de forma diferente todo cuando se inspeccionaban los bancales desde el puntal y grit\u00e1bamos -el eco ayudaba- los nombres del padre y del t\u00edo con vozarr\u00f3n inmenso. Ellos sub\u00edan presurosos la cuesta: mi t\u00edo tarareando un villancico, mi padre mirando hacia la altura, empujando sendos carrillos de mano con la alfalfa de las caballer\u00edas que eran el sustento de una familia de tratantes de ganado, de limpios agricultores afanados en la tierra y sus desvelos.<\/span><\/span><\/span><\/p>\n<p align=\"JUSTIFY\"><span style=\"font-family: Times New Roman, serif;\"><span style=\"font-size: medium;\"><span lang=\"es-ES\">M\u00e1s tarde, cuando todos rodeaban la mesa sentados en sillas de enea, y la madre hab\u00eda colmado hasta el \u00faltimo mil\u00edmetro de comidas diversas, mientras la abuela refunfu\u00f1aba con su hermana sobre el exceso de sal del jam\u00f3n, estaba claro que llegaba la navidad. Nadie hablaba de regalos, ni del discurso del rey, ni del se\u00f1or vestido de rojo que ahora anda por todas partes. La navidad era familia, miradas del abuelo, la risa inesperada de mi madre, mi \u00faltima trastada cotidiana, las eternas historias de mi padre&#8230; Serena complicidad que no se olvida. Una casa encendida eternizada y aquellos troncos enormes que, aunque ya no existan, a\u00fan arden.<\/span><\/span><\/span><\/p>\n<p align=\"JUSTIFY\">\u00a0<\/p>\n","protected":false},"excerpt":{"rendered":"<p>Lo importante era celebrar que esa noche iba a nacer un Ni\u00f1o y ser\u00eda, por&#8230;<\/p>\n","protected":false},"author":1,"featured_media":44193,"comment_status":"closed","ping_status":"closed","sticky":false,"template":"","format":"standard","meta":{"_coblocks_attr":"","_coblocks_dimensions":"","_coblocks_responsive_height":"","_coblocks_accordion_ie_support":"","jetpack_post_was_ever_published":false,"_jetpack_newsletter_access":"","_jetpack_dont_email_post_to_subs":false,"_jetpack_newsletter_tier_id":0,"_jetpack_memberships_contains_paywalled_content":false,"_jetpack_memberships_contains_paid_content":false,"footnotes":"","jetpack_publicize_message":"","jetpack_publicize_feature_enabled":true,"jetpack_social_post_already_shared":false,"jetpack_social_options":{"image_generator_settings":{"template":"highway","default_image_id":0,"enabled":false},"version":2}},"categories":[1161,44,6914,6937,15],"tags":[848,1826],"class_list":["post-44192","post","type-post","status-publish","format-standard","has-post-thumbnail","hentry","category-ciudadania","category-noticias-de-hoy","category-opinion-de-reme-sanchez","category-sociedad","category-ultimas-noticias","tag-familia","tag-navidad"],"jetpack_publicize_connections":[],"jetpack_featured_media_url":"https:\/\/i0.wp.com\/miradordeatarfe.es\/wp-content\/uploads\/2020\/12\/stephane-juban-1185336-unsplash.jpg?fit=680%2C680&ssl=1","jetpack_likes_enabled":true,"jetpack_sharing_enabled":true,"_links":{"self":[{"href":"https:\/\/miradordeatarfe.es\/index.php?rest_route=\/wp\/v2\/posts\/44192","targetHints":{"allow":["GET"]}}],"collection":[{"href":"https:\/\/miradordeatarfe.es\/index.php?rest_route=\/wp\/v2\/posts"}],"about":[{"href":"https:\/\/miradordeatarfe.es\/index.php?rest_route=\/wp\/v2\/types\/post"}],"author":[{"embeddable":true,"href":"https:\/\/miradordeatarfe.es\/index.php?rest_route=\/wp\/v2\/users\/1"}],"replies":[{"embeddable":true,"href":"https:\/\/miradordeatarfe.es\/index.php?rest_route=%2Fwp%2Fv2%2Fcomments&post=44192"}],"version-history":[{"count":2,"href":"https:\/\/miradordeatarfe.es\/index.php?rest_route=\/wp\/v2\/posts\/44192\/revisions"}],"predecessor-version":[{"id":44195,"href":"https:\/\/miradordeatarfe.es\/index.php?rest_route=\/wp\/v2\/posts\/44192\/revisions\/44195"}],"wp:featuredmedia":[{"embeddable":true,"href":"https:\/\/miradordeatarfe.es\/index.php?rest_route=\/wp\/v2\/media\/44193"}],"wp:attachment":[{"href":"https:\/\/miradordeatarfe.es\/index.php?rest_route=%2Fwp%2Fv2%2Fmedia&parent=44192"}],"wp:term":[{"taxonomy":"category","embeddable":true,"href":"https:\/\/miradordeatarfe.es\/index.php?rest_route=%2Fwp%2Fv2%2Fcategories&post=44192"},{"taxonomy":"post_tag","embeddable":true,"href":"https:\/\/miradordeatarfe.es\/index.php?rest_route=%2Fwp%2Fv2%2Ftags&post=44192"}],"curies":[{"name":"wp","href":"https:\/\/api.w.org\/{rel}","templated":true}]}}