{"id":44196,"date":"2020-12-29T10:46:31","date_gmt":"2020-12-29T09:46:31","guid":{"rendered":"http:\/\/miradordeatarfe.es\/?p=44196"},"modified":"2020-12-26T14:55:54","modified_gmt":"2020-12-26T13:55:54","slug":"parque-de-las-ciencias-talleres-exposiciones-y-visitas-guiadas-de-martes-a-domingos","status":"publish","type":"post","link":"https:\/\/miradordeatarfe.es\/?p=44196","title":{"rendered":"PARQUE DE LAS CIENCIAS: DIFUSI\u00d3N DE LOS OBJETICOS DE DESARROLLO SOSTENIBLE"},"content":{"rendered":"<div>\n<h3><strong>Desde el 23 de diciembre y hasta el 5 de enero<\/strong> organizan una edici\u00f3n especial de la <strong>&#8216;Navidad con ciencia&#8217;,<\/strong><\/h3>\n<div>\n<p style=\"text-align: justify;\">Si se te atragantan las matem\u00e1ticas, piensas que el agua solo hierve cuando est\u00e1 muy caliente, que es imposible hablar en silencio o que el lobo siempre es el malo del cuento\u2026, \u00a1p\u00e1sate esta Navidad por el Parque de las Ciencias y cambiar\u00e1s de opini\u00f3n! <strong>Desde el 23 de diciembre y hasta el 5 de enero<\/strong> organiza una edici\u00f3n especial de la <strong>&#8216;Navidad con ciencia&#8217;,<\/strong> que este a\u00f1o, y con motivo de la celebraci\u00f3n del 25 aniversario del museo, est\u00e1 dedicada a la <strong>difusi\u00f3n y promoci\u00f3n de los Objetivos de Desarrollo Sostenible (ODS)<\/strong> establecidos por la ONU para 2030. La <strong>magia, la ciencia, la tecnolog\u00eda, la m\u00fasica y la salud son protagonistas<\/strong> de los talleres, visitas guiadas, exposiciones y espect\u00e1culos que organizamos para ti de martes a domingos. Adem\u00e1s,<strong> todas las noches iluminamos de verde nuestro edificio para promover el ODS 3 Salud y Bienestar<\/strong>, que est\u00e1 representado por este color.<\/p>\n<p style=\"text-align: justify;\"><strong>Fecha: <\/strong>del 23 de diciembre al 5 de enero<br \/>\n<strong>Reserva: <\/strong>se realizar\u00e1 en el lugar de la actividad 10 minutos antes del inicio.<br \/>\n<strong>Precio:<\/strong> incluido en la entrada al Museo.<br \/>\n<strong>Aforo:<\/strong> 9 personas por actividad (seg\u00fan las directrices sanitarias)<\/p>\n<\/div>\n<\/div>\n","protected":false},"excerpt":{"rendered":"<p>Desde el 23 de diciembre y hasta el 5 de enero organizan una edici\u00f3n especial&#8230;<\/p>\n","protected":false},"author":1,"featured_media":44197,"comment_status":"closed","ping_status":"closed","sticky":false,"template":"","format":"standard","meta":{"_coblocks_attr":"","_coblocks_dimensions":"","_coblocks_responsive_height":"","_coblocks_accordion_ie_support":"","jetpack_post_was_ever_published":false,"_jetpack_newsletter_access":"","_jetpack_dont_email_post_to_subs":false,"_jetpack_newsletter_tier_id":0,"_jetpack_memberships_contains_paywalled_content":false,"_jetpack_memberships_contains_paid_content":false,"footnotes":"","jetpack_publicize_message":"","jetpack_publicize_feature_enabled":true,"jetpack_social_post_already_shared":false,"jetpack_social_options":{"image_generator_settings":{"template":"highway","default_image_id":0,"enabled":false},"version":2}},"categories":[7725,1161,44,15],"tags":[7934,3549,4324],"class_list":["post-44196","post","type-post","status-publish","format-standard","has-post-thumbnail","hentry","category-atarfe-sostenible","category-ciudadania","category-noticias-de-hoy","category-ultimas-noticias","tag-de-las-ciencias","tag-feria","tag-parque-de-la-ciencias"],"jetpack_publicize_connections":[],"jetpack_featured_media_url":"https:\/\/i0.wp.com\/miradordeatarfe.es\/wp-content\/uploads\/2020\/12\/unnamed-4-scaled.jpg?fit=2560%2C1709&ssl=1","jetpack_likes_enabled":true,"jetpack_sharing_enabled":true,"_links":{"self":[{"href":"https:\/\/miradordeatarfe.es\/index.php?rest_route=\/wp\/v2\/posts\/44196","targetHints":{"allow":["GET"]}}],"collection":[{"href":"https:\/\/miradordeatarfe.es\/index.php?rest_route=\/wp\/v2\/posts"}],"about":[{"href":"https:\/\/miradordeatarfe.es\/index.php?rest_route=\/wp\/v2\/types\/post"}],"author":[{"embeddable":true,"href":"https:\/\/miradordeatarfe.es\/index.php?rest_route=\/wp\/v2\/users\/1"}],"replies":[{"embeddable":true,"href":"https:\/\/miradordeatarfe.es\/index.php?rest_route=%2Fwp%2Fv2%2Fcomments&post=44196"}],"version-history":[{"count":3,"href":"https:\/\/miradordeatarfe.es\/index.php?rest_route=\/wp\/v2\/posts\/44196\/revisions"}],"predecessor-version":[{"id":44200,"href":"https:\/\/miradordeatarfe.es\/index.php?rest_route=\/wp\/v2\/posts\/44196\/revisions\/44200"}],"wp:featuredmedia":[{"embeddable":true,"href":"https:\/\/miradordeatarfe.es\/index.php?rest_route=\/wp\/v2\/media\/44197"}],"wp:attachment":[{"href":"https:\/\/miradordeatarfe.es\/index.php?rest_route=%2Fwp%2Fv2%2Fmedia&parent=44196"}],"wp:term":[{"taxonomy":"category","embeddable":true,"href":"https:\/\/miradordeatarfe.es\/index.php?rest_route=%2Fwp%2Fv2%2Fcategories&post=44196"},{"taxonomy":"post_tag","embeddable":true,"href":"https:\/\/miradordeatarfe.es\/index.php?rest_route=%2Fwp%2Fv2%2Ftags&post=44196"}],"curies":[{"name":"wp","href":"https:\/\/api.w.org\/{rel}","templated":true}]}}