{"id":44215,"date":"2020-12-30T08:08:31","date_gmt":"2020-12-30T07:08:31","guid":{"rendered":"http:\/\/miradordeatarfe.es\/?p=44215"},"modified":"2020-12-27T18:13:17","modified_gmt":"2020-12-27T17:13:17","slug":"la-junta-recibe-13-ofertas-para-cada-uno-de-los-proyectos-de-ampliacion-del-metro-de-granada","status":"publish","type":"post","link":"https:\/\/miradordeatarfe.es\/?p=44215","title":{"rendered":"La Junta recibe 13 ofertas para cada uno de los proyectos de ampliaci\u00f3n del Metro de Granada"},"content":{"rendered":"<h3 style=\"text-align: justify;\">Ambas licitaciones de la Consejer\u00eda de Fomento suman 3,7 millones de euros y un plazo de ejecuci\u00f3n de 13 meses<\/h3>\n<div class=\"bloque_big_izda\" style=\"text-align: justify;\">\n<p>La Consejer\u00eda de Fomento, Infraestructuras y Ordenaci\u00f3n del Territorio ha recibido, en la sede de la Agencia de Obra P\u00fablica de la Junta, 13 ofertas para la redacci\u00f3n de cada uno de los proyectos de construcci\u00f3n de las prolongaciones norte y sur del Metro de Granada. Doce de estas 13 propuestas han concurrido a ambos concursos, que suman un presupuesto base de 3,7 millones de euros y un plazo para su elaboraci\u00f3n de 13 meses a partir de la adjudicaci\u00f3n y formalizaci\u00f3n de los contratos. Dentro de estos plazos se incluye la tramitaci\u00f3n de la informaci\u00f3n p\u00fablica y la autorizaci\u00f3n ambiental unificada.<\/p>\n<p>La consejera de Fomento, Infraestructuras y Ordenaci\u00f3n del Territorio, Marifr\u00e1n Carazo, ha destacado la importancia de estas licitaciones y la necesidad de agilizar la ejecuci\u00f3n de estos proyectos para que las prolongaciones del metro puedan acogerse al Fondo de Recuperaci\u00f3n y Resiliencia de la UE, los fondos Next Generation. \u201cLa ampliaci\u00f3n del Metro de Granada encaja en los objetivos de Europa de favorecer la movilidad sostenible y sacar el tr\u00e1fico privado de las circunvalaciones\u201d, ha manifestado la consejera para explicar la aceleraci\u00f3n de\u00a0 la redacci\u00f3n de estos proyectos, que se elaborar\u00e1n en paralelo al estudio informativo.\u00a0<\/p>\n<p>El alcance de la redacci\u00f3n de los proyectos constructivos, que constituyen el documento t\u00e9cnico necesario para la licitaci\u00f3n de la obra, abarca tanto la infraestructura (plataforma), como la superestructura (v\u00eda), urbanizaci\u00f3n, instalaciones y sistemas de electrificaci\u00f3n, comunicaciones y seguridad, adem\u00e1s de la arquitectura de las marquesinas de paradas. Es decir, todas las actuaciones necesarias salvo el suministro del material m\u00f3vil (trenes), que ser\u00e1 objeto de otra licitaci\u00f3n.<\/p>\n<p><strong>En el caso del proyecto para la prolongaci\u00f3n norte, el presupuesto base de licitaci\u00f3n asciende a 1,10 millones de euros y el plazo de ejecuci\u00f3n es de 13 meses, desglosados en tres fase. La primera fase, de tres meses, incluye la redacci\u00f3n del anteproyecto, cuya exposici\u00f3n a informaci\u00f3n p\u00fablica consumir\u00e1 otros dos meses adicionales, complet\u00e1ndose con una tercera y \u00faltima fase, con un plazo de ocho meses, para la redacci\u00f3n del proyecto de construcci\u00f3n, ya adecuado a la resoluci\u00f3n de la informaci\u00f3n p\u00fablica y a la autorizaci\u00f3n ambiental unificada.<\/strong><\/p>\n<p>Por su parte, el proyecto para la prolongaci\u00f3n sur tiene un presupuesto base de licitaci\u00f3n de 2,6 millones de euros, as\u00ed como un plazo para su elaboraci\u00f3n tambi\u00e9n de 13 meses, con id\u00e9nticas fases y alcance que el proyecto para la extensi\u00f3n norte.<\/p>\n<p><strong>La prolongaci\u00f3n norte tiene como origen el municipio de Abolote, que constituye el extremo norte de la l\u00ednea de metro en servicio desde septiembre de 2017, y su trazado se extender\u00e1, como m\u00ednimo, hasta el municipio de Atarfe.<\/strong> La prolongaci\u00f3n sur tiene como origen Armilla, que constituye el extremo sur de la l\u00ednea en explotaci\u00f3n comercial, y se analizar\u00e1n corredores alternativos que incluir\u00e1n municipios como Churriana de la Vega y otras conexiones. Los anteproyectos de ambas extensiones definir\u00e1n el corredor de ambas prolongaciones y sus posibles alternativas o variantes.<\/p>\n<\/div>\n<p style=\"text-align: justify;\">FOTO: Metro de Granada (JUNTA)<\/p>\n<p style=\"text-align: justify;\">https:\/\/www.granadaesnoticia.com\/provincia\/la-junta-recibe-13-ofertas-para-cada-uno-de-los-proyectos-de-ampliacion-del-metro-de-granada<\/p>\n","protected":false},"excerpt":{"rendered":"<p>Ambas licitaciones de la Consejer\u00eda de Fomento suman 3,7 millones de euros y un plazo&#8230;<\/p>\n","protected":false},"author":1,"featured_media":44216,"comment_status":"closed","ping_status":"closed","sticky":false,"template":"","format":"standard","meta":{"_coblocks_attr":"","_coblocks_dimensions":"","_coblocks_responsive_height":"","_coblocks_accordion_ie_support":"","jetpack_post_was_ever_published":false,"_jetpack_newsletter_access":"","_jetpack_dont_email_post_to_subs":false,"_jetpack_newsletter_tier_id":0,"_jetpack_memberships_contains_paywalled_content":false,"_jetpack_memberships_contains_paid_content":false,"footnotes":"","jetpack_publicize_message":"","jetpack_publicize_feature_enabled":true,"jetpack_social_post_already_shared":false,"jetpack_social_options":{"image_generator_settings":{"template":"highway","default_image_id":0,"enabled":false},"version":2}},"categories":[1161,44,6937,6920],"tags":[6769,2136],"class_list":["post-44215","post","type-post","status-publish","format-standard","has-post-thumbnail","hentry","category-ciudadania","category-noticias-de-hoy","category-sociedad","category-tecnologia","tag-licitacion","tag-metro"],"jetpack_publicize_connections":[],"jetpack_featured_media_url":"https:\/\/i0.wp.com\/miradordeatarfe.es\/wp-content\/uploads\/2020\/12\/METRO.jpg?fit=450%2C299&ssl=1","jetpack_likes_enabled":true,"jetpack_sharing_enabled":true,"_links":{"self":[{"href":"https:\/\/miradordeatarfe.es\/index.php?rest_route=\/wp\/v2\/posts\/44215","targetHints":{"allow":["GET"]}}],"collection":[{"href":"https:\/\/miradordeatarfe.es\/index.php?rest_route=\/wp\/v2\/posts"}],"about":[{"href":"https:\/\/miradordeatarfe.es\/index.php?rest_route=\/wp\/v2\/types\/post"}],"author":[{"embeddable":true,"href":"https:\/\/miradordeatarfe.es\/index.php?rest_route=\/wp\/v2\/users\/1"}],"replies":[{"embeddable":true,"href":"https:\/\/miradordeatarfe.es\/index.php?rest_route=%2Fwp%2Fv2%2Fcomments&post=44215"}],"version-history":[{"count":3,"href":"https:\/\/miradordeatarfe.es\/index.php?rest_route=\/wp\/v2\/posts\/44215\/revisions"}],"predecessor-version":[{"id":44219,"href":"https:\/\/miradordeatarfe.es\/index.php?rest_route=\/wp\/v2\/posts\/44215\/revisions\/44219"}],"wp:featuredmedia":[{"embeddable":true,"href":"https:\/\/miradordeatarfe.es\/index.php?rest_route=\/wp\/v2\/media\/44216"}],"wp:attachment":[{"href":"https:\/\/miradordeatarfe.es\/index.php?rest_route=%2Fwp%2Fv2%2Fmedia&parent=44215"}],"wp:term":[{"taxonomy":"category","embeddable":true,"href":"https:\/\/miradordeatarfe.es\/index.php?rest_route=%2Fwp%2Fv2%2Fcategories&post=44215"},{"taxonomy":"post_tag","embeddable":true,"href":"https:\/\/miradordeatarfe.es\/index.php?rest_route=%2Fwp%2Fv2%2Ftags&post=44215"}],"curies":[{"name":"wp","href":"https:\/\/api.w.org\/{rel}","templated":true}]}}