{"id":44457,"date":"2021-01-08T11:14:58","date_gmt":"2021-01-08T10:14:58","guid":{"rendered":"http:\/\/miradordeatarfe.es\/?p=44457"},"modified":"2021-01-07T21:24:07","modified_gmt":"2021-01-07T20:24:07","slug":"ya-ha-pasado-la-navidad-ahora-que-por-maria-serra","status":"publish","type":"post","link":"https:\/\/miradordeatarfe.es\/?p=44457","title":{"rendered":"\u00abYA HA PASADO LA NAVIDAD \u00bfAHORA QU\u00c9?\u00bb por Maria Serra"},"content":{"rendered":"<h3 align=\"JUSTIFY\"><span style=\"font-family: Times New Roman, serif;\"><span style=\"font-size: medium;\">La Navidad siempre es una \u00e9poca del a\u00f1o en la que salen a la luz los mejores momentos en familia; reuniones, regalos, tradiciones\u2026 Llevamos mucho tiempo celebrando estas fechas como algo sagrado, \u00edntimo e indispensable.<\/span><\/span><\/h3>\n<p align=\"JUSTIFY\"><span style=\"font-family: Times New Roman, serif;\"><span style=\"font-size: medium;\"> Pero esta vez deb\u00eda ser diferente. Al menos a ojos del sentido com\u00fan. Al menos pensando en que hay una pandemia mundial que se ha llevado a millones de personas. <\/span><\/span><\/p>\n<p align=\"JUSTIFY\"><span style=\"font-family: Times New Roman, serif;\"><span style=\"font-size: medium;\">A mediados de noviembre la \u2018segunda ola\u2019 empez\u00f3 a desaparecer. Por inercia propia (o inducida). En todos lados. A la misma vez. Sin preguntas, sin quejas ni esc\u00e9pticos. Se acercaba la Navidad. Diciembre. Para nosotros, los ciudadanos, fechas para reunirnos, salir, disfrutar y tomar un respiro. Para ellos, consumismo. Otra oportunidad m\u00e1s con la que alzar a\u00fan m\u00e1s las peque\u00f1as riquezas individuales. Porque claro, los regalos son lo primero. \u00bfQu\u00e9 m\u00e1s da el posible colapso posterior de la sanidad? \u00bfQu\u00e9 m\u00e1s dan los ingresos en la UCI? <\/span><\/span><span style=\"font-family: Times New Roman, serif;\"><span style=\"font-size: medium;\"><i>Pobres aquellos, estos y los otros pero yo quiero mi Navidad.<\/i><\/span><\/span><\/p>\n<p align=\"JUSTIFY\"><span style=\"font-family: Times New Roman, serif;\"><span style=\"font-size: medium;\">Un mes despu\u00e9s de la desescalada anunciada por la Junta de Andaluc\u00eda y solo tres semanas desde que empezase Navidad, los datos ya vuelven a encaminarse a lo m\u00e1s alto de la curva. Seg\u00fan las cifras ofrecidas por la Consejer\u00eda de Salud y Familias, en los dos \u00faltimos d\u00edas Andaluc\u00eda ha registrado m\u00e1s de 5.000 contagios de los cuales m\u00e1s de 600 son de la provincia de Granada, con su peor dato desde noviembre. <\/span><\/span><\/p>\n<p align=\"JUSTIFY\"><span style=\"font-family: Times New Roman, serif;\"><span style=\"font-size: medium;\">Llegados a este punto y con la conciencia de que esto est\u00e1 justo empezando, se abrir\u00e1 el debate en tertulias y redes sociales sobre las causas de estas cifras. Es ir\u00f3nico que siempre se cuestionen las circunstancias cuando es irremediable el resultado. Nunca pensamos en las consecuencias previas que nuestros actos pueden tender. <\/span><\/span><\/p>\n<p align=\"JUSTIFY\"><span style=\"font-family: Times New Roman, serif;\"><span style=\"font-size: medium;\">Algo est\u00e1 claro, no me precipito al afirmar que, de nuevo, la ciudadan\u00eda ha perdido. Hemos perdido, por todas partes y en todas direcciones. Nos hemos fallado a nosotros y a los dem\u00e1s, unos a otros. Pero sin ser suficiente, seguimos dando el poder a nuestros distantes de tener la justificaci\u00f3n perfecta para que sigan manejando las masas. Y esas masas somos nosotros. <\/span><\/span><\/p>\n<p align=\"JUSTIFY\"><span style=\"font-family: Times New Roman, serif;\"><span style=\"font-size: medium;\">Desde marzo se ha escuchado a los espa\u00f1oles criticar la gesti\u00f3n del Gobierno de Espa\u00f1a respecto a la pandemia (entre otras), la falta de recursos y poca responsabilidad que han demostrado. Siempre es f\u00e1cil encontrar problemas en lo ajeno pero lo cierto es que nosotros no hemos demostrado ser mejores que los que est\u00e1n ah\u00ed arriba. El verano fue un ejemplo de lo que no pod\u00edamos normalizar. <\/span><\/span><\/p>\n<p align=\"JUSTIFY\"><span style=\"font-family: Times New Roman, serif;\"><span style=\"font-size: medium;\">Dentro de esa \u2018nueva normalidad\u2019 empezamos a creer que ten\u00edan cabida muchos comportamientos que, en realidad, supon\u00edan un problema para la salud p\u00fablica. Aquella que en la cuarentena defend\u00edamos a muerte. Hoy empiezo a pensar que toda la concienciaci\u00f3n de marzo y abril fue porque no pod\u00edamos hacer otra cosa m\u00e1s que preocuparnos y exigir a los dem\u00e1s un buen ejemplo. Un ejemplo que luego nosotros no hemos sido capaces de dar. <\/span><\/span><\/p>\n<p align=\"JUSTIFY\"><span style=\"font-family: Times New Roman, serif;\"><span style=\"font-size: medium;\">Antes de Navidad se dieron numerosos debates sobre la importancia de celebrar en estas fechas, sobre lo necesario que era tener un respiro con los nuestros y olvidarnos de este mal sue\u00f1o. Ah\u00ed pens\u00e9 que no ser\u00eda una tragedia si, en un a\u00f1o excepcional, nos qued\u00e1bamos en casa; sin celebrar, sin reuniones, sin fiestas ni abrazos. Cre\u00ed, ingenua de m\u00ed, que la verdadera tragedia solo la conoc\u00edan esas personas que hab\u00edan perdido a alguien cercano en estos meses de lucha. Cre\u00ed que la gente razonar\u00eda y entender\u00eda que lo mejor a veces es esperar y celebrar cuando haya motivos por los que hacerlo y cuando sepamos, con certeza, que hemos vencido. Y reunirnos todos; sin sillas vac\u00edas. <\/span><\/span><\/p>\n<p align=\"JUSTIFY\"><span style=\"font-family: Times New Roman, serif;\"><span style=\"font-size: medium;\">Sin embargo, todo esto solo ha sido polvo. Las expectativas nunca se corresponden con la realidad. Los datos ya est\u00e1n traduciendo lo que nosotros mismos hemos buscado. Aunque no ha sido por igual, las actitudes de unos poquitos las pagan todos. Lo que se llama vivir en sociedad y que algunos a\u00fan no comprenden. <\/span><\/span><\/p>\n<p align=\"JUSTIFY\"><span style=\"font-family: Times New Roman, serif;\"><span style=\"font-size: medium;\">Estas palabras salen partiendo de una premisa y una base fundamental: no sirve de nada culpar a aquellos que est\u00e1n por encima de ti. El Gobierno de Espa\u00f1a, las competencias de las Comunidades Aut\u00f3nomas o el Ayuntamiento \u00fanicamente hacen su \u201ctrabajo\u201d. Peor o mejor, est\u00e1n mandados a dictaminar lo que la sociedad espa\u00f1ola no es capaz de hacer: ser responsable. <\/span><\/span><\/p>\n<p align=\"JUSTIFY\"><span style=\"font-family: Times New Roman, serif;\"><span style=\"font-size: medium;\">Si fu\u00e9semos lo suficientemente independientes y sensatos como para manejar nuestros instintos y actos no estar\u00edamos al servicio de unas restricciones que var\u00edan en funci\u00f3n de la rentabilidad econ\u00f3mica de cada \u00e9poca. Si nuestra responsabilidad estuviese por encima del individualismo, entonces tendr\u00edamos todo el derecho del mundo a exigir lo que nosotros ya damos. Pero no es as\u00ed. Quedan muchas asignaturas pendientes; el trabajo de muchos est\u00e1 siendo la diversi\u00f3n de otros tantos. <\/span><\/span><\/p>\n<p align=\"JUSTIFY\"><span style=\"font-family: Times New Roman, serif;\"><span style=\"font-size: medium;\">A pesar de todo y contra lo dem\u00e1s, aquella otra gran parte de Espa\u00f1a que ha sido capaz de vencer con su sensatez tambi\u00e9n merece reconocimiento. Siempre con pasos peque\u00f1os, es necesario despertar y ayudar a los dem\u00e1s a que lo hagan.<\/span><\/span><\/p>\n<p align=\"JUSTIFY\">FOTOGRAFIA : GRANADAHOY POR JESUS JIM\u00c9NEZ<\/p>\n<p align=\"JUSTIFY\">\u00a0<\/p>\n","protected":false},"excerpt":{"rendered":"<p>La Navidad siempre es una \u00e9poca del a\u00f1o en la que salen a la luz&#8230;<\/p>\n","protected":false},"author":1,"featured_media":44460,"comment_status":"closed","ping_status":"closed","sticky":false,"template":"","format":"standard","meta":{"_coblocks_attr":"","_coblocks_dimensions":"","_coblocks_responsive_height":"","_coblocks_accordion_ie_support":"","jetpack_post_was_ever_published":false,"_jetpack_newsletter_access":"","_jetpack_dont_email_post_to_subs":false,"_jetpack_newsletter_tier_id":0,"_jetpack_memberships_contains_paywalled_content":false,"_jetpack_memberships_contains_paid_content":false,"footnotes":"","jetpack_publicize_message":"","jetpack_publicize_feature_enabled":true,"jetpack_social_post_already_shared":false,"jetpack_social_options":{"image_generator_settings":{"template":"highway","default_image_id":0,"enabled":false},"version":2}},"categories":[1161,7149,7244,44,6937,15],"tags":[7317,1826,3572],"class_list":["post-44457","post","type-post","status-publish","format-standard","has-post-thumbnail","hentry","category-ciudadania","category-coronavirus","category-opinion-de-maria-serra","category-noticias-de-hoy","category-sociedad","category-ultimas-noticias","tag-covid19","tag-navidad","tag-pandemia"],"jetpack_publicize_connections":[],"jetpack_featured_media_url":"https:\/\/i0.wp.com\/miradordeatarfe.es\/wp-content\/uploads\/2021\/01\/fotografia-granada-hoy-JESUS-JIMENEZ.jpg?fit=667%2C375&ssl=1","jetpack_likes_enabled":true,"jetpack_sharing_enabled":true,"_links":{"self":[{"href":"https:\/\/miradordeatarfe.es\/index.php?rest_route=\/wp\/v2\/posts\/44457","targetHints":{"allow":["GET"]}}],"collection":[{"href":"https:\/\/miradordeatarfe.es\/index.php?rest_route=\/wp\/v2\/posts"}],"about":[{"href":"https:\/\/miradordeatarfe.es\/index.php?rest_route=\/wp\/v2\/types\/post"}],"author":[{"embeddable":true,"href":"https:\/\/miradordeatarfe.es\/index.php?rest_route=\/wp\/v2\/users\/1"}],"replies":[{"embeddable":true,"href":"https:\/\/miradordeatarfe.es\/index.php?rest_route=%2Fwp%2Fv2%2Fcomments&post=44457"}],"version-history":[{"count":3,"href":"https:\/\/miradordeatarfe.es\/index.php?rest_route=\/wp\/v2\/posts\/44457\/revisions"}],"predecessor-version":[{"id":44462,"href":"https:\/\/miradordeatarfe.es\/index.php?rest_route=\/wp\/v2\/posts\/44457\/revisions\/44462"}],"wp:featuredmedia":[{"embeddable":true,"href":"https:\/\/miradordeatarfe.es\/index.php?rest_route=\/wp\/v2\/media\/44460"}],"wp:attachment":[{"href":"https:\/\/miradordeatarfe.es\/index.php?rest_route=%2Fwp%2Fv2%2Fmedia&parent=44457"}],"wp:term":[{"taxonomy":"category","embeddable":true,"href":"https:\/\/miradordeatarfe.es\/index.php?rest_route=%2Fwp%2Fv2%2Fcategories&post=44457"},{"taxonomy":"post_tag","embeddable":true,"href":"https:\/\/miradordeatarfe.es\/index.php?rest_route=%2Fwp%2Fv2%2Ftags&post=44457"}],"curies":[{"name":"wp","href":"https:\/\/api.w.org\/{rel}","templated":true}]}}