{"id":44697,"date":"2021-01-18T11:50:39","date_gmt":"2021-01-18T10:50:39","guid":{"rendered":"http:\/\/miradordeatarfe.es\/?p=44697"},"modified":"2021-01-28T13:19:03","modified_gmt":"2021-01-28T12:19:03","slug":"luz-y-taquigrafos-por-remedios-sanchez","status":"publish","type":"post","link":"https:\/\/miradordeatarfe.es\/?p=44697","title":{"rendered":"\u00abLUZ Y TAQU\u00cdGRAFOS\u00bb por Remedios S\u00e1nchez"},"content":{"rendered":"<h3 align=\"JUSTIFY\"><span style=\"font-family: Times New Roman, serif;\"><span style=\"font-size: medium;\"><span lang=\"es-ES\">En Espa\u00f1a, empezaba la semana con la afirmaci\u00f3n de que la culpa de la subida de la luz un 30,8% la tiene Filomena.<\/span><\/span><\/span><\/h3>\n<p align=\"JUSTIFY\"><span style=\"font-family: Times New Roman, serif;\"><span style=\"font-size: medium;\"><span lang=\"es-ES\"> No hay nada como una borrasca perfecta que nos agrede a base de bajadas de temperatura y nevadas brutales y que tiene paralizada media pen\u00ednsula para hacerla responsable de todo. A este paso, en pocos d\u00edas, hay algunos opinadores patrios la van a culpar de la muerte de Manolete por aquello de salvar al gobierno actual de la dejaci\u00f3n de funciones en lo que respecta a los especuladores de las el\u00e9ctricas. <\/span><\/span><\/span><\/p>\n<p align=\"JUSTIFY\"><span style=\"font-family: Times New Roman, serif;\"><span style=\"font-size: medium;\"><span lang=\"es-ES\">Sorprende que, los que culpaban al anterior gobierno del PP cuando asum\u00eda barbaridades parecidas, responsabilicen ahora a la tormenta perfecta de que el Gobierno de Espa\u00f1a haya aceptado una subida tan brutal en un momento como \u00e9ste, previo a una recesi\u00f3n econ\u00f3mica evidente hasta para los que somos de letras. Lo cual que aquellos que no estamos ni con el gobierno ni con la oposici\u00f3n sino en ese punto intermedio que es el filo de la navaja barbera -o el lugar preciso d\u00f3nde llegan todas las bofetadas, tanto da- andamos pasmados ante la flexibilidad del argumentario de algunos que viven de lustrarle los zapatos a uno u otro partido. <\/span><\/span><\/span><\/p>\n<p align=\"JUSTIFY\"><span style=\"font-family: Times New Roman, serif;\"><span style=\"font-size: medium;\"><span lang=\"es-ES\">Ser\u00e1 que no han escuchado al vicese\u00f1orito de Moncloa, Pablo Iglesias, se\u00f1alar en una entrevista que llegar al gobierno no es llegar al poder, seguramente para justificar las incongruencias entre su programa electoral y las medidas que est\u00e1n tomando (o no tomando, como es el caso) desde los ministerios que controla. Tal vez pretende el l\u00edder podemita avisarnos de que tienen raz\u00f3n los conspiranoicos y los gobiernos son poco menos que un teatrillo de t\u00edteres rotatorio en manos del IBEX. Sea como fuere, no cuela. Porque ya nadie se cree que un gobierno de centro-izquierda no pueda bajar el IVA de la luz (mam\u00e1 Europa los ha desmentido tambi\u00e9n) ni frenar tampoco los habituales desmanes de las empresas del sector; las mismas compa\u00f1\u00edas -por cierto- que mantienen la zona Norte de Granada con cortes permanentes convirti\u00e9ndonos en un remedo de aldea ugandesa. <\/span><\/span><\/span><\/p>\n<p align=\"JUSTIFY\"><span style=\"font-family: Times New Roman, serif;\"><span style=\"font-size: medium;\"><span lang=\"es-ES\">Especialmente porque cuando ocupaban la bancada de la oposici\u00f3n afirmaban que pod\u00eda hacerse, pero que la derecha no se atrev\u00eda a molestar al capital. Digo yo que eso que val\u00eda para el PP, sirve igual para el PSOE\/Podemos ahora que los espa\u00f1olitos estamos hartos de que jueguen con las cosas de comer. Y por si \u00e9ramos pocos, llega Ione Belarra, Secretaria de Estado de la Agenda 2030, que es como decir la patrona de la aurora boreal, y nos lo explica con un tuit que delata en qu\u00e9 manos estamos: \u201cTe est\u00e1n cobrando la patata a precio de aguacate, y la derecha quiere que hablemos de bajar el IVA a costa de recortarte servicios p\u00fablicos, pero de que el frutero se est\u00e1 forrando estaf\u00e1ndote, ni mu\u201d, afirma sin rubor. Va a resultar que, para estos se\u00f1ores, asaltar los cielos era montar una fruter\u00eda. Luego se han justificado aseverando que el frutero es met\u00e1fora de los oligopolios el\u00e9ctricos, esos mismos a los que no ponen coto ni izquierda ni derecha. Llegados a este punto, va a ser cosa de que todos se dejen de s\u00edmbolos y se concentren en tomar decisiones eficaces que salvaguarden los mermados bolsillos del hastiado ciudadano. Si no, conforme vayan saliendo, que el \u00faltimo apague la luz. <\/span><\/span><\/span><\/p>\n<p align=\"JUSTIFY\">ARTICULO DE OPINI\u00d3N PUBLICADO EN IDEAL<\/p>\n<p align=\"JUSTIFY\">\u00a0<\/p>\n","protected":false},"excerpt":{"rendered":"<p>En Espa\u00f1a, empezaba la semana con la afirmaci\u00f3n de que la culpa de la subida&#8230;<\/p>\n","protected":false},"author":1,"featured_media":44698,"comment_status":"closed","ping_status":"closed","sticky":false,"template":"","format":"standard","meta":{"_coblocks_attr":"","_coblocks_dimensions":"","_coblocks_responsive_height":"","_coblocks_accordion_ie_support":"","jetpack_post_was_ever_published":false,"_jetpack_newsletter_access":"","_jetpack_dont_email_post_to_subs":false,"_jetpack_newsletter_tier_id":0,"_jetpack_memberships_contains_paywalled_content":false,"_jetpack_memberships_contains_paid_content":false,"footnotes":"","jetpack_publicize_message":"","jetpack_publicize_feature_enabled":true,"jetpack_social_post_already_shared":false,"jetpack_social_options":{"image_generator_settings":{"template":"highway","default_image_id":0,"enabled":false},"version":2}},"categories":[44,6914,6937,15],"tags":[7989,587,3474],"class_list":["post-44697","post","type-post","status-publish","format-standard","has-post-thumbnail","hentry","category-noticias-de-hoy","category-opinion-de-reme-sanchez","category-sociedad","category-ultimas-noticias","tag-electricvidad","tag-luz","tag-subida"],"jetpack_publicize_connections":[],"jetpack_featured_media_url":"https:\/\/i0.wp.com\/miradordeatarfe.es\/wp-content\/uploads\/2021\/01\/factura-luz-kaBG-U130183272931IKH-624x385%40El-Correo.jpg?fit=624%2C385&ssl=1","jetpack_likes_enabled":true,"jetpack_sharing_enabled":true,"_links":{"self":[{"href":"https:\/\/miradordeatarfe.es\/index.php?rest_route=\/wp\/v2\/posts\/44697","targetHints":{"allow":["GET"]}}],"collection":[{"href":"https:\/\/miradordeatarfe.es\/index.php?rest_route=\/wp\/v2\/posts"}],"about":[{"href":"https:\/\/miradordeatarfe.es\/index.php?rest_route=\/wp\/v2\/types\/post"}],"author":[{"embeddable":true,"href":"https:\/\/miradordeatarfe.es\/index.php?rest_route=\/wp\/v2\/users\/1"}],"replies":[{"embeddable":true,"href":"https:\/\/miradordeatarfe.es\/index.php?rest_route=%2Fwp%2Fv2%2Fcomments&post=44697"}],"version-history":[{"count":2,"href":"https:\/\/miradordeatarfe.es\/index.php?rest_route=\/wp\/v2\/posts\/44697\/revisions"}],"predecessor-version":[{"id":44717,"href":"https:\/\/miradordeatarfe.es\/index.php?rest_route=\/wp\/v2\/posts\/44697\/revisions\/44717"}],"wp:featuredmedia":[{"embeddable":true,"href":"https:\/\/miradordeatarfe.es\/index.php?rest_route=\/wp\/v2\/media\/44698"}],"wp:attachment":[{"href":"https:\/\/miradordeatarfe.es\/index.php?rest_route=%2Fwp%2Fv2%2Fmedia&parent=44697"}],"wp:term":[{"taxonomy":"category","embeddable":true,"href":"https:\/\/miradordeatarfe.es\/index.php?rest_route=%2Fwp%2Fv2%2Fcategories&post=44697"},{"taxonomy":"post_tag","embeddable":true,"href":"https:\/\/miradordeatarfe.es\/index.php?rest_route=%2Fwp%2Fv2%2Ftags&post=44697"}],"curies":[{"name":"wp","href":"https:\/\/api.w.org\/{rel}","templated":true}]}}