{"id":44713,"date":"2021-01-21T11:17:48","date_gmt":"2021-01-21T10:17:48","guid":{"rendered":"http:\/\/miradordeatarfe.es\/?p=44713"},"modified":"2023-10-21T20:05:25","modified_gmt":"2023-10-21T18:05:25","slug":"atarfe-y-gomez-moreno-por-jose-enrique-granados","status":"publish","type":"post","link":"https:\/\/miradordeatarfe.es\/?p=44713","title":{"rendered":"\u00abATARFE Y GOMEZ MORENO\u00bb por Jos\u00e9 Enrique Granados"},"content":{"rendered":"<div class=\"kvgmc6g5 cxmmr5t8 oygrvhab hcukyx3x c1et5uql ii04i59q\">\n<h3 dir=\"auto\" style=\"text-align: justify;\">El redescubrimiento de Medinat Ilbira est\u00e1 profundamente relacionado con la figura de Manuel G\u00f3mez-Moreno Gonz\u00e1lez.<\/h3>\n<div dir=\"auto\" style=\"text-align: justify;\">Este erudito granadino public\u00f3 en 1888 el libro \u201cMedina Elvira\u201d realizando el mismo algunas excavaciones arqueol\u00f3gicas. En esta obra sistematiza los hallazgos realizados en la desaparecida ciudad durante el siglo XIX, incluyendo reveladoras l\u00e1minas de los objetos m\u00e1s significativos sacados a la luz hasta el momento.<\/div>\n<div dir=\"auto\" style=\"text-align: justify;\">\u00a0<\/div>\n<\/div>\n<div class=\"o9v6fnle cxmmr5t8 oygrvhab hcukyx3x c1et5uql ii04i59q\" style=\"text-align: justify;\">\n<div dir=\"auto\">Texto y fotograf\u00eda extra\u00eddos del cat\u00e1logo de la exposici\u00f3n \u201cMil a\u00f1os de Madinat Ilbira\u201d comisariada por el profesor Malpica Cuello en 2013.<\/div>\n<div dir=\"auto\">Creo sin duda, que el nombre del profesor Manuel G\u00f3mez-Moreno Gonz\u00e1lez, <em>deber\u00eda formar parte del callejero de nuestro municipio<\/em>, nombr\u00e1ndolo adem\u00e1s hijo adoptivo a t\u00edtulo p\u00f3stumo.<\/div>\n<\/div>\n<div class=\"o9v6fnle cxmmr5t8 oygrvhab hcukyx3x c1et5uql ii04i59q\" style=\"text-align: justify;\">\n<div dir=\"auto\">\u00a0<\/div>\n<div dir=\"auto\">Curiosidades elvirenses<\/div>\n<\/div>\n<div dir=\"auto\" style=\"text-align: justify;\"><a href=\"https:\/\/i0.wp.com\/miradordeatarfe.es\/wp-content\/uploads\/2021\/01\/134837661_3701125363306785_5848088177047582922_o.jpg?ssl=1\"><img data-recalc-dims=\"1\" loading=\"lazy\" decoding=\"async\" class=\"wp-image-44714 size-full\" src=\"https:\/\/i0.wp.com\/miradordeatarfe.es\/wp-content\/uploads\/2021\/01\/134837661_3701125363306785_5848088177047582922_o.jpg?resize=508%2C640&#038;ssl=1\" alt=\"\" width=\"508\" height=\"640\" srcset=\"https:\/\/i0.wp.com\/miradordeatarfe.es\/wp-content\/uploads\/2021\/01\/134837661_3701125363306785_5848088177047582922_o.jpg?w=508&amp;ssl=1 508w, https:\/\/i0.wp.com\/miradordeatarfe.es\/wp-content\/uploads\/2021\/01\/134837661_3701125363306785_5848088177047582922_o.jpg?resize=238%2C300&amp;ssl=1 238w\" sizes=\"auto, (max-width: 508px) 100vw, 508px\" \/><\/a>DESDE EL MIRADOR DE ATARFE COMPLETAMOS DICHA PETICI\u00d3N\u00a0 CON ESTA NOTA INFORMATIVA:<\/div>\n<div dir=\"auto\">\u00a0<\/div>\n<div dir=\"auto\">En el curso de unas excavaciones realizadas en 1872, G\u00f3mez-Moreno descubri\u00f3 los primeros restos de Medina Elvira, poblamiento donde autores como M\u00e1rmol Carvajal o Andrea Navagero situaban el origen del Reino de Granada.<\/div>\n<div dir=\"auto\">\u00a0<\/div>\n<div dir=\"auto\">Con este motivo, el ayuntamiento de Atarfe, en cuyo t\u00e9rmino municipal se encuentran los restos de Medina Elvira, excavados recientemente por Malpica Cuello, rindi\u00f3 un homenaje a Manuel G\u00f3mez-Moreno Gonz\u00e1lez en 2014, concedi\u00e9ndole el I Premio Medina Elvira. Anteriormente, <strong>el arque\u00f3logo ya hab\u00eda sido nombrado hijo predilecto de la misma localidad<\/strong><\/div>\n<div dir=\"auto\">\u00a0<\/div>\n<div dir=\"auto\">NOTA :<\/p>\n<p>Todo ayuntamiento de Espa\u00f1a puede conceder a un ciudadano el t\u00edtulo de \u00ab<strong>Hijo Predilecto de la Villa\u00bb<\/strong> (en caso de que el que lo conceda sea un ayuntamiento), y solo puede recaer en quienes, habiendo nacido en el lugar del otorgante del t\u00edtulo, hayan destacado de forma extraordinaria por sus cualidades o m\u00e9ritos personales o servicios prestados en beneficio y honor de la villa y hayan alcanzado consideraci\u00f3n indiscutible en el \u00e1mbito de lo p\u00fablico.<\/p>\n<p>El t\u00edtulo de <strong>hijo adoptivo<\/strong> se otorga en las mismas condiciones a los ciudadanos que no hayan nacido en el municipio, pero destaquen por sus cualidades, m\u00e9ritos personales o servicios prestados.<\/p>\n<\/div>\n","protected":false},"excerpt":{"rendered":"<p>El redescubrimiento de Medinat Ilbira est\u00e1 profundamente relacionado con la figura de Manuel G\u00f3mez-Moreno Gonz\u00e1lez&#8230;.<\/p>\n","protected":false},"author":1,"featured_media":44715,"comment_status":"closed","ping_status":"closed","sticky":false,"template":"","format":"standard","meta":{"_coblocks_attr":"","_coblocks_dimensions":"","_coblocks_responsive_height":"","_coblocks_accordion_ie_support":"","jetpack_post_was_ever_published":false,"_jetpack_newsletter_access":"","_jetpack_dont_email_post_to_subs":false,"_jetpack_newsletter_tier_id":0,"_jetpack_memberships_contains_paywalled_content":false,"_jetpack_memberships_contains_paid_content":false,"footnotes":"","jetpack_publicize_message":"","jetpack_publicize_feature_enabled":true,"jetpack_social_post_already_shared":false,"jetpack_social_options":{"image_generator_settings":{"template":"highway","default_image_id":0,"enabled":false},"version":2}},"categories":[38,5359,10431,6539],"tags":[7992,79],"class_list":["post-44713","post","type-post","status-publish","format-standard","has-post-thumbnail","hentry","category-opinion-de-jose-enrique-granados","category-madinat-ilbira","category-medina-elvira-2","category-personajes-de-ataref","tag-gomez-moreno","tag-medina-elvira"],"jetpack_publicize_connections":[],"jetpack_featured_media_url":"https:\/\/i0.wp.com\/miradordeatarfe.es\/wp-content\/uploads\/2021\/01\/unnamed-1.jpg?fit=480%2C286&ssl=1","jetpack_likes_enabled":true,"jetpack_sharing_enabled":true,"_links":{"self":[{"href":"https:\/\/miradordeatarfe.es\/index.php?rest_route=\/wp\/v2\/posts\/44713","targetHints":{"allow":["GET"]}}],"collection":[{"href":"https:\/\/miradordeatarfe.es\/index.php?rest_route=\/wp\/v2\/posts"}],"about":[{"href":"https:\/\/miradordeatarfe.es\/index.php?rest_route=\/wp\/v2\/types\/post"}],"author":[{"embeddable":true,"href":"https:\/\/miradordeatarfe.es\/index.php?rest_route=\/wp\/v2\/users\/1"}],"replies":[{"embeddable":true,"href":"https:\/\/miradordeatarfe.es\/index.php?rest_route=%2Fwp%2Fv2%2Fcomments&post=44713"}],"version-history":[{"count":1,"href":"https:\/\/miradordeatarfe.es\/index.php?rest_route=\/wp\/v2\/posts\/44713\/revisions"}],"predecessor-version":[{"id":44716,"href":"https:\/\/miradordeatarfe.es\/index.php?rest_route=\/wp\/v2\/posts\/44713\/revisions\/44716"}],"wp:featuredmedia":[{"embeddable":true,"href":"https:\/\/miradordeatarfe.es\/index.php?rest_route=\/wp\/v2\/media\/44715"}],"wp:attachment":[{"href":"https:\/\/miradordeatarfe.es\/index.php?rest_route=%2Fwp%2Fv2%2Fmedia&parent=44713"}],"wp:term":[{"taxonomy":"category","embeddable":true,"href":"https:\/\/miradordeatarfe.es\/index.php?rest_route=%2Fwp%2Fv2%2Fcategories&post=44713"},{"taxonomy":"post_tag","embeddable":true,"href":"https:\/\/miradordeatarfe.es\/index.php?rest_route=%2Fwp%2Fv2%2Ftags&post=44713"}],"curies":[{"name":"wp","href":"https:\/\/api.w.org\/{rel}","templated":true}]}}