{"id":4481,"date":"2015-11-13T06:37:17","date_gmt":"2015-11-13T06:37:17","guid":{"rendered":"http:\/\/miradordeatarfe.es\/?p=4481"},"modified":"2015-11-15T19:29:19","modified_gmt":"2015-11-15T19:29:19","slug":"se-llama-dario-tiene-23-anos-y-suya-es-la-idea-mas-brillante-de-toda-espana","status":"publish","type":"post","link":"https:\/\/miradordeatarfe.es\/?p=4481","title":{"rendered":"Se llama Dar\u00edo, tiene 23 a\u00f1os y suya es la idea m\u00e1s brillante de toda Espa\u00f1a"},"content":{"rendered":"<p style=\"text-align: justify;\">El proyecto de este bi\u00f3logo murciano consiste en <strong>imprimir en 3D \u00f3rganos de pacientes enfermos para que los m\u00e9dicos puedan ensayar esa cirug\u00eda antes de operar.<\/strong> Calcula que empezar\u00e1 a comercializarse antes de que acabe el a\u00f1o.<!--more--><\/p>\n<div class=\"contenedorTextoNoticia textoEditor\">\n<p style=\"text-align: justify;\">Los fabrica con la misma textura y consistencia que el original. Utiliza impresoras 3D, m\u00e1quinas de inyecci\u00f3n, un software aplicado con algoritmos espec\u00edficos y&#8230; un TAC\u00a0o una resonancia magn\u00e9tica. Es el instrumental que <strong>Dar\u00edo Garc\u00eda Calder\u00f3n<\/strong> necesita para reproducir \u00f3rganos, s\u00ed, \u00f3rganos de pacientes enfermos con el objetivo de que los cirujanos que vayan a operarles puedan practicar antes de la intervenci\u00f3n y minimizar as\u00ed los riesgos en operaciones complejas.<\/p>\n<p style=\"text-align: justify;\">Tras graduarse en Biolog\u00eda y cursar un m\u00e1ster en Investigaci\u00f3n Cl\u00ednica y Aplicada en Oncolog\u00eda, este murciano de <strong>23 a\u00f1os\u00a0<\/strong>acaba de recibir el premio a la <strong>idea joven m\u00e1s brillante de Espa\u00f1a<\/strong> en el concurso anual que organiza El Ser Creativo y que patrocina Adecco, dotado con 10.000 euros. Sin embargo, Dar\u00edo huye de la etiqueta brillante: \u00abPara nada, ni mucho menos\u00bb. \u00abS\u00f3lo soy un trabajador que con mucho esfuerzo est\u00e1 intentando sacar adelante su proyecto\u00bb, insiste.<\/p>\n<blockquote><p>La reproducci\u00f3n de \u00f3rganos en 3D podr\u00eda ser especialmente \u00fatil en enfermedades hep\u00e1ticas y cirug\u00edas mamarias<\/p><\/blockquote>\n<p style=\"text-align: justify;\">Asegura que con la tecnolog\u00eda que ha desarrollado es capaz de reproducir cualquier \u00f3rgano. No quiere dar demasiadas pistas pero s\u00ed adelanta que su empresa, Cella Medical Solutions, ya ha conseguido &#8216;calcar&#8217; un h\u00edgado y que el tiempo para conseguirlo oscila entre cuatro y siete d\u00edas. Explica que la <strong>reproducci\u00f3n de \u00f3rganos en 3D<\/strong> podr\u00eda resultar especialmente \u00fatil en <strong>enfermedades hep\u00e1ticas: <\/strong>\u00abPara un cirujano es una intervenci\u00f3n dif\u00edcil porque al ser opaco el h\u00edgado, no ve lo que opera. Los \u00f3rganos que fabricamos en 3D son transparentes precisamente para que se vean por dentro\u00bb.<\/p>\n<p style=\"text-align: justify;\">\u00abNecesitamos el diagn\u00f3stico por imagen del paciente (TAC), un software aplicado nos permite crear un modelo tridimensional del \u00f3rgano y luego con otra serie de maquinaria e instrumental le damos la forma adecuada. Se fabrica con la misma consistencia que el original, para que pueda ser operado y suturado con las herramientas quir\u00fargicas habituales\u00bb, detalla.<\/p>\n<p style=\"text-align: justify;\">Tambi\u00e9n contribuir\u00eda en gran medida en <strong>cirug\u00edas mamarias,<\/strong> \u00abdonde el resultado est\u00e9tico es muy importante a la vez que se cumplen los resultados oncol\u00f3gicos\u00bb, seg\u00fan describe a <em>Vozp\u00f3puli<\/em>. Sin embargo, aclara que no tiene sentido hacer una impresi\u00f3n 3D para quitar unas piedras en la ves\u00edcula: \u00abHablamos de cirug\u00edas donde es muy importante la planificaci\u00f3n quir\u00fargica debido a cualquier tipo de riesgo para el paciente\u00bb.<\/p>\n<p style=\"text-align: justify;\">\u00abNo me considero una persona brillante, s\u00f3lo alguien muy trabajador\u00bb, dice Dar\u00edo Garc\u00eda Calder\u00f3n<\/p>\n<p style=\"text-align: justify;\"><strong>\u00abTotalmente asequible\u00bb<\/strong><\/p>\n<p style=\"text-align: justify;\">Por ahora, todo marcha viento en popa. Afincados en el Instituto Tecnol\u00f3gico de Murcia y en colaboraci\u00f3n con el Departamento de Ingenier\u00eda en Sistemas de Telecomunicaci\u00f3n, asegura que las primeras impresiones han sido \u00abmuy buenas\u00bb. \u00abHa tenido buena aceptaci\u00f3n porque han sido los propios m\u00e9dicos los que nos han hecho llegar esa necesidad. Es un paso m\u00e1s hacia la planificaci\u00f3n quir\u00fargica, que es una etapa cr\u00edtica en cualquier cirug\u00eda y m\u00e1s a\u00fan en una cirug\u00eda oncol\u00f3gica. Tambi\u00e9n contribuye a que esa cirug\u00eda sea m\u00e1s \u00f3ptima y precisa\u00bb, comenta al respecto.<\/p>\n<p style=\"text-align: justify;\">Una vez supere la fase de prototipado y de validaci\u00f3n cient\u00edfica, pasar\u00e1n a comercializarlo. El murciano calcula que <strong>antes de final de a\u00f1o la habr\u00e1n adquirido varios hospitales de Espa\u00f1a<\/strong>. No adelanta costes ni centros, s\u00f3lo que ser\u00e1 \u00abtotalmente asequible para la sanidad p\u00fablica, y por supuesto, para la privada\u00bb. Aunque las pruebas de prototipado s\u00f3lo las ha realizado en centros privados, recalca que su intenci\u00f3n es abordar ambas v\u00edas.<\/p>\n<p style=\"text-align: justify;\">De momento, los 10.000 euros que ha ganado con el premio los va a destinar a continuar con la fase de validaci\u00f3n y a adquirir impresoras. <strong>\u00abNos da un respiro\u00bb,<\/strong> confiesa, a\u00f1adiendo que hasta ahora se financiaban a trav\u00e9s de ahorros propios y de la familia, con la que comparte el reconocimiento. \u00abTambi\u00e9n es una alegr\u00eda para m\u00ed verlos emocionados, eso me da m\u00e1s ganas para trabajar\u00bb, cuenta. Y en ello seguir\u00e1, aunque algunos de sus ratos los dedique a practicar vela y ajedrez, forjando a base de tiempo y esfuerzo la elegida idea m\u00e1s brillante de Espa\u00f1a.<\/p>\n<p><a href=\"http:\/\/vozpopuli.com\/economia-y-finanzas\/70663-se-llama-dario-tiene-23-anos-y-suya-es-la-idea-mas-brillante-de-toda-espana\">http:\/\/vozpopuli.com\/economia-y-finanzas\/70663-se-llama-dario-tiene-23-anos-y-suya-es-la-idea-mas-brillante-de-toda-espana<\/a><\/p>\n<\/div>\n","protected":false},"excerpt":{"rendered":"<p>El proyecto de este bi\u00f3logo murciano consiste en imprimir en 3D \u00f3rganos de pacientes enfermos&#8230;<\/p>\n","protected":false},"author":1,"featured_media":4482,"comment_status":"closed","ping_status":"closed","sticky":false,"template":"","format":"standard","meta":{"_coblocks_attr":"","_coblocks_dimensions":"","_coblocks_responsive_height":"","_coblocks_accordion_ie_support":"","jetpack_post_was_ever_published":false,"_jetpack_newsletter_access":"","_jetpack_dont_email_post_to_subs":false,"_jetpack_newsletter_tier_id":0,"_jetpack_memberships_contains_paywalled_content":false,"_jetpack_memberships_contains_paid_content":false,"footnotes":"","jetpack_publicize_message":"","jetpack_publicize_feature_enabled":true,"jetpack_social_post_already_shared":false,"jetpack_social_options":{"image_generator_settings":{"template":"highway","default_image_id":0,"enabled":false},"version":2}},"categories":[15,10],"tags":[1580,1581,1583,1582],"class_list":["post-4481","post","type-post","status-publish","format-standard","has-post-thumbnail","hentry","category-ultimas-noticias","category-salud","tag-emprendedores","tag-ideas","tag-impresion-3d","tag-murciano"],"jetpack_publicize_connections":[],"jetpack_featured_media_url":"https:\/\/i0.wp.com\/miradordeatarfe.es\/wp-content\/uploads\/2015\/11\/JOVEN.jpg?fit=789%2C408&ssl=1","jetpack_likes_enabled":true,"jetpack_sharing_enabled":true,"_links":{"self":[{"href":"https:\/\/miradordeatarfe.es\/index.php?rest_route=\/wp\/v2\/posts\/4481","targetHints":{"allow":["GET"]}}],"collection":[{"href":"https:\/\/miradordeatarfe.es\/index.php?rest_route=\/wp\/v2\/posts"}],"about":[{"href":"https:\/\/miradordeatarfe.es\/index.php?rest_route=\/wp\/v2\/types\/post"}],"author":[{"embeddable":true,"href":"https:\/\/miradordeatarfe.es\/index.php?rest_route=\/wp\/v2\/users\/1"}],"replies":[{"embeddable":true,"href":"https:\/\/miradordeatarfe.es\/index.php?rest_route=%2Fwp%2Fv2%2Fcomments&post=4481"}],"version-history":[{"count":1,"href":"https:\/\/miradordeatarfe.es\/index.php?rest_route=\/wp\/v2\/posts\/4481\/revisions"}],"predecessor-version":[{"id":4483,"href":"https:\/\/miradordeatarfe.es\/index.php?rest_route=\/wp\/v2\/posts\/4481\/revisions\/4483"}],"wp:featuredmedia":[{"embeddable":true,"href":"https:\/\/miradordeatarfe.es\/index.php?rest_route=\/wp\/v2\/media\/4482"}],"wp:attachment":[{"href":"https:\/\/miradordeatarfe.es\/index.php?rest_route=%2Fwp%2Fv2%2Fmedia&parent=4481"}],"wp:term":[{"taxonomy":"category","embeddable":true,"href":"https:\/\/miradordeatarfe.es\/index.php?rest_route=%2Fwp%2Fv2%2Fcategories&post=4481"},{"taxonomy":"post_tag","embeddable":true,"href":"https:\/\/miradordeatarfe.es\/index.php?rest_route=%2Fwp%2Fv2%2Ftags&post=4481"}],"curies":[{"name":"wp","href":"https:\/\/api.w.org\/{rel}","templated":true}]}}