{"id":44826,"date":"2021-02-05T11:41:28","date_gmt":"2021-02-05T10:41:28","guid":{"rendered":"http:\/\/miradordeatarfe.es\/?p=44826"},"modified":"2021-02-01T16:15:37","modified_gmt":"2021-02-01T15:15:37","slug":"atarfe-historia-de-la-fabrica-de-cemento","status":"publish","type":"post","link":"https:\/\/miradordeatarfe.es\/?p=44826","title":{"rendered":"ATARFE: Historia  de la F\u00e1brica de Cemento"},"content":{"rendered":"<h3>La\u00a0<b>F\u00e1brica Nuestra Se\u00f1ora de los Dolores (La Porla)<\/b>\u00a0en\u00a0<a title=\"Atarfe\" href=\"https:\/\/granadapedia.wikanda.es\/wiki\/Atarfe\">Atarfe<\/a> estaba dedicada a la producci\u00f3n y elaboraci\u00f3n de cemento y cal hidr\u00e1ulica.<\/h3>\n<p>La f\u00e1brica est\u00e1 situada en las proximidades de\u00a0Sierra Elvira, en la localidad granadina de\u00a0Atarfe\u00a0se puede divisar f\u00e1cilmente en la carretera de C\u00f3rdoba a su paso entre las localidades de\u00a0Atarfe\u00a0y\u00a0Pinos Puente.<\/p>\n<p>Fue una de las primeras f\u00e1bricas de este tipo que se construyeron en Andaluc\u00eda, junto con la\u00a0f\u00e1brica de La Ara\u00f1a, en\u00a0M\u00e1laga, de\u00a01918.<\/p>\n<p>Su construcci\u00f3n se inici\u00f3 en\u00a01903\u00a0por Inocencio Romero de la Cruz y en\u00a01923\u00a0empez\u00f3 a comercializar sus productos bajo la marca de Cementos Centauro.<\/p>\n<p>En esta \u00e9poca se produjo un gran auge debido a las infraestructuras impulsadas en los primeros a\u00f1os de la Dictadura de Primo de Rivera (1923-1930).<\/p>\n<p>La f\u00e1brica perteneci\u00f3 a la compa\u00f1\u00eda Cementos Centauro hasta finales de\u00a01968, cuando dicha compa\u00f1\u00eda fue absorbida por Cementos Alba S.A. Al poco tiempo de ser adquirida por Cementos Alba S.A. fue cerrada y desde entonces sus instalaciones permanecen abandonadas, pudi\u00e9ndose apreciar hoy en d\u00eda a\u00fan la estructura principal de hormig\u00f3n de la f\u00e1brica.<\/p>\n<p>&nbsp;<\/p>\n<p>https:\/\/granadapedia.wikanda.es\/wiki\/F%c3%a1brica_de_Cemento_en_Atarfe<\/p>\n<div class=\"thumb tleft\">\n<div class=\"thumbinner\">\n<div id=\"gmfn_canvas0\" class=\"gmfn_canvas\" data-gmfn=\"{&quot;lat&quot;:&quot;37.226091&quot;,&quot;lng&quot;:&quot;-3.708572&quot;,&quot;zoom&quot;:13,&quot;markers&quot;:[{&quot;lat&quot;:37.228468,&quot;lng&quot;:-3.716415,&quot;content&quot;:&quot;\\u003Cp\\u003E\\u003Ca rel=\\&quot;nofollow\\&quot; class=\\&quot;external free\\&quot; href=\\&quot;http:\/\/granadapedia.wikanda.es\/wiki\/F%C\\&quot;\\u003Ehttp:\/\/granadapedia.wikanda.es\/wiki\/F%C\\u003C\/a\\u003E\\n\\u003C\/p\\u003E&quot;}]}\">\n<div class=\"gm-style\">\n<div tabindex=\"0\" role=\"group\" aria-label=\"Map\" aria-roledescription=\"map\">\n<header class=\"single-new-header\">\n<p class=\"single-title\">GRANADA DIGITAL PUBLIC\u00d3\u00a0 POR <span class=\"single-new-author\">Mar\u00eda Jos\u00e9 Ram\u00edrez un art\u00edculo el 31\/10\/19 que titul\u00f3 :<\/span><\/p>\n<h3 class=\"single-title\"><i class=\"far fa-comment\"><\/i>Diez lugares terror\u00edficos en Granada<\/h3>\n<p class=\"single-subtitle\">En dicho art\u00edculo relata\u00a0 varios edificios y distintos puntos de la ciudad granadina y de la provincia en la que han sucedido historias y episodios extra\u00f1o sy uno de ellos era:\u00a0<\/p>\n<\/header>\n<\/div>\n<\/div>\n<\/div>\n<\/div>\n<\/div>\n<h3>La antigua cementera de Atarfe<\/h3>\n<p>El aspecto que presenta la antigua cementera de Atarfe, que se encuentra abandonada desde hace muchos a\u00f1os, tambi\u00e9n es muy tenebroso. Est\u00e1 ubicada en las proximidades de Sierra Elvira y se conserva la estructura principal de hormig\u00f3n de la f\u00e1brica. Muchos de sus muros est\u00e1n repletos de pintadas, los tejados est\u00e1n hundidos, las escaleras han desaparecido y la vegetaci\u00f3n y los escombros ocupan ahora los lugares en los que antes hab\u00eda maquinaria.<\/p>\n<p>Cuando estaba en funcionamiento, era mucho el ruido y el movimiento de trabajadores que hab\u00eda a diario. Desde que se abandon\u00f3, solamente hay silencio y solo acuden por all\u00ed algunos curiosos. Hay quien tambi\u00e9n afirma que all\u00ed suceden fen\u00f3menos extra\u00f1os y que se escuchan gritos y ruidos met\u00e1licos sin explicaci\u00f3n alrededor de la antigua cementera, a las afueras de Atarfe.<\/p>\n<div class=\"tiled-gallery type-rectangular tiled-gallery-unresized\" data-original-width=\"640\" data-carousel-extra='null' itemscope itemtype=\"http:\/\/schema.org\/ImageGallery\" > <div class=\"gallery-row\" style=\"width: 640px; height: 175px;\" data-original-width=\"640\" data-original-height=\"175\" > <div class=\"gallery-group images-1\" style=\"width: 261px; height: 175px;\" data-original-width=\"261\" data-original-height=\"175\" > <div class=\"tiled-gallery-item tiled-gallery-item-large\" itemprop=\"associatedMedia\" itemscope itemtype=\"http:\/\/schema.org\/ImageObject\"> <a href=\"https:\/\/miradordeatarfe.es\/?attachment_id=44827\" border=\"0\" itemprop=\"url\"> <meta itemprop=\"width\" content=\"257\"> <meta itemprop=\"height\" content=\"171\"> <img decoding=\"async\" class=\"\" data-attachment-id=\"44827\" data-orig-file=\"https:\/\/miradordeatarfe.es\/wp-content\/uploads\/2021\/01\/IMG_2657.jpg\" data-orig-size=\"1600,1066\" data-comments-opened=\"\" data-image-meta=\"{&quot;aperture&quot;:&quot;0&quot;,&quot;credit&quot;:&quot;&quot;,&quot;camera&quot;:&quot;&quot;,&quot;caption&quot;:&quot;&quot;,&quot;created_timestamp&quot;:&quot;0&quot;,&quot;copyright&quot;:&quot;&quot;,&quot;focal_length&quot;:&quot;0&quot;,&quot;iso&quot;:&quot;0&quot;,&quot;shutter_speed&quot;:&quot;0&quot;,&quot;title&quot;:&quot;&quot;,&quot;orientation&quot;:&quot;0&quot;}\" data-image-title=\"IMG_2657\" data-image-description=\"\" data-medium-file=\"https:\/\/i0.wp.com\/miradordeatarfe.es\/wp-content\/uploads\/2021\/01\/IMG_2657.jpg?fit=300%2C200&#038;ssl=1\" data-large-file=\"https:\/\/i0.wp.com\/miradordeatarfe.es\/wp-content\/uploads\/2021\/01\/IMG_2657.jpg?fit=640%2C426&#038;ssl=1\" src=\"https:\/\/i0.wp.com\/miradordeatarfe.es\/wp-content\/uploads\/2021\/01\/IMG_2657.jpg?w=257&#038;h=171&#038;ssl=1\" srcset=\"https:\/\/i0.wp.com\/miradordeatarfe.es\/wp-content\/uploads\/2021\/01\/IMG_2657.jpg?w=1600&amp;ssl=1 1600w, https:\/\/i0.wp.com\/miradordeatarfe.es\/wp-content\/uploads\/2021\/01\/IMG_2657.jpg?resize=300%2C200&amp;ssl=1 300w, https:\/\/i0.wp.com\/miradordeatarfe.es\/wp-content\/uploads\/2021\/01\/IMG_2657.jpg?resize=1024%2C682&amp;ssl=1 1024w, https:\/\/i0.wp.com\/miradordeatarfe.es\/wp-content\/uploads\/2021\/01\/IMG_2657.jpg?resize=768%2C512&amp;ssl=1 768w, https:\/\/i0.wp.com\/miradordeatarfe.es\/wp-content\/uploads\/2021\/01\/IMG_2657.jpg?resize=1536%2C1023&amp;ssl=1 1536w, https:\/\/i0.wp.com\/miradordeatarfe.es\/wp-content\/uploads\/2021\/01\/IMG_2657.jpg?resize=1320%2C879&amp;ssl=1 1320w\" width=\"257\" height=\"171\" loading=\"lazy\" data-original-width=\"257\" data-original-height=\"171\" itemprop=\"http:\/\/schema.org\/image\" title=\"IMG_2657\" alt=\"IMG_2657\" style=\"width: 257px; height: 171px;\" \/> <\/a> <\/div> <\/div> <!-- close group --> <div class=\"gallery-group images-1\" style=\"width: 118px; height: 175px;\" data-original-width=\"118\" data-original-height=\"175\" > <div class=\"tiled-gallery-item tiled-gallery-item-small\" itemprop=\"associatedMedia\" itemscope itemtype=\"http:\/\/schema.org\/ImageObject\"> <a href=\"https:\/\/miradordeatarfe.es\/?attachment_id=44828\" border=\"0\" itemprop=\"url\"> <meta itemprop=\"width\" content=\"114\"> <meta itemprop=\"height\" content=\"171\"> <img decoding=\"async\" class=\"\" data-attachment-id=\"44828\" data-orig-file=\"https:\/\/miradordeatarfe.es\/wp-content\/uploads\/2021\/01\/IMG_2658.jpg\" data-orig-size=\"1066,1600\" data-comments-opened=\"\" data-image-meta=\"{&quot;aperture&quot;:&quot;0&quot;,&quot;credit&quot;:&quot;&quot;,&quot;camera&quot;:&quot;&quot;,&quot;caption&quot;:&quot;&quot;,&quot;created_timestamp&quot;:&quot;0&quot;,&quot;copyright&quot;:&quot;&quot;,&quot;focal_length&quot;:&quot;0&quot;,&quot;iso&quot;:&quot;0&quot;,&quot;shutter_speed&quot;:&quot;0&quot;,&quot;title&quot;:&quot;&quot;,&quot;orientation&quot;:&quot;0&quot;}\" data-image-title=\"IMG_2658\" data-image-description=\"\" data-medium-file=\"https:\/\/i0.wp.com\/miradordeatarfe.es\/wp-content\/uploads\/2021\/01\/IMG_2658.jpg?fit=200%2C300&#038;ssl=1\" data-large-file=\"https:\/\/i0.wp.com\/miradordeatarfe.es\/wp-content\/uploads\/2021\/01\/IMG_2658.jpg?fit=640%2C961&#038;ssl=1\" src=\"https:\/\/i0.wp.com\/miradordeatarfe.es\/wp-content\/uploads\/2021\/01\/IMG_2658.jpg?w=114&#038;h=171&#038;ssl=1\" srcset=\"https:\/\/i0.wp.com\/miradordeatarfe.es\/wp-content\/uploads\/2021\/01\/IMG_2658.jpg?w=1066&amp;ssl=1 1066w, https:\/\/i0.wp.com\/miradordeatarfe.es\/wp-content\/uploads\/2021\/01\/IMG_2658.jpg?resize=200%2C300&amp;ssl=1 200w, https:\/\/i0.wp.com\/miradordeatarfe.es\/wp-content\/uploads\/2021\/01\/IMG_2658.jpg?resize=682%2C1024&amp;ssl=1 682w, https:\/\/i0.wp.com\/miradordeatarfe.es\/wp-content\/uploads\/2021\/01\/IMG_2658.jpg?resize=768%2C1153&amp;ssl=1 768w, https:\/\/i0.wp.com\/miradordeatarfe.es\/wp-content\/uploads\/2021\/01\/IMG_2658.jpg?resize=1023%2C1536&amp;ssl=1 1023w\" width=\"114\" height=\"171\" loading=\"lazy\" data-original-width=\"114\" data-original-height=\"171\" itemprop=\"http:\/\/schema.org\/image\" title=\"IMG_2658\" alt=\"IMG_2658\" style=\"width: 114px; height: 171px;\" \/> <\/a> <\/div> <\/div> <!-- close group --> <div class=\"gallery-group images-1\" style=\"width: 261px; height: 175px;\" data-original-width=\"261\" data-original-height=\"175\" > <div class=\"tiled-gallery-item tiled-gallery-item-large\" itemprop=\"associatedMedia\" itemscope itemtype=\"http:\/\/schema.org\/ImageObject\"> <a href=\"https:\/\/miradordeatarfe.es\/?attachment_id=44830\" border=\"0\" itemprop=\"url\"> <meta itemprop=\"width\" content=\"257\"> <meta itemprop=\"height\" content=\"171\"> <img decoding=\"async\" class=\"\" data-attachment-id=\"44830\" data-orig-file=\"https:\/\/miradordeatarfe.es\/wp-content\/uploads\/2021\/01\/IMG_2687.jpg\" data-orig-size=\"1600,1066\" data-comments-opened=\"\" data-image-meta=\"{&quot;aperture&quot;:&quot;0&quot;,&quot;credit&quot;:&quot;&quot;,&quot;camera&quot;:&quot;&quot;,&quot;caption&quot;:&quot;&quot;,&quot;created_timestamp&quot;:&quot;0&quot;,&quot;copyright&quot;:&quot;&quot;,&quot;focal_length&quot;:&quot;0&quot;,&quot;iso&quot;:&quot;0&quot;,&quot;shutter_speed&quot;:&quot;0&quot;,&quot;title&quot;:&quot;&quot;,&quot;orientation&quot;:&quot;0&quot;}\" data-image-title=\"IMG_2687\" data-image-description=\"\" data-medium-file=\"https:\/\/i0.wp.com\/miradordeatarfe.es\/wp-content\/uploads\/2021\/01\/IMG_2687.jpg?fit=300%2C200&#038;ssl=1\" data-large-file=\"https:\/\/i0.wp.com\/miradordeatarfe.es\/wp-content\/uploads\/2021\/01\/IMG_2687.jpg?fit=640%2C426&#038;ssl=1\" src=\"https:\/\/i0.wp.com\/miradordeatarfe.es\/wp-content\/uploads\/2021\/01\/IMG_2687.jpg?w=257&#038;h=171&#038;ssl=1\" srcset=\"https:\/\/i0.wp.com\/miradordeatarfe.es\/wp-content\/uploads\/2021\/01\/IMG_2687.jpg?w=1600&amp;ssl=1 1600w, https:\/\/i0.wp.com\/miradordeatarfe.es\/wp-content\/uploads\/2021\/01\/IMG_2687.jpg?resize=300%2C200&amp;ssl=1 300w, https:\/\/i0.wp.com\/miradordeatarfe.es\/wp-content\/uploads\/2021\/01\/IMG_2687.jpg?resize=1024%2C682&amp;ssl=1 1024w, https:\/\/i0.wp.com\/miradordeatarfe.es\/wp-content\/uploads\/2021\/01\/IMG_2687.jpg?resize=768%2C512&amp;ssl=1 768w, https:\/\/i0.wp.com\/miradordeatarfe.es\/wp-content\/uploads\/2021\/01\/IMG_2687.jpg?resize=1536%2C1023&amp;ssl=1 1536w, https:\/\/i0.wp.com\/miradordeatarfe.es\/wp-content\/uploads\/2021\/01\/IMG_2687.jpg?resize=1320%2C879&amp;ssl=1 1320w\" width=\"257\" height=\"171\" loading=\"lazy\" data-original-width=\"257\" data-original-height=\"171\" itemprop=\"http:\/\/schema.org\/image\" title=\"IMG_2687\" alt=\"IMG_2687\" style=\"width: 257px; height: 171px;\" \/> <\/a> <\/div> <\/div> <!-- close group --> <\/div> <!-- close row --> <\/div>\n","protected":false},"excerpt":{"rendered":"<p>La\u00a0F\u00e1brica Nuestra Se\u00f1ora de los Dolores (La Porla)\u00a0en\u00a0Atarfe estaba dedicada a la producci\u00f3n y elaboraci\u00f3n&#8230;<\/p>\n","protected":false},"author":1,"featured_media":44829,"comment_status":"closed","ping_status":"closed","sticky":false,"template":"","format":"standard","meta":{"_coblocks_attr":"","_coblocks_dimensions":"","_coblocks_responsive_height":"","_coblocks_accordion_ie_support":"","jetpack_post_was_ever_published":false,"_jetpack_newsletter_access":"","_jetpack_dont_email_post_to_subs":false,"_jetpack_newsletter_tier_id":0,"_jetpack_memberships_contains_paywalled_content":false,"_jetpack_memberships_contains_paid_content":false,"footnotes":"","jetpack_publicize_message":"","jetpack_publicize_feature_enabled":true,"jetpack_social_post_already_shared":false,"jetpack_social_options":{"image_generator_settings":{"template":"highway","default_image_id":0,"enabled":false},"version":2}},"categories":[2,1225,44,15],"tags":[81,2259,1125,2612],"class_list":["post-44826","post","type-post","status-publish","format-standard","has-post-thumbnail","hentry","category-atarfe","category-ha-de-atarfe","category-noticias-de-hoy","category-ultimas-noticias","tag-atarfe","tag-cementera","tag-historia","tag-historia-de-atarfe"],"jetpack_publicize_connections":[],"jetpack_featured_media_url":"https:\/\/i0.wp.com\/miradordeatarfe.es\/wp-content\/uploads\/2021\/01\/IMG_2673.jpg?fit=1600%2C1066&ssl=1","jetpack_likes_enabled":true,"jetpack_sharing_enabled":true,"_links":{"self":[{"href":"https:\/\/miradordeatarfe.es\/index.php?rest_route=\/wp\/v2\/posts\/44826","targetHints":{"allow":["GET"]}}],"collection":[{"href":"https:\/\/miradordeatarfe.es\/index.php?rest_route=\/wp\/v2\/posts"}],"about":[{"href":"https:\/\/miradordeatarfe.es\/index.php?rest_route=\/wp\/v2\/types\/post"}],"author":[{"embeddable":true,"href":"https:\/\/miradordeatarfe.es\/index.php?rest_route=\/wp\/v2\/users\/1"}],"replies":[{"embeddable":true,"href":"https:\/\/miradordeatarfe.es\/index.php?rest_route=%2Fwp%2Fv2%2Fcomments&post=44826"}],"version-history":[{"count":4,"href":"https:\/\/miradordeatarfe.es\/index.php?rest_route=\/wp\/v2\/posts\/44826\/revisions"}],"predecessor-version":[{"id":44843,"href":"https:\/\/miradordeatarfe.es\/index.php?rest_route=\/wp\/v2\/posts\/44826\/revisions\/44843"}],"wp:featuredmedia":[{"embeddable":true,"href":"https:\/\/miradordeatarfe.es\/index.php?rest_route=\/wp\/v2\/media\/44829"}],"wp:attachment":[{"href":"https:\/\/miradordeatarfe.es\/index.php?rest_route=%2Fwp%2Fv2%2Fmedia&parent=44826"}],"wp:term":[{"taxonomy":"category","embeddable":true,"href":"https:\/\/miradordeatarfe.es\/index.php?rest_route=%2Fwp%2Fv2%2Fcategories&post=44826"},{"taxonomy":"post_tag","embeddable":true,"href":"https:\/\/miradordeatarfe.es\/index.php?rest_route=%2Fwp%2Fv2%2Ftags&post=44826"}],"curies":[{"name":"wp","href":"https:\/\/api.w.org\/{rel}","templated":true}]}}