{"id":44875,"date":"2021-01-30T08:32:07","date_gmt":"2021-01-30T07:32:07","guid":{"rendered":"http:\/\/miradordeatarfe.es\/?p=44875"},"modified":"2021-01-24T18:38:26","modified_gmt":"2021-01-24T17:38:26","slug":"la-nueva-senalizacion-que-la-dgt-esta-instalando-en-las-carreteras-espanolas","status":"publish","type":"post","link":"https:\/\/miradordeatarfe.es\/?p=44875","title":{"rendered":"La nueva se\u00f1alizaci\u00f3n que la DGT est\u00e1 instalando en las carreteras espa\u00f1olas"},"content":{"rendered":"<div class=\"voc-detail-header\">\n<h3 style=\"text-align: justify;\">Tr\u00e1fico quiere, con estas novedades, hacer m\u00e1s seguros los adelantamientos en carreteras viales<\/h3>\n<div class=\"voc-author-timesocial\" style=\"text-align: justify;\">\n<div class=\"voc-author-social\">\u00a0<\/div>\n<\/div>\n<\/div>\n<p style=\"text-align: justify;\">La\u00a0<strong>Direcci\u00f3n General de Tr\u00e1fico\u00a0<\/strong>(DGT) est\u00e1 empezando a desplegar por las carreteras espa\u00f1olas unas marcas nuevas que pretenden<a href=\"https:\/\/www.ideal.es\/sociedad\/seis-cambios-implantara-dgt-2021-multas-20210117123557-nt.html\" data-voc-vtm-id=\"in-text-traffic\">\u00a0mejorar la seguridad de los adelantamientos<\/a>\u00a0en carreteras convencionales. Se trata de una n<strong>ueva se\u00f1alizaci\u00f3n que sirve para establecer nuevos escenarios de conducci\u00f3n<\/strong>. Pero para asegurarse de que los conductores las aceptan, han pedido a estos que opinen sobre las mismas.<\/p>\n<p style=\"text-align: justify;\">Las nuevas marcas consisten en flechas de retorno que sirvan para indicar situaciones en las que\u00a0<strong>un tramo en el que se puede adelantar en una carretera convencional est\u00e1 a punto de acabar<\/strong>. Sin embargo, se trata de marcas viales que no se pon\u00edan hasta la fecha ya que no se consideraba necesario en los dos casos que contempla ahora la DGT. Por un lado,\u00a0<strong>se est\u00e1n situando en tramos en los que el sentido circulaci\u00f3n contrario tiene prohibido el adelantamiento<\/strong>. Al existir marca vial longitudinal continua y discontinua adosadas, la flecha debe disponerse desplazada respecto del eje de la calzada.<\/p>\n<div class=\"voc-grouper-related\" style=\"text-align: justify;\">\n<div class=\"voc-article-container\">\n<article class=\"voc-article voc-article--related--grouper voc-home-tit-st voc-article--photo-right voc-article--bdr-top\">\n<div class=\"voc-info-container\">\u00a0<\/div>\n<\/article>\n<\/div>\n<\/div>\n<p style=\"text-align: justify;\">Por otro, estas nuevas se\u00f1ales del asfalto se colocan en\u00a0<strong>tramos en los que conviven flechas de retorno dirigidas a ambos sentidos de circulaci\u00f3n<\/strong>. Como recuerdan desde Tr\u00e1fico, este tipo de se\u00f1ales ya exist\u00edan con anterioridad. Lo que cambia ahora es c\u00f3mo se sit\u00faan sobre el asfalto y c\u00f3mo las valoran los conductores.<\/p>\n<p style=\"text-align: justify;\">Las se\u00f1ales est\u00e1n siendo instaladas en carreteras convencionales de Burgos, Guadalajara y Segovia.\u00a0<strong>Para ver si los conductores est\u00e1n de acuerdo, la DGT pide a los ciudadanos que opinen sobre ellas en mitma.es\/opina<\/strong>. Desde Tr\u00e1fico insisten en que estas se\u00f1ales se disponen \u00abcuando se aproxima a un tramo en el que est\u00e1 prohibido el adelantamiento, por lo que debe desistir de iniciar una maniobra de adelantamiento o, en caso de que ya est\u00e9 ejecutando dicha maniobra, tratar de finalizarla cuanto antes, en condiciones de seguridad\u00bb.<\/p>\n<p style=\"text-align: justify;\"><strong><a class=\"voc-author\" title=\"\u00c1LVARO L\u00d3PEZ\">\u00c1LVARO L\u00d3PEZ<\/a><\/strong><\/p>\n<p style=\"text-align: justify;\">https:\/\/www.ideal.es\/sociedad\/nueva-senalizacion-instalando-dgt-carreteras-espanolas-20210121121007-nt.html<\/p>\n","protected":false},"excerpt":{"rendered":"<p>Tr\u00e1fico quiere, con estas novedades, hacer m\u00e1s seguros los adelantamientos en carreteras viales \u00a0 La\u00a0Direcci\u00f3n&#8230;<\/p>\n","protected":false},"author":1,"featured_media":44876,"comment_status":"closed","ping_status":"closed","sticky":false,"template":"","format":"standard","meta":{"_coblocks_attr":"","_coblocks_dimensions":"","_coblocks_responsive_height":"","_coblocks_accordion_ie_support":"","jetpack_post_was_ever_published":false,"_jetpack_newsletter_access":"","_jetpack_dont_email_post_to_subs":false,"_jetpack_newsletter_tier_id":0,"_jetpack_memberships_contains_paywalled_content":false,"_jetpack_memberships_contains_paid_content":false,"footnotes":"","jetpack_publicize_message":"","jetpack_publicize_feature_enabled":true,"jetpack_social_post_already_shared":false,"jetpack_social_options":{"image_generator_settings":{"template":"highway","default_image_id":0,"enabled":false},"version":2}},"categories":[44,6937,15],"tags":[71,387],"class_list":["post-44875","post","type-post","status-publish","format-standard","has-post-thumbnail","hentry","category-noticias-de-hoy","category-sociedad","category-ultimas-noticias","tag-carreteras","tag-novedades"],"jetpack_publicize_connections":[],"jetpack_featured_media_url":"https:\/\/i0.wp.com\/miradordeatarfe.es\/wp-content\/uploads\/2021\/01\/dgt_senalies-carreteras-k12G-U130286044837D2F-624x385%40Ideal.jpg?fit=624%2C385&ssl=1","jetpack_likes_enabled":true,"jetpack_sharing_enabled":true,"_links":{"self":[{"href":"https:\/\/miradordeatarfe.es\/index.php?rest_route=\/wp\/v2\/posts\/44875","targetHints":{"allow":["GET"]}}],"collection":[{"href":"https:\/\/miradordeatarfe.es\/index.php?rest_route=\/wp\/v2\/posts"}],"about":[{"href":"https:\/\/miradordeatarfe.es\/index.php?rest_route=\/wp\/v2\/types\/post"}],"author":[{"embeddable":true,"href":"https:\/\/miradordeatarfe.es\/index.php?rest_route=\/wp\/v2\/users\/1"}],"replies":[{"embeddable":true,"href":"https:\/\/miradordeatarfe.es\/index.php?rest_route=%2Fwp%2Fv2%2Fcomments&post=44875"}],"version-history":[{"count":2,"href":"https:\/\/miradordeatarfe.es\/index.php?rest_route=\/wp\/v2\/posts\/44875\/revisions"}],"predecessor-version":[{"id":44878,"href":"https:\/\/miradordeatarfe.es\/index.php?rest_route=\/wp\/v2\/posts\/44875\/revisions\/44878"}],"wp:featuredmedia":[{"embeddable":true,"href":"https:\/\/miradordeatarfe.es\/index.php?rest_route=\/wp\/v2\/media\/44876"}],"wp:attachment":[{"href":"https:\/\/miradordeatarfe.es\/index.php?rest_route=%2Fwp%2Fv2%2Fmedia&parent=44875"}],"wp:term":[{"taxonomy":"category","embeddable":true,"href":"https:\/\/miradordeatarfe.es\/index.php?rest_route=%2Fwp%2Fv2%2Fcategories&post=44875"},{"taxonomy":"post_tag","embeddable":true,"href":"https:\/\/miradordeatarfe.es\/index.php?rest_route=%2Fwp%2Fv2%2Ftags&post=44875"}],"curies":[{"name":"wp","href":"https:\/\/api.w.org\/{rel}","templated":true}]}}