{"id":44895,"date":"2021-02-02T08:57:29","date_gmt":"2021-02-02T07:57:29","guid":{"rendered":"http:\/\/miradordeatarfe.es\/?p=44895"},"modified":"2021-01-30T14:19:20","modified_gmt":"2021-01-30T13:19:20","slug":"conseguiremos-que-este-virus-sea-historia-antes-del-verano","status":"publish","type":"post","link":"https:\/\/miradordeatarfe.es\/?p=44895","title":{"rendered":"\u201cConseguiremos que este virus sea historia antes del verano\u201d"},"content":{"rendered":"<div id=\"article_header\" class=\"a_hg basic | \">\n<h3 class=\"a_st font_secondary color_gray_dark \" style=\"text-align: justify;\">El cient\u00edfico espa\u00f1ol Juan Fueyo, autor del libro \u2018Viral\u2019, advierte del peligro de que la pr\u00f3xima pandemia tenga las propiedades de la viruela o de la polio<\/h3>\n<\/div>\n<div class=\"a_by | margin_bottom_lg \" style=\"text-align: justify;\">\n<div class=\"a_auts flex flex_wrap \">\u00a0<\/div>\n<\/div>\n<div class=\"a_w | col desktop_8 tablet_8 mobile_4\">\n<div class=\"a_b article_body | color_gray_dark\">\n<p class=\"\" style=\"text-align: justify;\">En el perfil de Twitter del cient\u00edfico y escritor espa\u00f1ol <a href=\"https:\/\/faculty.mdanderson.org\/profiles\/juan_fueyo.html\" target=\"_blank\" rel=\"noopener\" data-link-track-dtm=\"\">Juan Fueyo<\/a> hay una frase que resume muy bien la esencia de su \u00faltimo libro, <a href=\"https:\/\/www.casadellibro.com\/libro-viral\/9788466669139\/11843717\" target=\"_blank\" rel=\"noopener\" data-link-track-dtm=\"\"><i>Viral<\/i><\/a>: \u201cNo hay ciencias y letras. La arquitectura del universo son \u00e1tomos y cuentos, f\u00edsica e ideas, fuegos y artificios, hechos y met\u00e1foras\u201d. Desde su casa en Houston, Estados Unidos, Fueyo afirma que en su nuevo libro, publicado por Ediciones B, confluyen el origen cient\u00edfico de los virus con el<i> Decamer\u00f3n<\/i> de Boccaccio, con <i>La peste<\/i> de Albert Camus o con <i>El \u00faltimo hombre<\/i> de Mary Shelley. \u201cEn el libro se cuenta la historia de los virus y su relaci\u00f3n con la humanidad a trav\u00e9s del di\u00e1logo entre la ciencia, la filosof\u00eda, la literatura, la biolog\u00eda, la arqueolog\u00eda, la historia y la astrof\u00edsica\u201d, dice Fueyo.<\/p>\n<p class=\"\" style=\"text-align: justify;\">El investigador, que lleva 27 a\u00f1os buscando un tratamiento contra el c\u00e1ncer en el cerebro, explica c\u00f3mo la globalizaci\u00f3n ha cambiado las relaciones de los virus con los seres humanos, insiste en que es necesario que la Uni\u00f3n Europea cree un comit\u00e9 de pandemias y vaticina que este verano volver\u00e1 la normalidad gracias a la vacuna: \u201cEspero que en agosto podamos viajar, volver al trabajo, abrazar a los amigos y comernos un bocadillo de calamares ah\u00ed en ese bar de la plaza Mayor de Madrid, que siempre est\u00e1 muy lleno\u201d.<\/p>\n<div id=\"_wmass_533\" style=\"text-align: justify;\">\n<div id=\"jw-s_533533\">\u00a0<\/div>\n<\/div>\n<p class=\"\" style=\"text-align: justify;\"><b>Pregunta.<\/b> En el libro usted se autodefine como \u201cun obrero en la lucha contra el c\u00e1ncer\u201d, \u00bfen qu\u00e9 consiste su trabajo?<\/p>\n<p class=\"\" style=\"text-align: justify;\"><b>Respuesta.<\/b> Nac\u00ed en Oviedo, Asturias, en 1957. Estudi\u00e9 medicina e hice la residencia de neurolog\u00eda en la Universidad Aut\u00f3noma de Barcelona. All\u00ed comenc\u00e9 a hacer investigaci\u00f3n, pero hace 27 a\u00f1os mi mujer y yo nos fuimos a trabajar al centro oncol\u00f3gico M.D. Anderson de Houston, Estados Unidos. Desde ese momento nos dedicamos a buscar tratamientos contra el c\u00e1ncer. Eso nos ha llevado a aprender otras disciplinas como virolog\u00eda e inmunolog\u00eda. En los \u00faltimos a\u00f1os hemos hecho un esfuerzo tremendo para desarrollar virus que destruyan las c\u00e9lulas malignas de los tumores cerebrales.<\/p>\n<p class=\"\" style=\"text-align: justify;\"><b>P. <\/b>\u00bfPor qu\u00e9 un cient\u00edfico decide escribir un libro sobre los virus en medio de la pandemia?, \u00bfc\u00f3mo fue el proceso de creaci\u00f3n?<\/p>\n<p class=\"\" style=\"text-align: justify;\"><b>R.<\/b> Toni Morrison, la afroamericana premio Nobel de literatura, dec\u00eda: \u201cSi hay un libro que te gustar\u00eda leer y no est\u00e1 escrito, si\u00e9ntate y escr\u00edbelo t\u00fa\u201d. Eso fue lo que hice. Durante la pandemia estuve obligado a pensar en los virus, aparec\u00edan por todas partes, en las noticias, en las conversaciones con los amigos, en el ambiente. Mi agente literaria me llam\u00f3 y me dijo: \u201cNo paran de pedirme libros de ciencia\u201d. Le respond\u00ed que no pod\u00eda escribir nada en ese momento, pero estaba viendo por en\u00e9sima vez la serie <i>Cosmos,<\/i> de Carl Sagan, y ah\u00ed se me ocurri\u00f3 la idea del libro. Sagan se imagina una nave espacial que recorre la historia del hombre y del universo, y pens\u00e9 sustituir la nave por un virus y estirar el argumento para contar la historia de los virus y su relaci\u00f3n con la humanidad a trav\u00e9s del di\u00e1logo entre la ciencia, la filosof\u00eda, la literatura, la biolog\u00eda, la arqueolog\u00eda, la historia y la astrof\u00edsica.<\/p>\n<p class=\"\" style=\"text-align: justify;\"><b>P.<\/b> En las primeras p\u00e1ginas del libro usted escribe que \u201cel virus nos acecha desde la mortal oscuridad de la ignorancia\u201d, \u00bfes la ciencia la herramienta para iluminar esa oscuridad?<\/p>\n<p class=\"\" style=\"text-align: justify;\"><b>R.<\/b> Yo creo que s\u00ed. En lat\u00edn, virus significa veneno y ciencia significa conocimiento. La ciencia es la \u00fanica que nos puede salvar de esta pandemia y de las que vendr\u00e1n. Pero a\u00fan nos hace falta conocer mucho sobre los virus. De hecho, conocemos muy poco sobre su naturaleza y su funcionamiento. No nos hemos dado cuenta, por ejemplo, de cuantos virus tenemos en nuestro cuerpo o de cuantos virus est\u00e1n en la atm\u00f3sfera o en los animales salvajes de la jungla. La gran mayor\u00eda de estos virus no est\u00e1n catalogados, no sabemos nada sobre ellos. Esa es la oscuridad de la ignorancia a la que me refiero. Hasta que no controlemos toda esa informaci\u00f3n no podremos atajar las enfermedades relacionadas.<\/p>\n<p class=\"\" style=\"text-align: justify;\"><b>P.<\/b> En el libro explica que esa ignorancia se debe a que a los virus los conocemos hace muy poco, a diferencia de las estrellas o de los \u00e1tomos, que se estudian desde la antig\u00fcedad, \u00bfc\u00f3mo se explica ese vac\u00edo en la historia de la ciencia?<\/p>\n<p class=\"\" style=\"text-align: justify;\"><b>R.<\/b> En la biblioteca de Alejandr\u00eda ya hab\u00eda papiros sobre el espacio, sobre la circunferencia de la tierra, incluso ya hab\u00edan visto la galaxia Andr\u00f3meda. Los virus, en cambio, aparecen con la idea de Louis Pasteur de que hay g\u00e9rmenes m\u00e1s peque\u00f1os que las bacterias que producen enfermedades, pero solo se comprob\u00f3 su existencia con la aparici\u00f3n del microscopio electr\u00f3nico, en la mitad del siglo XX. Los virus habitan ese microcosmos del que sabemos mucho menos que del macrocosmos del espacio. La invisibilidad impidi\u00f3 que Arist\u00f3teles filosofara sobre los virus.<\/p>\n<figure class=\"f | margin_top\" style=\"text-align: justify;\"><img data-recalc-dims=\"1\" decoding=\"async\" class=\"block width_full\" src=\"https:\/\/i0.wp.com\/imagenes.elpais.com\/resizer\/AYrSAUumL2X82Z74bxPcQ6D63So%3D\/1500x0\/cloudfront-eu-central-1.images.arcpublishing.com\/prisa\/6QVQYNS3EANL6SPHSNDI4HHMGA.jpg?w=640&#038;ssl=1\" alt=\"Entierro de una v\u00edctima de covid en Kuala Selangor, en las afueras de Kuala Lumpur, Malasia.\" \/><figcaption class=\"f_c | border_bottom border_1 border_gray_ultra_light_warm text_align_right padding_vertical color_gray_medium\">Entierro de una v\u00edctima de covid en Kuala Selangor, en las afueras de Kuala Lumpur, Malasia.<span class=\"f_a | color_black margin_left uppercase light\"><span class=\"author\">FAZRY ISMAIL \/ EFE<\/span><\/span><\/figcaption><\/figure>\n<p class=\"\" style=\"text-align: justify;\"><b>P.<\/b> Usted asegura que el macrocosmos del espacio y el microcosmos de los virus son un desaf\u00edo para la ciencia porque nos obligan a transformar nuestra forma tradicional de entender el mundo&#8230;<\/p>\n<p class=\"\" style=\"text-align: justify;\"><b>R.<\/b> S\u00ed. La ciencia a\u00fan no se pone de acuerdo en s\u00ed los virus est\u00e1n vivos o est\u00e1n muertos. La l\u00f3gica que aplicamos en la vida com\u00fan y corriente no nos sirve para identificar un virus. Nosotros creemos que para que algo est\u00e9 vivo se requiere que sea capaz de reproducirse por s\u00ed mismo, los virus son incapaces de hacer esto y sin embargo, cuando infectan una c\u00e9lula, se replican con una facilidad enorme. De alguna manera el virus est\u00e1 siempre vivo y muerto al mismo tiempo. Todav\u00eda tenemos el desaf\u00edo de la l\u00f3gica para estudiar la virolog\u00eda. Podemos nombrar estos comportamientos, pero nuestro cerebro no los termina de entender.<\/p>\n<p class=\"\" style=\"text-align: justify;\"><b>P.<\/b> \u00bfEsa ausencia de l\u00f3gica de los virus puede haber sido la responsable de que esta pandemia sea tan dif\u00edcil de controlar?<\/p>\n<p class=\"\" style=\"text-align: justify;\"><b>R.<\/b> La pandemia ha puesto de manifiesto la paradoja del mal que representa la globalizaci\u00f3n. Nadie pudo predecir que apenas un virus aparece se esparce por todo el planeta. Aceptar y entender esa idea, en principio il\u00f3gica, es necesario para prevenir las siguientes pandemias. Que haya una gallina infectada por un virus en Tailandia es muy grave para los ciudadanos de Madrid. Esa es la globalizaci\u00f3n: en seis horas podemos viajar de Madrid a Nueva York, pero a esa misma velocidad se puede transmitir un virus mortal.<\/p>\n<blockquote class=\"quote quote_block a_q a_q__b | border-box\">\n<div>La pandemia ha puesto de manifiesto la paradoja del mal que representa la globalizaci\u00f3n<\/div>\n<\/blockquote>\n<p class=\"\" style=\"text-align: justify;\"><b>P.<\/b> A lo largo del libro usted sostiene que nuestra generaci\u00f3n puede sufrir el \u201capocalipsis por culpa de un virus\u201d, \u00bfPor qu\u00e9?<\/p>\n<p class=\"\" style=\"text-align: justify;\"><b>R.<\/b> Yo creo que con la gripe de 1918 se infectaron 500 millones de personas, si calculas la poblaci\u00f3n que hab\u00eda entonces, con el crecimiento que hay ahora, es f\u00e1cil llegar a la conclusi\u00f3n de que 3.000 o 4.000 millones de personas se pueden infectar por un virus mortal en las pr\u00f3ximas d\u00e9cadas. Ya veremos qu\u00e9 termina de pasar con el coronavirus. En medio de todo hemos tenido suerte porque mucha gente pasa la enfermedad sin problemas y el porcentaje de mortalidad es muy bajo. Imag\u00ednate que la siguiente pandemia tuviera las propiedades de la viruela, que se cebaba con los ni\u00f1os, o de la polio, que dejaba a los sobrevivientes con problemas de invalidez. Si te empiezas a imaginar eso puedes llegar a la conclusi\u00f3n de que habr\u00e1 un apocalipsis y hay que anunciarlo para que la gente sea precavida y tome las decisiones adecuadas.<\/p>\n<p class=\"\" style=\"text-align: justify;\"><b>P.<\/b> \u00bfCu\u00e1l es el mensaje para los Gobiernos?<\/p>\n<p class=\"\" style=\"text-align: justify;\"><b>R.<\/b> En la Uni\u00f3n Europea tiene que haber un comit\u00e9 de pandemias, regulado por agencias internacionales m\u00e1s amplias como la OMS. Bill Gates est\u00e1 pidiendo desde hace tiempo que se haga lo mismo con las posibles pandemias que con los posibles ataques militares. Igual que hay que pensar qu\u00e9 hacer si Corea del Norte amenaza con una bomba at\u00f3mica, habr\u00eda que pensar qu\u00e9 hacer si un virus se dispara Pakist\u00e1n o en Alemania. Tenemos que saber c\u00f3mo comportarnos si aparece un virus nuevo.<\/p>\n<figure class=\"f | margin_top\" style=\"text-align: justify;\"><img data-recalc-dims=\"1\" decoding=\"async\" class=\"block width_full\" src=\"https:\/\/i0.wp.com\/imagenes.elpais.com\/resizer\/4NQo1Q3LCZjOLBh375_it4-RUlY%3D\/1500x0\/cloudfront-eu-central-1.images.arcpublishing.com\/prisa\/4CUKRQ3LES2S2LOLJ5XXTFMNEU.jpg?w=640&#038;ssl=1\" alt=\"Una paciente recibe una dosis de la vacuna contra la covid en Belgrado (Serbia), el lunes.\" \/><figcaption class=\"f_c | border_bottom border_1 border_gray_ultra_light_warm text_align_right padding_vertical color_gray_medium\">Una paciente recibe una dosis de la vacuna contra la covid en Belgrado (Serbia), el lunes.<span class=\"f_a | color_black margin_left uppercase light\"><span class=\"author\">ANDREJ CUKIC \/ EFE<\/span><\/span><\/figcaption><\/figure>\n<p class=\"\" style=\"text-align: justify;\"><b>P.<\/b> \u00bfQu\u00e9 hacer para prevenir las pr\u00f3ximas pandemias?<\/p>\n<p class=\"\" style=\"text-align: justify;\"><b>R.<\/b> Las medidas que se han tomado para controlar el coronavirus, como la distancia social, el confinamiento, la mascarilla, el lavado de manos han funcionado tan bien que, por ejemplo, en Australia han tenido la temporada de gripe m\u00e1s suave de la historia. Por eso creo que lo que hemos aprendido de este virus se puede aplicar a cualquier otro que se transmita por v\u00eda respiratoria.<\/p>\n<blockquote class=\"quote quote_pull a_q a_q__p | \">\n<div>Imag\u00ednate que la siguiente pandemia tuviera las propiedades de la viruela, que se cebaba con los ni\u00f1os, o de la polio, que dejaba a los sobrevivientes con problemas de invalidez<\/div>\n<\/blockquote>\n<p class=\"\" style=\"text-align: justify;\"><b>P.<\/b> En el libro se habla de la relaci\u00f3n entre el cambio clim\u00e1tico y la aparici\u00f3n de nuevos virus, \u00bfcu\u00e1l es la responsabilidad del ser humano?<\/p>\n<p class=\"\" style=\"text-align: justify;\"><b>R.<\/b> El cambio clim\u00e1tico y la deforestaci\u00f3n provocan zonas m\u00e1s desiertas que hacen que los animales se acerquen a las ciudades, interact\u00faen m\u00e1s con los humanos y generen enfermedades. Cada vez las personas est\u00e1n m\u00e1s expuestas a virus salvajes. Esa interacci\u00f3n no natural entre el hombre y el animal es un canal de comunicaci\u00f3n extraordinario para el salto de nuevos virus. El cambio clim\u00e1tico y la degradaci\u00f3n de los suelos est\u00e1n favoreciendo este fen\u00f3meno. Individuos como Bolsonaro, que atacan directamente la selva, pueden ser los responsables de una pr\u00f3xima pandemia.<\/p>\n<p class=\"\" style=\"text-align: justify;\"><b>P.<\/b> \u00bfQu\u00e9 cree que va a pasar con el coronavirus en los pr\u00f3ximos meses?<\/p>\n<p class=\"\" style=\"text-align: justify;\"><b>R.<\/b> Ahora mismo el virus est\u00e1 ganando una batalla y creo que la cosa ir\u00e1 a peor durante estas semanas que vienen. Pero estoy convencido de que cuando aumente el porcentaje de gente vacunada la pandemia va a disminuir. Creo que conseguiremos que este virus sea historia antes del verano. Tenemos que recuperar la normalidad en agosto, y no una nueva normalidad sino la normalidad que ya conocemos, sobre todo en la vida social.<\/p>\n<div class=\"a_by | margin_bottom_lg \">\n<div class=\"a_auts flex flex_wrap \" style=\"text-align: justify;\"><span class=\"a_aut | margin_bottom uppercase flex align_items_center \"><a class=\"a_aut_n | color_black\" title=\"Ver todas las noticias de Juan Miguel Hern\u00e1ndez Bonilla\" href=\"https:\/\/elpais.com\/autor\/juan-miguel-hernandez-bonilla\/\">Juan Miguel Hern\u00e1ndez Bonilla<\/a><\/span><\/div>\n<\/div>\n<div class=\"flex container_row social-icons margin_left horizontal small\">\u00a0<\/div>\n<div class=\"a_by | margin_bottom_lg \">\n<div>FOTO: El cient\u00edfico y escritor espa\u00f1ol Juan Fueyo, autor del libro &#8216;Viral&#8217;.<\/div>\n<\/div>\n<div>\u00a0<\/div>\n<div>https:\/\/elpais.com\/ciencia\/2021-01-25\/conseguiremos-que-este-virus-sea-historia-antes-del-verano.html?utm_source=Facebook&amp;ssm=FB_CM&amp;fbclid=IwAR3uc4eK6b5HKo7SNcnbfOWQeWeI8fdca0aTP3oo4UfLqH7bZYj23Jm2yjY#Echobox=1611648206<\/div>\n<p class=\"\"><i>Puedes seguir a <\/i><i><b>Materia <\/b><\/i><i>en <\/i><a href=\"https:\/\/www.facebook.com\/Materia.Ciencia\/\" data-link-track-dtm=\"\"><i>Facebook<\/i><\/a><i>, <\/i><a href=\"https:\/\/twitter.com\/materia_ciencia\" data-link-track-dtm=\"\"><i>Twitter<\/i><\/a><i>, <\/i><a href=\"https:\/\/www.instagram.com\/materia_ciencia\/\" data-link-track-dtm=\"\"><i>Instagram<\/i><\/a><i> o suscribirte aqu\u00ed a nuestra <\/i><a href=\"https:\/\/plus.elpais.com\/newsletters\/lnp\/1\/331\/\" data-link-track-dtm=\"\"><i>newsletter<\/i><\/a><\/p>\n<\/div>\n<\/div>\n","protected":false},"excerpt":{"rendered":"<p>El cient\u00edfico espa\u00f1ol Juan Fueyo, autor del libro \u2018Viral\u2019, advierte del peligro de que la&#8230;<\/p>\n","protected":false},"author":1,"featured_media":44896,"comment_status":"closed","ping_status":"closed","sticky":false,"template":"","format":"standard","meta":{"_coblocks_attr":"","_coblocks_dimensions":"","_coblocks_responsive_height":"","_coblocks_accordion_ie_support":"","jetpack_post_was_ever_published":false,"_jetpack_newsletter_access":"","_jetpack_dont_email_post_to_subs":false,"_jetpack_newsletter_tier_id":0,"_jetpack_memberships_contains_paywalled_content":false,"_jetpack_memberships_contains_paid_content":false,"footnotes":"","jetpack_publicize_message":"","jetpack_publicize_feature_enabled":true,"jetpack_social_post_already_shared":false,"jetpack_social_options":{"image_generator_settings":{"template":"highway","default_image_id":0,"enabled":false},"version":2}},"categories":[1161,7149,44,15],"tags":[914,697],"class_list":["post-44895","post","type-post","status-publish","format-standard","has-post-thumbnail","hentry","category-ciudadania","category-coronavirus","category-noticias-de-hoy","category-ultimas-noticias","tag-verano","tag-virus"],"jetpack_publicize_connections":[],"jetpack_featured_media_url":"https:\/\/i0.wp.com\/miradordeatarfe.es\/wp-content\/uploads\/2021\/01\/PILNSTGMCBGO3KVG5YHZGHDLZE.jpg?fit=1500%2C842&ssl=1","jetpack_likes_enabled":true,"jetpack_sharing_enabled":true,"_links":{"self":[{"href":"https:\/\/miradordeatarfe.es\/index.php?rest_route=\/wp\/v2\/posts\/44895","targetHints":{"allow":["GET"]}}],"collection":[{"href":"https:\/\/miradordeatarfe.es\/index.php?rest_route=\/wp\/v2\/posts"}],"about":[{"href":"https:\/\/miradordeatarfe.es\/index.php?rest_route=\/wp\/v2\/types\/post"}],"author":[{"embeddable":true,"href":"https:\/\/miradordeatarfe.es\/index.php?rest_route=\/wp\/v2\/users\/1"}],"replies":[{"embeddable":true,"href":"https:\/\/miradordeatarfe.es\/index.php?rest_route=%2Fwp%2Fv2%2Fcomments&post=44895"}],"version-history":[{"count":1,"href":"https:\/\/miradordeatarfe.es\/index.php?rest_route=\/wp\/v2\/posts\/44895\/revisions"}],"predecessor-version":[{"id":44897,"href":"https:\/\/miradordeatarfe.es\/index.php?rest_route=\/wp\/v2\/posts\/44895\/revisions\/44897"}],"wp:featuredmedia":[{"embeddable":true,"href":"https:\/\/miradordeatarfe.es\/index.php?rest_route=\/wp\/v2\/media\/44896"}],"wp:attachment":[{"href":"https:\/\/miradordeatarfe.es\/index.php?rest_route=%2Fwp%2Fv2%2Fmedia&parent=44895"}],"wp:term":[{"taxonomy":"category","embeddable":true,"href":"https:\/\/miradordeatarfe.es\/index.php?rest_route=%2Fwp%2Fv2%2Fcategories&post=44895"},{"taxonomy":"post_tag","embeddable":true,"href":"https:\/\/miradordeatarfe.es\/index.php?rest_route=%2Fwp%2Fv2%2Ftags&post=44895"}],"curies":[{"name":"wp","href":"https:\/\/api.w.org\/{rel}","templated":true}]}}