{"id":44898,"date":"2021-01-31T10:13:34","date_gmt":"2021-01-31T09:13:34","guid":{"rendered":"http:\/\/miradordeatarfe.es\/?p=44898"},"modified":"2021-01-26T17:31:56","modified_gmt":"2021-01-26T16:31:56","slug":"el-festival-internacional-de-poesia-de-granada-se-aplaza-a-octubre","status":"publish","type":"post","link":"https:\/\/miradordeatarfe.es\/?p=44898","title":{"rendered":"El Festival Internacional de Poes\u00eda de Granada se aplaza a octubre"},"content":{"rendered":"<h3 class=\"epigraph\">El Festival Internacional de Poes\u00eda de Granada, que habitualmente se celebra las primeras semanas de mayo, ha aplazado su edici\u00f3n de 2021 a entre el 18 y el 22 de octubre.,La organizaci\u00f3n considera que se trata de la soluci\u00f3n \u00abm\u00e1s sensata\u00bb ante la situaci\u00f3n actual debido a la pandemia, e informa de que ya ha trasladado la decisi\u00f3n a las principales instituciones que participan en el festival (Ayuntamiento, Diputaci\u00f3n y Universidad de Granada, Junta de Andaluc\u00eda y Patronato<\/h3>\n<p style=\"text-align: justify;\">\u00a0<\/p>\n<p class=\"paragraph\" style=\"text-align: justify;\" data-gtm-element-container=\"modulo-texto-link\">El Festival Internacional de Poes\u00eda de Granada, que habitualmente se celebra las primeras semanas de mayo, ha aplazado su edici\u00f3n de 2021 a entre el 18 y el 22 de octubre.<\/p>\n<p class=\"paragraph\" style=\"text-align: justify;\" data-gtm-element-container=\"modulo-texto-link\">La organizaci\u00f3n considera que se trata de la soluci\u00f3n \u00abm\u00e1s sensata\u00bb ante la situaci\u00f3n actual debido a la pandemia, e informa de que ya ha trasladado la decisi\u00f3n a las principales instituciones que participan en el festival (Ayuntamiento, Diputaci\u00f3n y Universidad de Granada, Junta de Andaluc\u00eda y Patronato de la Alhambra).<\/p>\n<p class=\"paragraph\" style=\"text-align: justify;\" data-gtm-element-container=\"modulo-texto-link\">El Festival Internacional de Poes\u00eda ya se vio obligado a suspender la edici\u00f3n de 2020 despu\u00e9s de 17 a\u00f1os seguido, y descart\u00f3 desde el principio realizar una edici\u00f3n virtual porque entienden que la esencia de este evento -recitales de poemas en espacios como la Huerta de San Vicente- es \u00abinsustituible por la frialdad de una pantalla\u00bb, se\u00f1ala la organizaci\u00f3n en un comun<\/p>\n<p class=\"paragraph\" style=\"text-align: justify;\" data-gtm-element-container=\"modulo-texto-link\">La mayor\u00eda de los recitales po\u00e9ticos y actividades en torno a este festival tienen siempre una asistencia multitudinaria de p\u00fablico que probablemente en mayo todav\u00eda est\u00e9 muy limitada, seg\u00fan la organizaci\u00f3n, que desconoce si para mediados de octubre \u00e9sta ser\u00e1 mayor, pero entiende que es un margen de tiempo \u00abrazonable\u00bb para confiar en que la situaci\u00f3n mejore.<\/p>\n<p class=\"paragraph\" style=\"text-align: justify;\" data-gtm-element-container=\"modulo-texto-link\">La intenci\u00f3n del Festival Internacional de Poes\u00eda de Granada es mantener el grueso de la programaci\u00f3n de 2020 que, aunque no se hab\u00eda presentado oficialmente, ya estaba confirmada pr\u00e1cticamente en su totalidad cuando hubo que cancelarlo.<\/p>\n<p class=\"paragraph\" style=\"text-align: justify;\" data-gtm-element-container=\"modulo-texto-link\">La inauguraci\u00f3n correr\u00e1 a cargo del Premio Cervantes Antonio Gamoneda, tal y como estaba previsto el a\u00f1o pasado. EFE<\/p>\n","protected":false},"excerpt":{"rendered":"<p>El Festival Internacional de Poes\u00eda de Granada, que habitualmente se celebra las primeras semanas de&#8230;<\/p>\n","protected":false},"author":1,"featured_media":44899,"comment_status":"closed","ping_status":"closed","sticky":false,"template":"","format":"standard","meta":{"_coblocks_attr":"","_coblocks_dimensions":"","_coblocks_responsive_height":"","_coblocks_accordion_ie_support":"","jetpack_post_was_ever_published":false,"_jetpack_newsletter_access":"","_jetpack_dont_email_post_to_subs":false,"_jetpack_newsletter_tier_id":0,"_jetpack_memberships_contains_paywalled_content":false,"_jetpack_memberships_contains_paid_content":false,"footnotes":"","jetpack_publicize_message":"","jetpack_publicize_feature_enabled":true,"jetpack_social_post_already_shared":false,"jetpack_social_options":{"image_generator_settings":{"template":"highway","default_image_id":0,"enabled":false},"version":2}},"categories":[1161,44,15],"tags":[6435,129],"class_list":["post-44898","post","type-post","status-publish","format-standard","has-post-thumbnail","hentry","category-ciudadania","category-noticias-de-hoy","category-ultimas-noticias","tag-festival-internacional-de-poesia","tag-granada"],"jetpack_publicize_connections":[],"jetpack_featured_media_url":"https:\/\/i0.wp.com\/miradordeatarfe.es\/wp-content\/uploads\/2021\/01\/poesia-garcia-lorca.jpg?fit=1024%2C768&ssl=1","jetpack_likes_enabled":true,"jetpack_sharing_enabled":true,"_links":{"self":[{"href":"https:\/\/miradordeatarfe.es\/index.php?rest_route=\/wp\/v2\/posts\/44898","targetHints":{"allow":["GET"]}}],"collection":[{"href":"https:\/\/miradordeatarfe.es\/index.php?rest_route=\/wp\/v2\/posts"}],"about":[{"href":"https:\/\/miradordeatarfe.es\/index.php?rest_route=\/wp\/v2\/types\/post"}],"author":[{"embeddable":true,"href":"https:\/\/miradordeatarfe.es\/index.php?rest_route=\/wp\/v2\/users\/1"}],"replies":[{"embeddable":true,"href":"https:\/\/miradordeatarfe.es\/index.php?rest_route=%2Fwp%2Fv2%2Fcomments&post=44898"}],"version-history":[{"count":2,"href":"https:\/\/miradordeatarfe.es\/index.php?rest_route=\/wp\/v2\/posts\/44898\/revisions"}],"predecessor-version":[{"id":44901,"href":"https:\/\/miradordeatarfe.es\/index.php?rest_route=\/wp\/v2\/posts\/44898\/revisions\/44901"}],"wp:featuredmedia":[{"embeddable":true,"href":"https:\/\/miradordeatarfe.es\/index.php?rest_route=\/wp\/v2\/media\/44899"}],"wp:attachment":[{"href":"https:\/\/miradordeatarfe.es\/index.php?rest_route=%2Fwp%2Fv2%2Fmedia&parent=44898"}],"wp:term":[{"taxonomy":"category","embeddable":true,"href":"https:\/\/miradordeatarfe.es\/index.php?rest_route=%2Fwp%2Fv2%2Fcategories&post=44898"},{"taxonomy":"post_tag","embeddable":true,"href":"https:\/\/miradordeatarfe.es\/index.php?rest_route=%2Fwp%2Fv2%2Ftags&post=44898"}],"curies":[{"name":"wp","href":"https:\/\/api.w.org\/{rel}","templated":true}]}}