{"id":44909,"date":"2021-01-27T11:34:31","date_gmt":"2021-01-27T10:34:31","guid":{"rendered":"http:\/\/miradordeatarfe.es\/?p=44909"},"modified":"2021-01-26T18:04:25","modified_gmt":"2021-01-26T17:04:25","slug":"a-los-tres-tenores-no-les-afectan-los-temblores-del-pasado-sabado-por-manuel-jimenez","status":"publish","type":"post","link":"https:\/\/miradordeatarfe.es\/?p=44909","title":{"rendered":"\u00abA LOS TRES TENORES NO LES AFECTAN LOS TEMBLORES DEL PASADO S\u00c1BADO\u00bb por Manuel Jim\u00e9nez"},"content":{"rendered":"<h3 align=\"JUSTIFY\">Menudo susto el de este s\u00e1bado sobre las 12 del mediod\u00eda cuando tres de nuestros atletas sub23 que iban a participar en el auton\u00f3mico de pista cubierta se preparaban para salir hacia Antequera donde se celebraba el evento.<\/h3>\n<p align=\"JUSTIFY\">Pues nuestros j\u00f3venes no se arrugaron y pusieron toda la carne en el asador de la competici\u00f3n y dando lo mejor de ellos consiguieron unos buen\u00edsimos resultados, en todos los casos consiguiendo sendas mejores marcas personales.<\/p>\n<p align=\"JUSTIFY\">El velocista de moda, Antonio Pe\u00f1a Galindo, que mejora marca cada vez que se sube a los tacos de salida, volvi\u00f3 a rebajar su crono y con 7.35 firma una espectacular carrera de 60 metros lisos siendo tercero en su serie y 14 de la general ratificando su gran momento de forma y qued\u00e1ndose a tan solo una d\u00e9cima de la m\u00ednima andaluza.<\/p>\n<p align=\"JUSTIFY\"><a href=\"https:\/\/i0.wp.com\/miradordeatarfe.es\/wp-content\/uploads\/2021\/01\/Raul-Rinconada-020618-1.jpg?ssl=1\"><img data-recalc-dims=\"1\" loading=\"lazy\" decoding=\"async\" class=\"aligncenter wp-image-44911 size-large\" src=\"https:\/\/i0.wp.com\/miradordeatarfe.es\/wp-content\/uploads\/2021\/01\/Raul-Rinconada-020618-1.jpg?resize=618%2C464&#038;ssl=1\" alt=\"\" width=\"618\" height=\"464\" srcset=\"https:\/\/i0.wp.com\/miradordeatarfe.es\/wp-content\/uploads\/2021\/01\/Raul-Rinconada-020618-1.jpg?resize=1024%2C768&amp;ssl=1 1024w, https:\/\/i0.wp.com\/miradordeatarfe.es\/wp-content\/uploads\/2021\/01\/Raul-Rinconada-020618-1.jpg?resize=300%2C225&amp;ssl=1 300w, https:\/\/i0.wp.com\/miradordeatarfe.es\/wp-content\/uploads\/2021\/01\/Raul-Rinconada-020618-1.jpg?resize=768%2C576&amp;ssl=1 768w, https:\/\/i0.wp.com\/miradordeatarfe.es\/wp-content\/uploads\/2021\/01\/Raul-Rinconada-020618-1.jpg?resize=1536%2C1152&amp;ssl=1 1536w, https:\/\/i0.wp.com\/miradordeatarfe.es\/wp-content\/uploads\/2021\/01\/Raul-Rinconada-020618-1.jpg?resize=1320%2C990&amp;ssl=1 1320w, https:\/\/i0.wp.com\/miradordeatarfe.es\/wp-content\/uploads\/2021\/01\/Raul-Rinconada-020618-1.jpg?w=1600&amp;ssl=1 1600w\" sizes=\"auto, (max-width: 618px) 100vw, 618px\" \/><\/a><\/p>\n<p align=\"JUSTIFY\">En la misma distancia pero con vallas un polifac\u00e9tico Ra\u00fal Castillo Santiago se qued\u00f3 a las puertas del podium logrando un meritorio cuarto puesto, medalla de chocolate y gran marca de 9.44 que adem\u00e1s de tope personal supone m\u00ednima de participaci\u00f3n en el andaluz absoluto a disputar en dos semanas.<\/p>\n<p align=\"JUSTIFY\">Cierra participaci\u00f3n atarfe\u00f1a en el campeonato el fondista Manuel Jim\u00e9nez L\u00f3pez que en esta ocasi\u00f3n opt\u00f3 por disputar el milquinientos para coger chispa para lo que se le avecina. La carrera sali\u00f3 a ritmo cansino de modo que se pas\u00f3 el 400 en 1.13 lo que arruinaba la esperanza de conseguir una gran marca. La carrera no se desperez\u00f3 hasta superar el mil (2.47) lanzando un furibundo ataque el favorito Angel \u00c1lvarez, .algecire\u00f1o en las filas del Playas de Castell\u00f3n, al que \u00fanicamente pudo responder Manuel manteni\u00e9ndole el pulso hasta la \u00faltima recta, terminando segundo con nuevo tope personal de 4.00.67 y cerrando en 1.13 el \u00faltimo 500.<\/p>\n<p align=\"JUSTIFY\"><a href=\"https:\/\/i0.wp.com\/miradordeatarfe.es\/wp-content\/uploads\/2021\/01\/MANUEL-JIMENEZ-LOPEZ-1500-040118-scaled.jpg?ssl=1\"><img data-recalc-dims=\"1\" loading=\"lazy\" decoding=\"async\" class=\"wp-image-44912 size-large aligncenter\" src=\"https:\/\/i0.wp.com\/miradordeatarfe.es\/wp-content\/uploads\/2021\/01\/MANUEL-JIMENEZ-LOPEZ-1500-040118.jpg?resize=618%2C824&#038;ssl=1\" alt=\"\" width=\"618\" height=\"824\" srcset=\"https:\/\/i0.wp.com\/miradordeatarfe.es\/wp-content\/uploads\/2021\/01\/MANUEL-JIMENEZ-LOPEZ-1500-040118-scaled.jpg?resize=768%2C1024&amp;ssl=1 768w, https:\/\/i0.wp.com\/miradordeatarfe.es\/wp-content\/uploads\/2021\/01\/MANUEL-JIMENEZ-LOPEZ-1500-040118-scaled.jpg?resize=225%2C300&amp;ssl=1 225w, https:\/\/i0.wp.com\/miradordeatarfe.es\/wp-content\/uploads\/2021\/01\/MANUEL-JIMENEZ-LOPEZ-1500-040118-scaled.jpg?resize=1152%2C1536&amp;ssl=1 1152w, https:\/\/i0.wp.com\/miradordeatarfe.es\/wp-content\/uploads\/2021\/01\/MANUEL-JIMENEZ-LOPEZ-1500-040118-scaled.jpg?resize=1536%2C2048&amp;ssl=1 1536w, https:\/\/i0.wp.com\/miradordeatarfe.es\/wp-content\/uploads\/2021\/01\/MANUEL-JIMENEZ-LOPEZ-1500-040118-scaled.jpg?resize=1320%2C1760&amp;ssl=1 1320w, https:\/\/i0.wp.com\/miradordeatarfe.es\/wp-content\/uploads\/2021\/01\/MANUEL-JIMENEZ-LOPEZ-1500-040118-scaled.jpg?w=1920&amp;ssl=1 1920w\" sizes=\"auto, (max-width: 618px) 100vw, 618px\" \/><\/a><\/p>\n","protected":false},"excerpt":{"rendered":"<p>Menudo susto el de este s\u00e1bado sobre las 12 del mediod\u00eda cuando tres de nuestros&#8230;<\/p>\n","protected":false},"author":1,"featured_media":44913,"comment_status":"closed","ping_status":"closed","sticky":false,"template":"","format":"standard","meta":{"_coblocks_attr":"","_coblocks_dimensions":"","_coblocks_responsive_height":"","_coblocks_accordion_ie_support":"","jetpack_post_was_ever_published":false,"_jetpack_newsletter_access":"","_jetpack_dont_email_post_to_subs":false,"_jetpack_newsletter_tier_id":0,"_jetpack_memberships_contains_paywalled_content":false,"_jetpack_memberships_contains_paid_content":false,"footnotes":"","jetpack_publicize_message":"","jetpack_publicize_feature_enabled":true,"jetpack_social_post_already_shared":false,"jetpack_social_options":{"image_generator_settings":{"template":"highway","default_image_id":0,"enabled":false},"version":2}},"categories":[182,6915,44,15],"tags":[81,85,123],"class_list":["post-44909","post","type-post","status-publish","format-standard","has-post-thumbnail","hentry","category-deportes","category-opinion-de-manuel-jimenez","category-noticias-de-hoy","category-ultimas-noticias","tag-atarfe","tag-atletismo","tag-deportes"],"jetpack_publicize_connections":[],"jetpack_featured_media_url":"https:\/\/i0.wp.com\/miradordeatarfe.es\/wp-content\/uploads\/2021\/01\/ANTONIO-PENA-salida-tacos-1.jpeg?fit=600%2C800&ssl=1","jetpack_likes_enabled":true,"jetpack_sharing_enabled":true,"_links":{"self":[{"href":"https:\/\/miradordeatarfe.es\/index.php?rest_route=\/wp\/v2\/posts\/44909","targetHints":{"allow":["GET"]}}],"collection":[{"href":"https:\/\/miradordeatarfe.es\/index.php?rest_route=\/wp\/v2\/posts"}],"about":[{"href":"https:\/\/miradordeatarfe.es\/index.php?rest_route=\/wp\/v2\/types\/post"}],"author":[{"embeddable":true,"href":"https:\/\/miradordeatarfe.es\/index.php?rest_route=\/wp\/v2\/users\/1"}],"replies":[{"embeddable":true,"href":"https:\/\/miradordeatarfe.es\/index.php?rest_route=%2Fwp%2Fv2%2Fcomments&post=44909"}],"version-history":[{"count":2,"href":"https:\/\/miradordeatarfe.es\/index.php?rest_route=\/wp\/v2\/posts\/44909\/revisions"}],"predecessor-version":[{"id":44915,"href":"https:\/\/miradordeatarfe.es\/index.php?rest_route=\/wp\/v2\/posts\/44909\/revisions\/44915"}],"wp:featuredmedia":[{"embeddable":true,"href":"https:\/\/miradordeatarfe.es\/index.php?rest_route=\/wp\/v2\/media\/44913"}],"wp:attachment":[{"href":"https:\/\/miradordeatarfe.es\/index.php?rest_route=%2Fwp%2Fv2%2Fmedia&parent=44909"}],"wp:term":[{"taxonomy":"category","embeddable":true,"href":"https:\/\/miradordeatarfe.es\/index.php?rest_route=%2Fwp%2Fv2%2Fcategories&post=44909"},{"taxonomy":"post_tag","embeddable":true,"href":"https:\/\/miradordeatarfe.es\/index.php?rest_route=%2Fwp%2Fv2%2Ftags&post=44909"}],"curies":[{"name":"wp","href":"https:\/\/api.w.org\/{rel}","templated":true}]}}