{"id":44939,"date":"2021-02-02T09:22:07","date_gmt":"2021-02-02T08:22:07","guid":{"rendered":"http:\/\/miradordeatarfe.es\/?p=44939"},"modified":"2021-01-30T14:32:49","modified_gmt":"2021-01-30T13:32:49","slug":"los-terremotos-en-la-vega-de-granada-se-deben-a-la-aproximacion-continua-de-4-a-5-milimetros-al-ano-entre-las-placas-eurasiatica-y-africana-26-01-2021","status":"publish","type":"post","link":"https:\/\/miradordeatarfe.es\/?p=44939","title":{"rendered":"Los terremotos en la Vega de Granada se deben a la aproximaci\u00f3n continua de 4 a 5 mil\u00edmetros al a\u00f1o entre las placas eurasi\u00e1tica y africana 26\/01\/2021"},"content":{"rendered":"<header><\/header>\n<div class=\"entry-content\">\n<h3 style=\"text-align: justify;\"><strong>Investigadores del departamento de Geodin\u00e1mica de la Universidad de Granada y del Instituto Andaluz de Ciencias de la Tierra se\u00f1alan que la integraci\u00f3n de estudios geol\u00f3gicos, geod\u00e9sicos y geof\u00edsicos recientes precisan cada vez con mayor detalle el origen de esta sismicidad<\/strong><\/h3>\n<p style=\"text-align: justify;\"><strong>Los terremotos de la Vega de Granada en las \u00faltimas horas se producen como consecuencia de la liberaci\u00f3n brusca de la energ\u00eda acumulada en las fallas debido a esta compresi\u00f3n entre placas<\/strong><\/p>\n<p style=\"text-align: justify;\">La reciente sismicidad que afecta a la Vega de Granada est\u00e1 caracterizada por terremotos de magnitudes peque\u00f1as a moderadas que ocurren en esta regi\u00f3n durante periodos discontinuos y recurrentes. La causa principal es la aproximaci\u00f3n continua de 4 a 5 mil\u00edmetros ala\u00f1o entre las placas eurasi\u00e1tica y africana.<\/p>\n<p style=\"text-align: justify;\">As\u00ed lo explican investigadores del departamento de Geodin\u00e1mica de la Universidad de Granada (UGR) y del Instituto Andaluz de Ciencias de la Tierra, que se\u00f1alan que la integraci\u00f3n de estudios geol\u00f3gicos, geod\u00e9sicos y geof\u00edsicos recientes precisan cada vez con mayor detalleel origen de esta sismicidad.<\/p>\n<p style=\"text-align: justify;\">\u201cLos terremotos de la Vega de Granada en las \u00faltimas horas se producen como consecuencia de la liberaci\u00f3n brusca de la energ\u00eda acumulada en las fallas debido a este movimiento entre placas. Los eventos s\u00edsmicosrecientes est\u00e1n relacionados con la actividad de fallasnormales de direcci\u00f3n NO-SE localizadas en el entorno de Santa Fe\u201d, explicael investigador de la UGR Jes\u00fas Galindo-Zald\u00edvar.<\/p>\n<p style=\"text-align: justify;\">Estas fallas est\u00e1n bien expuestas en el borde del bloque elevado de Sierra Elvira y afectan a rocas compactas (calizas, dolom\u00edas y esquistos).Los segmentos de falla m\u00e1s superficiales suelen tener deformaci\u00f3n progresiva y as\u00edsmica, y pierden buzamiento en profundidad hasta enraizarse en una extensa zona de falla de bajo \u00e1ngulo aproximadamente a 10-12 kil\u00f3metros de profundidad.<\/p>\n<p style=\"text-align: justify;\">\u201cLa sismicidad de mayor magnitud se produce entre 3 y 12 kil\u00f3metros de profundidad.La Vega de Granada, fracturada en su interior, constituye el bloque superior de esta zona de falla que desliza hacia el O-SO.Los periodos de mayor actividad s\u00edsmica como el actual corresponden a enjambres, con numerosos terremotos de diferentes magnitudes en localizaciones pr\u00f3ximas. Se desencadenan cuando la actividad de una falla produce un efecto domin\u00f3 y dispara la actividad de otras fallas pr\u00f3ximas\u201d, apunta Galindo.<\/p>\n<p style=\"text-align: justify;\">Estazona de deformaci\u00f3n se prolonga por el SE de la Vega de Granada hacia Padul y D\u00farcal, alcanza el Mar de Albor\u00e1n (donde ocurri\u00f3 la serie s\u00edsmica de 2016) y se extiende hasta Alhucemas (Marruecos), afectada por el terremoto catastr\u00f3fico de2004. Los estudios desarrollados han tratado de resolver la paradoja de la presencia de fallas normales activasque indican extensi\u00f3n tect\u00f3nica (NE-SO) en una zona de colisi\u00f3n afectada por acortamiento tect\u00f3nico (NO-SE), cuya principal consecuencia es la elevaci\u00f3n de las cordilleras B\u00e9tica y del Rif cubiertas por el mar hace s\u00f3lo 10 millones de a\u00f1os.<\/p>\n<p style=\"text-align: justify;\">Las fallas normales de la Vega de Granada se originan por el desmantelamiento en extensi\u00f3n de la parte superior de la corteza terrestre en un contexto de elevaci\u00f3n producido por pliegues y acortamiento en profundidad.Adem\u00e1s, tambien contribuye la migraci\u00f3n hacia el Oeste del arco tect\u00f3nico de Gibraltar, entre Eurasia y \u00c1frica.<\/p>\n<p style=\"text-align: justify;\">Las investigaciones pluridisciplinares desarrolladas en esta \u00e1rea por este grupo de cient\u00edficos pretenden caracterizar la peligrosidad geol\u00f3gica, conocer el origen y recurrencia de la sismicidad y determinar las magnitudes m\u00e1ximas esperables de la actividad de las fallas reconocidas.<\/p>\n<p style=\"text-align: justify;\">Para ello, se analiza en su conjunto las estructuras activas de la Cordillera B\u00e9tica, Mar de Albor\u00e1n y Rif y se modelizan los efectos tsunamig\u00e9nicos de estas zonas de falla que intersectan el Mar de Albor\u00e1n.<\/p>\n<p style=\"text-align: justify;\">Las investigaciones se desarrollan en el marco de los proyectos Damage (AEI- Ministerio de Ciencia e Innovaci\u00f3n), Agora y Papel (Junta de Andaluc\u00eda), dirigidos desde el Instituto Andaluz de Ciencias de la Tierra (CSIC-UGR) y el departamento de Geodin\u00e1mica de la Universidad de Granada (IP: Jes\u00fas Galindo Zald\u00edvar). Integran resultados geol\u00f3gicos y geof\u00edsicos (Asier Madarieta y Lourdes Gonz\u00e1lez Castillo, Universidad de Granada), sismolog\u00eda (Jose Antonio Pel\u00e1ez, Universidad de Ja\u00e9n) y geodesia (coordinados por Antonio J. Gil yAntonio M. Ruiz Armenteros, Universidad de Ja\u00e9n).<\/p>\n<p style=\"text-align: justify;\">Los resultados contribuyen, adem\u00e1s, a la caracterizaci\u00f3n de los riesgos geol\u00f3gicos marinos, principalmente de tsunamis en el Mar de Albor\u00e1n con la participaci\u00f3n en estos proyectos de investigadores del Instituto de Ciencias del Mar (CSIC), Universidad de M\u00e1laga, Real Observatorio de la Armada, as\u00ed como de diversas instituciones de Marruecos, Francia, Alemania y Portugal.<\/p>\n<p style=\"text-align: justify;\">La aprobaci\u00f3n del nuevo proyecto CASCADA solicitado al Ministerio de Ciencia e Innovaci\u00f3n permitir\u00e1 estudiar la continuidad de estructuras tierra-mar y conocer la interacci\u00f3n de la actividad producida en zonas de falla que se desencadena en cascada en esta zona de colisi\u00f3n entre Eurasia y \u00c1frica.<\/p>\n<p><img loading=\"lazy\" decoding=\"async\" class=\"alignnone aligncenter\" src=\"https:\/\/i2.wp.com\/canal.ugr.es\/wp-content\/uploads\/2021\/01\/Captura-de-pantalla-2021-01-26-a-las-9.53.52.png?resize=600%2C531&amp;ssl=1\" alt=\"esquema fallas\" width=\"600\" height=\"531\" \/><\/p>\n<p>Esquema de las fallas de la Vega de Granada realizado por los cient\u00edficos de la UGR<\/p>\n<p><img loading=\"lazy\" decoding=\"async\" class=\"alignnone\" src=\"https:\/\/i0.wp.com\/canal.ugr.es\/wp-content\/uploads\/2021\/01\/Medidas-magnetoteluricas.jpg?resize=600%2C338&amp;ssl=1\" alt=\"Los investigadores de la UGR realizan medidas magnetotel\u00faricas en la Vega de Granada.\" width=\"600\" height=\"338\" \/><\/p>\n<p>Sondeo geof\u00edsico magnetotel\u00farico que identifica la estructura de la corteza y el manto superior, desde la superficie terrestre hasta la centena de kil\u00f3metros de profundidad.<\/p>\n<p><img loading=\"lazy\" decoding=\"async\" class=\"alignnone\" src=\"https:\/\/i1.wp.com\/canal.ugr.es\/wp-content\/uploads\/2021\/01\/Medida-de-gravimetria.jpg?resize=600%2C450&amp;ssl=1\" alt=\"investigador de la UGR realiza medidas de gravimetr\u00eda\" width=\"600\" height=\"450\" \/><\/p>\n<p>Medidas geof\u00edsicas de gravimetr\u00eda que permiten conocer el espesor del relleno sedimentario de la Cuenca de Granada y su relaci\u00f3n con las zonas de falla<\/p>\n<p><strong><u>Contacto:<\/u><\/strong><\/p>\n<p><strong>Jes\u00fas Galindo-Zald\u00edvar<\/strong><\/p>\n<p>Dpto. de Geodinamica, Universidad de Granada \/Instituto Andaluz de Ciencias de la Tierra<\/p>\n<p>Tel\u00e9fono: 958 243 349<\/p>\n<p>Correo electr\u00f3nico: <a href=\"mailto:jgalindo@ugr.es\">jgalindo@ugr.es<\/a><\/p>\n<\/div>\n<p>FOTO: Gr\u00e1fico del Instituto Geogr\u00e1fico Nacional sobre el enjambre s\u00edsmico de la Vega de Granada, alrededor de Santa Fe, con unos 500 terremotos desde el 1 de diciembre de 2020 a finales de enero de 2021 \/ IGN<\/p>\n","protected":false},"excerpt":{"rendered":"<p>Investigadores del departamento de Geodin\u00e1mica de la Universidad de Granada y del Instituto Andaluz de&#8230;<\/p>\n","protected":false},"author":1,"featured_media":44940,"comment_status":"closed","ping_status":"closed","sticky":false,"template":"","format":"standard","meta":{"_coblocks_attr":"","_coblocks_dimensions":"","_coblocks_responsive_height":"","_coblocks_accordion_ie_support":"","jetpack_post_was_ever_published":false,"_jetpack_newsletter_access":"","_jetpack_dont_email_post_to_subs":false,"_jetpack_newsletter_tier_id":0,"_jetpack_memberships_contains_paywalled_content":false,"_jetpack_memberships_contains_paid_content":false,"footnotes":"","jetpack_publicize_message":"","jetpack_publicize_feature_enabled":true,"jetpack_social_post_already_shared":false,"jetpack_social_options":{"image_generator_settings":{"template":"highway","default_image_id":0,"enabled":false},"version":2}},"categories":[2,1161,9,44,15],"tags":[8021,8020,4209],"class_list":["post-44939","post","type-post","status-publish","format-standard","has-post-thumbnail","hentry","category-atarfe","category-ciudadania","category-medio-ambiente","category-noticias-de-hoy","category-ultimas-noticias","tag-enjambre-sismico","tag-geodinamica","tag-terremotos"],"jetpack_publicize_connections":[],"jetpack_featured_media_url":"https:\/\/i0.wp.com\/miradordeatarfe.es\/wp-content\/uploads\/2021\/01\/1611835945_144080_1611836333_noticia_normal_recorte1.jpg?fit=1300%2C1168&ssl=1","jetpack_likes_enabled":true,"jetpack_sharing_enabled":true,"_links":{"self":[{"href":"https:\/\/miradordeatarfe.es\/index.php?rest_route=\/wp\/v2\/posts\/44939","targetHints":{"allow":["GET"]}}],"collection":[{"href":"https:\/\/miradordeatarfe.es\/index.php?rest_route=\/wp\/v2\/posts"}],"about":[{"href":"https:\/\/miradordeatarfe.es\/index.php?rest_route=\/wp\/v2\/types\/post"}],"author":[{"embeddable":true,"href":"https:\/\/miradordeatarfe.es\/index.php?rest_route=\/wp\/v2\/users\/1"}],"replies":[{"embeddable":true,"href":"https:\/\/miradordeatarfe.es\/index.php?rest_route=%2Fwp%2Fv2%2Fcomments&post=44939"}],"version-history":[{"count":1,"href":"https:\/\/miradordeatarfe.es\/index.php?rest_route=\/wp\/v2\/posts\/44939\/revisions"}],"predecessor-version":[{"id":44941,"href":"https:\/\/miradordeatarfe.es\/index.php?rest_route=\/wp\/v2\/posts\/44939\/revisions\/44941"}],"wp:featuredmedia":[{"embeddable":true,"href":"https:\/\/miradordeatarfe.es\/index.php?rest_route=\/wp\/v2\/media\/44940"}],"wp:attachment":[{"href":"https:\/\/miradordeatarfe.es\/index.php?rest_route=%2Fwp%2Fv2%2Fmedia&parent=44939"}],"wp:term":[{"taxonomy":"category","embeddable":true,"href":"https:\/\/miradordeatarfe.es\/index.php?rest_route=%2Fwp%2Fv2%2Fcategories&post=44939"},{"taxonomy":"post_tag","embeddable":true,"href":"https:\/\/miradordeatarfe.es\/index.php?rest_route=%2Fwp%2Fv2%2Ftags&post=44939"}],"curies":[{"name":"wp","href":"https:\/\/api.w.org\/{rel}","templated":true}]}}