{"id":44943,"date":"2021-01-29T10:29:57","date_gmt":"2021-01-29T09:29:57","guid":{"rendered":"http:\/\/miradordeatarfe.es\/?p=44943"},"modified":"2021-01-28T18:38:07","modified_gmt":"2021-01-28T17:38:07","slug":"bulos-y-desinformaciones-sobre-los-terremotos-de-granada","status":"publish","type":"post","link":"https:\/\/miradordeatarfe.es\/?p=44943","title":{"rendered":"Bulos y desinformaciones sobre los terremotos de Granada"},"content":{"rendered":"<div class=\"article-section-headline section-title section-background-malditobulo\">\u00a0<\/div>\n<div id=\"article-meta\" class=\"mb-6\">\n<div id=\"article-share\" class=\"flex mb-6\">\n<div class=\"meta-value \">\n<div class=\"flex flex-row justify-around\">\n<h3 class=\"share-icon social-facebook-icon\" style=\"text-align: justify;\">Una <strong>veintena de terremotos de hasta magnitud 4,3 en la escala de Ritcher se pudieron sentir en la noche del 26 enero en la provincia de Granada<\/strong>. Una situaci\u00f3n que provoc\u00f3 que circularan varios bulos alertando de otros terremotos pr\u00f3ximos, grietas que ya estaban previamente o v\u00eddeos antiguos de otras localidades.\u00a0<\/h3>\n<div class=\"share-icon social-twitter-icon\">\u00a0<\/div>\n<\/div>\n<\/div>\n<\/div>\n<\/div>\n<div id=\"article-content\" class=\"flex flex-col-reverse lg:flex-row\">\n<div id=\"article-text\">\n<h2>No, el terremoto del 26 de enero no ha provocado una grieta en la calzada de Camino de Ronda, es anterior<\/h2>\n<figure class=\"wp-block-image size-large\"><img data-recalc-dims=\"1\" decoding=\"async\" src=\"https:\/\/i0.wp.com\/maldita.es\/uploads\/public\/BuloGrietaGranada.jpg?w=640&#038;ssl=1\" alt=\"\" \/><\/figure>\n<p>Minutos despu\u00e9s del primer terremoto, <strong>se movi\u00f3 una fotograf\u00eda de una grieta en uno de los pasos de cebra en la calzada de Camino de Ronda<\/strong> que atribu\u00edan al temblor que se acababa de producir. Pero <strong>es un bulo, la grieta ya estaba ah\u00ed anteriormente<\/strong>. Tal y como se puede comprobar en Google Maps, al menos<strong> desde 2019, ya hab\u00eda una grieta<\/strong> a la altura de esa calle.<\/p>\n<figure class=\"wp-block-image size-large\"><img data-recalc-dims=\"1\" decoding=\"async\" src=\"https:\/\/i0.wp.com\/maldita.es\/uploads\/public\/mapa_granada.jpg?w=640&#038;ssl=1\" alt=\"\" \/><\/figure>\n<p>Adem\u00e1s, la <strong>Polic\u00eda Local de Granada tambi\u00e9n ha asegurado que la fisura en la calle es previa a los temblores<\/strong>.<\/p>\n<figure class=\"wp-block-embed-twitter wp-block-embed is-type-rich is-provider-twitter\">\n<div class=\"wp-block-embed__wrapper\">\n<div class=\"twitter-tweet twitter-tweet-rendered\"><iframe id=\"twitter-widget-0\" class=\"\" title=\"Twitter Tweet\" src=\"https:\/\/platform.twitter.com\/embed\/index.html?creatorScreenName=maldita_es&amp;dnt=false&amp;embedId=twitter-widget-0&amp;frame=false&amp;hideCard=false&amp;hideThread=false&amp;id=1354211752981000193&amp;lang=es&amp;origin=https%3A%2F%2Fmaldita.es%2Fmalditobulo%2F20210128%2Fbulos-terremotos-granada%2F&amp;siteScreenName=maldita_es&amp;theme=light&amp;widgetsVersion=ed20a2b%3A1601588405575&amp;width=550px\" frameborder=\"0\" scrolling=\"no\" allowfullscreen=\"allowfullscreen\" data-tweet-id=\"1354211752981000193\" data-mce-fragment=\"1\"><\/iframe><\/div>\n<\/div>\n<\/figure>\n<h2>No, a la 1 de la madrugada no hubo un terremoto m\u00e1s fuerte en Granada<\/h2>\n<p>Otros de los bulos que han circulado son <strong>un audio y una cadena de Whatsapp en los que aseguraban que a la 1 de la madrugada se iba a producir otro terremoto m\u00e1s fuerte<\/strong> y alertaban a la poblaci\u00f3n de que salieran de casa por precauci\u00f3n. <strong>Esto no sucedi\u00f3<\/strong>.<\/p>\n<figure class=\"wp-block-embed-soundcloud wp-block-embed is-type-rich is-provider-soundcloud\">\n<div class=\"wp-block-embed__wrapper\"><iframe loading=\"lazy\" src=\"https:\/\/w.soundcloud.com\/player\/?visual=true&amp;url=https%3A%2F%2Fapi.soundcloud.com%2Ftracks%2F973640206&amp;show_artwork=true\" width=\"100%\" height=\"400\" frameborder=\"no\" scrolling=\"no\" data-mce-fragment=\"1\"><\/iframe><\/div>\n<\/figure>\n<p>Aunque se produjeron varias r\u00e9plicas, no fueron m\u00e1s fuertes que el primero que se sinti\u00f3. Adem\u00e1s, circul\u00f3 tambi\u00e9n otra cadena de WhatsApp en la que se dec\u00eda que Protecci\u00f3n Civil ped\u00eda que la gente desalojara los edificios. <strong>Protecci\u00f3n Civil de Granada, neg\u00f3 en Twitter que se produjeran estos avisos. De hecho, pidieron que se quedaran en casa por precauci\u00f3n<\/strong>.<\/p>\n<figure class=\"wp-block-embed-twitter wp-block-embed is-type-rich is-provider-twitter\">\n<div class=\"wp-block-embed__wrapper\">\n<div class=\"twitter-tweet twitter-tweet-rendered\"><iframe id=\"twitter-widget-1\" class=\"\" title=\"Twitter Tweet\" src=\"https:\/\/platform.twitter.com\/embed\/index.html?creatorScreenName=maldita_es&amp;dnt=false&amp;embedId=twitter-widget-1&amp;frame=false&amp;hideCard=false&amp;hideThread=false&amp;id=1354207113531125761&amp;lang=es&amp;origin=https%3A%2F%2Fmaldita.es%2Fmalditobulo%2F20210128%2Fbulos-terremotos-granada%2F&amp;siteScreenName=maldita_es&amp;theme=light&amp;widgetsVersion=ed20a2b%3A1601588405575&amp;width=550px\" frameborder=\"0\" scrolling=\"no\" allowfullscreen=\"allowfullscreen\" data-tweet-id=\"1354207113531125761\" data-mce-fragment=\"1\"><\/iframe><\/div>\n<\/div>\n<\/figure>\n<p><strong><a href=\"https:\/\/maldita.es\/malditobulo\/20210127\/informarse-situacion-crisis-alarma-social\/\">Ante situaciones de alarma social, es importante informarse a trav\u00e9s de fuentes oficiales y no difundir contenido dudoso<\/a> entre tus contactos<\/strong>. Desde que se produjeron los primeros terremotos, el <a href=\"https:\/\/twitter.com\/aytogr\">Ayuntamiento de Granada<\/a>, el <a href=\"https:\/\/twitter.com\/E112Andalucia\">112 de Andaluc\u00eda<\/a>, <a href=\"https:\/\/twitter.com\/pcivilgranada\">Protecci\u00f3n Civil de Granada<\/a> y la <a href=\"https:\/\/twitter.com\/PoliciaGr\">Polic\u00eda Local de Granada<\/a> <strong>est\u00e1n haciendo un seguimiento minuto a minuto de lo ocurrido<\/strong> y lo est\u00e1n contando en canales como sus redes sociales. <strong>F\u00edate s\u00f3lo de esta y otras fuentes oficiales<\/strong>. Adem\u00e1s, <strong>si te llegan otros contenidos de los que dudas, h\u00e1znoslos llegar a trav\u00e9s de nuestro servicio de WhatsApp (<a href=\"https:\/\/wa.me\/34644229319\">+34 644 22 93 19<\/a>)<\/strong> para que nosotros lo verifiquemos.<\/p>\n<h2><strong>No, \u201cel final de los d\u00edas\u201d no se acerca: es un v\u00eddeo parodia que ocurri\u00f3 en Badajoz<\/strong><\/h2>\n<figure class=\"wp-block-image size-large\"><img data-recalc-dims=\"1\" decoding=\"async\" src=\"https:\/\/i0.wp.com\/maldita.es\/uploads\/public\/BuloFinalDiasGranada.jpg?w=640&#038;ssl=1\" alt=\"\" \/><\/figure>\n<p>Tambi\u00e9n se ha difundido un v\u00eddeo en el que <strong>un se\u00f1or en patinete el\u00e9ctrico que dice ser Mois\u00e9s grita que \u201cel final de los d\u00edas se acerca, los \u00faltimos ser\u00e1n los primeros\u201d<\/strong> y que se sit\u00faa en Granada, pero <strong>es un bulo. No fue grabado en Granada<\/strong>.<\/p>\n<figure class=\"wp-block-embed-twitter wp-block-embed is-type-rich is-provider-twitter\">\n<div class=\"wp-block-embed__wrapper\">\n<div class=\"twitter-tweet twitter-tweet-rendered\"><iframe id=\"twitter-widget-2\" class=\"\" title=\"Twitter Tweet\" src=\"https:\/\/platform.twitter.com\/embed\/index.html?creatorScreenName=maldita_es&amp;dnt=false&amp;embedId=twitter-widget-2&amp;frame=false&amp;hideCard=false&amp;hideThread=false&amp;id=1354205964614967303&amp;lang=es&amp;origin=https%3A%2F%2Fmaldita.es%2Fmalditobulo%2F20210128%2Fbulos-terremotos-granada%2F&amp;siteScreenName=maldita_es&amp;theme=light&amp;widgetsVersion=ed20a2b%3A1601588405575&amp;width=550px\" frameborder=\"0\" scrolling=\"no\" allowfullscreen=\"allowfullscreen\" data-tweet-id=\"1354205964614967303\" data-mce-fragment=\"1\"><\/iframe><\/div>\n<\/div>\n<\/figure>\n<p><strong>El v\u00eddeo es real pero se grab\u00f3 en el mes de marzo en Badajoz<\/strong>, como se puede comprobar en la noticia que public\u00f3 <a href=\"https:\/\/www.hoy.es\/culturas\/tv\/video-broma-murguero-badajoz-6141338393001-20200313112313-vi.html\">el diario <em>Hoy <\/em>el 13 de marzo de 2020<\/a>, donde aseguran que <strong>es una broma<\/strong>.<\/p>\n<h2>No, Juanma Moreno no ha publicado que declara el estado de emergencia en Granada &#8216;porque se prev\u00e9n movimientos s\u00edsmicos de alta frecuencia durante toda la noche&#8217;: es un montaje<\/h2>\n<figure class=\"wp-block-image size-large\"><img data-recalc-dims=\"1\" decoding=\"async\" src=\"https:\/\/i0.wp.com\/maldita.es\/uploads\/public\/BULO%20Juanma%20Moreno%20terremotos%20Granada.jpg?w=640&#038;ssl=1\" alt=\"\" \/><\/figure>\n<p>Otro bulo se ha difundido con este texto que <a href=\"https:\/\/maldita.es\/malditobulo\/20210127\/juanma-moreno-estado-emergencia-granada-movimientos-sismicos-terremotos\/\">circula como si fuese una publicaci\u00f3n en redes sociales del presidente de la Junta de Andaluc\u00eda<\/a>, Juanma Moreno: \u00abCOMUNICADO OFICIAL: Declaramos el estado de emergencia en la provincia de Granada durante las pr\u00f3ximas 12h. Seg\u00fan los expertos, se prev\u00e9n movimientos s\u00edsmicos de alta frecuencia durante toda la noche\u00bb.<\/p>\n<p>Pero <strong>la imagen es un montaje<\/strong> y como podemos ver se han dejado algunos rastros de haber borrado el mensaje original, como marcamos en la captura:<\/p>\n<div class=\"wp-block-image\">\n<figure class=\"aligncenter size-large is-resized\"><img data-recalc-dims=\"1\" loading=\"lazy\" decoding=\"async\" class=\"aligncenter\" src=\"https:\/\/i0.wp.com\/maldita.es\/uploads\/public\/Juanma%20Moreno%20emergencia%20montaje.jpg?resize=275%2C371&#038;ssl=1\" alt=\"\" width=\"275\" height=\"371\" \/><\/figure>\n<\/div>\n<p>Adem\u00e1s, el mensaje original del presidente andaluz <strong>no menciona que se prevean \u00abmovimientos s\u00edsmicos de alta frecuencia durante toda la noche\u00bb<\/strong> ni que se haya declarado el estado de emergencia sino de \u00abpreemergencia\u00bb. Por su parte, la Junta de Andaluc\u00eda afirma que es un \u00abbulo\u00bb.<\/p>\n<h2>No, ABC no ha publicado que el pico Veleta \u2018es desde ayer el m\u00e1s alto de la pen\u00ednsula\u2019 debido a los terremotos de Granada<\/h2>\n<div class=\"wp-block-image\">\n<figure class=\"aligncenter size-large\"><img data-recalc-dims=\"1\" decoding=\"async\" src=\"https:\/\/i0.wp.com\/maldita.es\/uploads\/public\/BULO%20pico%20Veleta%20aBC.jpg?w=640&#038;ssl=1\" alt=\"\" \/><\/figure>\n<\/div>\n<p>Tambi\u00e9n nos hab\u00e9is preguntado por un <a href=\"https:\/\/maldita.es\/malditobulo\/20210128\/abc-pico-veleta-mas-alto-peninsula-terremotos-granada\/\">contenido supuestamente publicado en el diario\u00a0<em>ABC<\/em><\/a>\u00a0el mi\u00e9rcoles 27 de enero sobre esta cumbre de Sierra Nevada y cuyo supuesto cambio de altura relaciona con los terremotos ocurridos en Granada.\u00a0<strong>Es un bulo<\/strong>.\u00a0<strong>La p\u00e1gina del diario en la que se habr\u00eda publicado es otra distinta<\/strong>, es de la secci\u00f3n de Sociedad y no de Ciencia, y el contenido no se ha publicado ah\u00ed. Adem\u00e1s,\u00a0la persona que en teor\u00eda lo firma\u00a0<strong>ha negado haber escrito el contenido<\/strong>.<\/p>\n<p><a href=\"https:\/\/i0.wp.com\/miradordeatarfe.es\/wp-content\/uploads\/2021\/01\/Screenshot_2021-01-28-Bulos-y-desinformaciones-sobre-los-terremotos-de-Granada-Maldita-es.png?ssl=1\"><img data-recalc-dims=\"1\" loading=\"lazy\" decoding=\"async\" class=\"alignnone wp-image-44946 size-full\" src=\"https:\/\/i0.wp.com\/miradordeatarfe.es\/wp-content\/uploads\/2021\/01\/Screenshot_2021-01-28-Bulos-y-desinformaciones-sobre-los-terremotos-de-Granada-Maldita-es.png?resize=640%2C591&#038;ssl=1\" alt=\"\" width=\"640\" height=\"591\" \/><\/a><\/p>\n<figure class=\"wp-block-embed-twitter wp-block-embed is-type-rich is-provider-twitter\">\n<div>https:\/\/maldita.es\/malditobulo\/20210128\/bulos-terremotos-granada\/<\/div>\n<\/figure>\n<hr \/>\n<p class=\"font-thin text-xs\">Primera fecha de publicaci\u00f3n de este art\u00edculo: 27\/01\/2021<\/p>\n<\/div>\n<\/div>\n","protected":false},"excerpt":{"rendered":"<p>\u00a0 Una veintena de terremotos de hasta magnitud 4,3 en la escala de Ritcher se&#8230;<\/p>\n","protected":false},"author":1,"featured_media":44944,"comment_status":"closed","ping_status":"closed","sticky":false,"template":"","format":"standard","meta":{"_coblocks_attr":"","_coblocks_dimensions":"","_coblocks_responsive_height":"","_coblocks_accordion_ie_support":"","jetpack_post_was_ever_published":false,"_jetpack_newsletter_access":"","_jetpack_dont_email_post_to_subs":false,"_jetpack_newsletter_tier_id":0,"_jetpack_memberships_contains_paywalled_content":false,"_jetpack_memberships_contains_paid_content":false,"footnotes":"","jetpack_publicize_message":"","jetpack_publicize_feature_enabled":true,"jetpack_social_post_already_shared":false,"jetpack_social_options":{"image_generator_settings":{"template":"highway","default_image_id":0,"enabled":false},"version":2}},"categories":[2,1161,44,15],"tags":[81,8022,129,8023],"class_list":["post-44943","post","type-post","status-publish","format-standard","has-post-thumbnail","hentry","category-atarfe","category-ciudadania","category-noticias-de-hoy","category-ultimas-noticias","tag-atarfe","tag-bulos-terremotyos","tag-granada","tag-santeafe"],"jetpack_publicize_connections":[],"jetpack_featured_media_url":"https:\/\/i0.wp.com\/miradordeatarfe.es\/wp-content\/uploads\/2021\/01\/BulosTGranada.jpg?fit=1600%2C675&ssl=1","jetpack_likes_enabled":true,"jetpack_sharing_enabled":true,"_links":{"self":[{"href":"https:\/\/miradordeatarfe.es\/index.php?rest_route=\/wp\/v2\/posts\/44943","targetHints":{"allow":["GET"]}}],"collection":[{"href":"https:\/\/miradordeatarfe.es\/index.php?rest_route=\/wp\/v2\/posts"}],"about":[{"href":"https:\/\/miradordeatarfe.es\/index.php?rest_route=\/wp\/v2\/types\/post"}],"author":[{"embeddable":true,"href":"https:\/\/miradordeatarfe.es\/index.php?rest_route=\/wp\/v2\/users\/1"}],"replies":[{"embeddable":true,"href":"https:\/\/miradordeatarfe.es\/index.php?rest_route=%2Fwp%2Fv2%2Fcomments&post=44943"}],"version-history":[{"count":1,"href":"https:\/\/miradordeatarfe.es\/index.php?rest_route=\/wp\/v2\/posts\/44943\/revisions"}],"predecessor-version":[{"id":44947,"href":"https:\/\/miradordeatarfe.es\/index.php?rest_route=\/wp\/v2\/posts\/44943\/revisions\/44947"}],"wp:featuredmedia":[{"embeddable":true,"href":"https:\/\/miradordeatarfe.es\/index.php?rest_route=\/wp\/v2\/media\/44944"}],"wp:attachment":[{"href":"https:\/\/miradordeatarfe.es\/index.php?rest_route=%2Fwp%2Fv2%2Fmedia&parent=44943"}],"wp:term":[{"taxonomy":"category","embeddable":true,"href":"https:\/\/miradordeatarfe.es\/index.php?rest_route=%2Fwp%2Fv2%2Fcategories&post=44943"},{"taxonomy":"post_tag","embeddable":true,"href":"https:\/\/miradordeatarfe.es\/index.php?rest_route=%2Fwp%2Fv2%2Ftags&post=44943"}],"curies":[{"name":"wp","href":"https:\/\/api.w.org\/{rel}","templated":true}]}}