{"id":44948,"date":"2021-01-30T10:00:18","date_gmt":"2021-01-30T09:00:18","guid":{"rendered":"http:\/\/miradordeatarfe.es\/?p=44948"},"modified":"2021-01-28T18:59:59","modified_gmt":"2021-01-28T17:59:59","slug":"la-decision-de-mercadona-que-supone-un-antes-y-un-despues-tenlo-en-cuenta-la-proxima-vez-que-vayas","status":"publish","type":"post","link":"https:\/\/miradordeatarfe.es\/?p=44948","title":{"rendered":"La decisi\u00f3n de Mercadona que supone un antes y un despu\u00e9s: tenlo en cuenta la pr\u00f3xima vez que vayas"},"content":{"rendered":"<div class=\"headline\">\n<h2 class=\"headline__subtitle\" style=\"text-align: justify;\">La cadena de supermercados deja de ofrecer este utensilio en sus tiendas.<\/h2>\n<div class=\"content-list-component text\" style=\"text-align: justify;\">\n<p>Se acab\u00f3. <strong>Mercadona<\/strong>\u00a0ha eliminado definitivamente las bolsas de pl\u00e1stico de un solo uso. La cadena de supermercados de origen valenciano ha retirado estos utensilios de todas las secciones de sus m\u00e1s de 1.600 tiendas, as\u00ed como en el servicio a domicilio y en la compra por internet,\u00a0<a href=\"https:\/\/info.mercadona.es\/es\/cuidemos-el-planeta\/nuestros-hechos\/mercadona-cumple-con-su-compromiso-y-elimina-las-bolsas-de-plastico-de-un-solo-uso-en-todas-sus-tiendas\/news?idCategoriaSeleccionada=1470731340250\" target=\"_blank\" rel=\"noopener noreferrer\" data-rapid-elm=\"context_link\" data-rapid-sec=\"{&quot;entry-text&quot;:&quot;entry-text&quot;}\" data-rapid-itc=\"0\" data-ylk=\"itc:0\" data-rapid_p=\"3\" data-v9y=\"1\">seg\u00fan ha informado en un comunicado.<\/a>\u00a0<\/p>\n<p>A partir de ahora, la compa\u00f1\u00eda que dirige Juan Roig ofrece en su lugar a los clientes unas bolsas compostables fabricadas a partir de f\u00e9cula de patata. Estas ya se pueden encontrar en la secci\u00f3n de fruter\u00eda.<\/p>\n<p>Esta sustituci\u00f3n conlleva un cambio de h\u00e1bitos para los ciudadanos. A diferencia de las anteriores bolsas, las nuevas se tienen que tirar al contenedor de materia org\u00e1nica, de color marr\u00f3n, para su reciclaje. Las nuevas bolsas incluyen un pictograma para facilitar a los clientes la separaci\u00f3n.<\/p>\n<div id=\"entry_paragraph_3\" class=\"advertisement-holder entry-paragraph-ad entry-body--paragraph-ad\" data-label-height=\"50\">\n<div class=\"ad_spot \">\n<div id=\"cser_gpt-INTEXT\" class=\"adspot-element ad-entry_paragraph_3 ad-rendered\" data-google-query-id=\"CP336YSWv-4CFdElGwodIAAJTQ\">\n<div id=\"google_ads_iframe_7811748\/huffingtonpost_web\/noticias\/intext_0__container__\"><iframe id=\"google_ads_iframe_7811748\/huffingtonpost_web\/noticias\/intext_0\" title=\"3rd party ad content\" name=\"google_ads_iframe_7811748\/huffingtonpost_web\/noticias\/intext_0\" width=\"1\" height=\"1\" frameborder=\"0\" marginwidth=\"0\" marginheight=\"0\" scrolling=\"no\" data-google-container-id=\"9\" data-load-complete=\"true\" data-mce-fragment=\"1\"><\/iframe><\/div>\n<\/div>\n<\/div>\n<\/div>\n<\/div>\n<figure class=\"content-list-component image\" style=\"text-align: justify;\"><span class=\"share-bar-image-wrapper\"><img data-recalc-dims=\"1\" decoding=\"async\" class=\"image__src alignleft\" src=\"https:\/\/i0.wp.com\/img.huffingtonpost.com\/asset\/60104254240000b0110b85a4.jpeg?w=640&#038;ssl=1\" alt=\"Dos empleados de Mercadona con las nuevas bolsas\" aria-label=\"Dos empleados de Mercadona con las nuevas bolsas\" \/> <\/span><\/p>\n<div class=\"image__meta-wrapper\">\n<div class=\"image__meta-wrapper\"><span class=\"image__credit\">Mercadona<\/span><\/div>\n<\/div><figcaption class=\"image__caption\">Dos empleados de Mercadona con las nuevas bolsas compostables.<\/figcaption><\/figure>\n<div class=\"content-list-component text\">\n<p style=\"text-align: justify;\">A mediados del a\u00f1o pasado, el Gobierno aprob\u00f3 el anteproyecto de ley de residuos suelos contaminados, que inclu\u00eda la creaci\u00f3n de un impuesto a los pl\u00e1sticos no reutilizables\u00a0con el objetivo de reducir su consumo.\u00a0Este nuevo impuesto ascender\u00e1 a 0,45 euros por kilogramo de envase.<\/p>\n<p style=\"text-align: justify;\">A pesar de que esta normativa todav\u00eda esta en tramitaci\u00f3n, muchas empresas espa\u00f1olas est\u00e1n dando peque\u00f1os pasos para reducir el uso de pl\u00e1sticos.<\/p>\n<h3 style=\"text-align: justify;\">La cadena ya retir\u00f3 las bolsas de las cajas<\/h3>\n<p style=\"text-align: justify;\">Hace dos a\u00f1os, la cadena retir\u00f3 <em>las bolsas de pl\u00e1stico que ofrec\u00eda en las cajas para meter los productos<\/em>. Una decisi\u00f3n con la que se adelantaba a la normativa que busca limitar el uso de pl\u00e1stico. Los comercios espa\u00f1oles\u00a0<strong>no pueden regalar bolsas desde el 1 de julio de 2018<\/strong><strong>.<\/strong><\/p>\n<p style=\"text-align: justify;\">Al ir a guardar los productos comprados, los clientes pueden optar por otros tres tipos de bolsa, si no llevan la suya desde casa:\u00a0<\/p>\n<blockquote>\n<p>&#8211; Las de papel, que cuestan 10 c\u00e9ntimos.<\/p>\n<p>&#8211; Las de rafia, que cuestan 50 c\u00e9ntimos.<\/p>\n<p>&#8211; Las bolsas con un 50-70% de pl\u00e1stico reciclado, que cuestan 10 c\u00e9ntimos.<\/p>\n<\/blockquote>\n<p style=\"text-align: justify;\">A estas bolsas tambi\u00e9n se les ha incorporado un pictograma para indicar en qu\u00e9 contenedor tienen que tirarse.\u00a0<\/p>\n<p style=\"text-align: justify;\">La eliminaci\u00f3n de bolsas forma parte de la <em>Estrategia 6.25<\/em> de Mercadona, presentada en el 2020, con la que la cadena se comprometi\u00f3 a retirar 3.200 toneladas de pl\u00e1stico al a\u00f1o. Uno de los objetivos que se plante\u00f3 la cadena era rebajar un 25% de pl\u00e1stico, hacer todos los envases reciclables y reciclar los residuos pl\u00e1sticos generados en las instalaciones.<\/p>\n<p style=\"text-align: justify;\">Asimismo, la compa\u00f1\u00eda ha colocado papeleras diferenciadas en todas las secciones de las tiendas para que los clientes puedan depositar sus residuos de forma separada.<\/p>\n<\/div>\n<h4>\u00a0<span class=\"author-card__details-container\"><a class=\"author-card__details__name\" href=\"https:\/\/www.huffingtonpost.es\/author\/eduardo-loren\" data-ylk=\"subsec:byline;cpos:1;pos:2\" data-rapid-sec=\"{&quot;entry-header&quot;:&quot;entry-header&quot;}\" data-rapid-pos=\"2\" data-rapid_p=\"10\" data-v9y=\"1\"><span class=\"author-card__details__name\">Por Eduardo Lore<\/span><\/a><\/span><\/h4>\n<p><span class=\"image__credit\">FOTO:SOPA Images via Getty Images<\/span>Una tienda de Mercadona en Valencia.<\/p>\n<\/div>\n<div class=\"author-byline yr-byline\" data-rapid-subsec=\"byline\">\u00a0<\/div>\n","protected":false},"excerpt":{"rendered":"<p>La cadena de supermercados deja de ofrecer este utensilio en sus tiendas. Se acab\u00f3. Mercadona\u00a0ha&#8230;<\/p>\n","protected":false},"author":1,"featured_media":44949,"comment_status":"closed","ping_status":"closed","sticky":false,"template":"","format":"standard","meta":{"_coblocks_attr":"","_coblocks_dimensions":"","_coblocks_responsive_height":"","_coblocks_accordion_ie_support":"","jetpack_post_was_ever_published":false,"_jetpack_newsletter_access":"","_jetpack_dont_email_post_to_subs":false,"_jetpack_newsletter_tier_id":0,"_jetpack_memberships_contains_paywalled_content":false,"_jetpack_memberships_contains_paid_content":false,"footnotes":"","jetpack_publicize_message":"","jetpack_publicize_feature_enabled":true,"jetpack_social_post_already_shared":false,"jetpack_social_options":{"image_generator_settings":{"template":"highway","default_image_id":0,"enabled":false},"version":2}},"categories":[7725,1161,9,44,15],"tags":[8024],"class_list":["post-44948","post","type-post","status-publish","format-standard","has-post-thumbnail","hentry","category-atarfe-sostenible","category-ciudadania","category-medio-ambiente","category-noticias-de-hoy","category-ultimas-noticias","tag-bolsas-de-plastico"],"jetpack_publicize_connections":[],"jetpack_featured_media_url":"https:\/\/i0.wp.com\/miradordeatarfe.es\/wp-content\/uploads\/2021\/01\/Screenshot_2021-01-28-Mercadona-cumple-con-su-compromiso-y-elimina-las-bolsas-de-plastico-de-un-solo-uso-en-todas-sus-tiendas.png?fit=1279%2C556&ssl=1","jetpack_likes_enabled":true,"jetpack_sharing_enabled":true,"_links":{"self":[{"href":"https:\/\/miradordeatarfe.es\/index.php?rest_route=\/wp\/v2\/posts\/44948","targetHints":{"allow":["GET"]}}],"collection":[{"href":"https:\/\/miradordeatarfe.es\/index.php?rest_route=\/wp\/v2\/posts"}],"about":[{"href":"https:\/\/miradordeatarfe.es\/index.php?rest_route=\/wp\/v2\/types\/post"}],"author":[{"embeddable":true,"href":"https:\/\/miradordeatarfe.es\/index.php?rest_route=\/wp\/v2\/users\/1"}],"replies":[{"embeddable":true,"href":"https:\/\/miradordeatarfe.es\/index.php?rest_route=%2Fwp%2Fv2%2Fcomments&post=44948"}],"version-history":[{"count":1,"href":"https:\/\/miradordeatarfe.es\/index.php?rest_route=\/wp\/v2\/posts\/44948\/revisions"}],"predecessor-version":[{"id":44950,"href":"https:\/\/miradordeatarfe.es\/index.php?rest_route=\/wp\/v2\/posts\/44948\/revisions\/44950"}],"wp:featuredmedia":[{"embeddable":true,"href":"https:\/\/miradordeatarfe.es\/index.php?rest_route=\/wp\/v2\/media\/44949"}],"wp:attachment":[{"href":"https:\/\/miradordeatarfe.es\/index.php?rest_route=%2Fwp%2Fv2%2Fmedia&parent=44948"}],"wp:term":[{"taxonomy":"category","embeddable":true,"href":"https:\/\/miradordeatarfe.es\/index.php?rest_route=%2Fwp%2Fv2%2Fcategories&post=44948"},{"taxonomy":"post_tag","embeddable":true,"href":"https:\/\/miradordeatarfe.es\/index.php?rest_route=%2Fwp%2Fv2%2Ftags&post=44948"}],"curies":[{"name":"wp","href":"https:\/\/api.w.org\/{rel}","templated":true}]}}