{"id":44951,"date":"2021-01-30T10:47:31","date_gmt":"2021-01-30T09:47:31","guid":{"rendered":"http:\/\/miradordeatarfe.es\/?p=44951"},"modified":"2021-01-28T18:59:29","modified_gmt":"2021-01-28T17:59:29","slug":"granada-acogera-en-marzo-el-inicio-de-la-gira-mundial-de-la-exposicion-inmersiva-ingoya","status":"publish","type":"post","link":"https:\/\/miradordeatarfe.es\/?p=44951","title":{"rendered":"Granada acoger\u00e1 en marzo el inicio de la gira mundial de la exposici\u00f3n inmersiva #INGOYA"},"content":{"rendered":"<h3 style=\"text-align: justify;\">Se trata de una experiencia en la que se proyectan m\u00e1s de 1.000 im\u00e1genes de cuadros de Francisco de Goya sincronizadas con una banda sonora con m\u00fasica de los grandes cl\u00e1sicos espa\u00f1oles<\/h3>\n<div class=\"cnt-body\" style=\"text-align: justify;\">\n<div id=\"cuerpo_noticia_r\" class=\"cuerpo\">\n<p>Granada acoger\u00e1 el 22 de marzo el estreno mundial de #<strong>INGOYA<\/strong>, una experiencia inmersiva en la que se proyectar\u00e1n m\u00e1s de 1.000 im\u00e1genes de cuadros de <a title=\"Francisco de Goya\" href=\"https:\/\/cadenaser.com\/tag\/francisco_de_goya\/a\/\">Francisco de Goya<\/a> acompa\u00f1adas de una banda sonora con la m\u00fasica de los grandes maestros cl\u00e1sicos espa\u00f1oles, entre los que se encuentran <a title=\"Manuel de Falla\" href=\"https:\/\/cadenaser.com\/tag\/manuel_de_falla\/a\/\">Manuel de Falla<\/a> e <a title=\"Isaac Alb\u00e9niz\" href=\"https:\/\/cadenaser.com\/tag\/isaac_albeniz\/a\/\">Isaac Alb\u00e9ni<\/a>z. La capital granadina ser\u00e1 la primera sede de este gran evento precisamente en el a\u00f1o en el que se celebra el 275 aniversario del nacimiento del pintor.<\/p>\n<p>El espacio y el propio dise\u00f1o de la muestra contemplan todas las medidas de seguridad necesarias para la prevenci\u00f3n de contagios por la <a title=\"Coronavirus Covid-19\" href=\"https:\/\/cadenaser.com\/tag\/covid_19\/a\/\">covid<\/a>, desarroll\u00e1ndose en un amplio recinto con capacidad para 3.000 personas, al que acceder\u00e1n un m\u00e1ximo de 120, respetando la distancia de seguridad y con uso obligatorio de mascarilla. Asimismo, el recorrido no incluye ning\u00fan elemento t\u00e1ctil que suponga la interacci\u00f3n manual con el espectador.<\/p>\n<p>En concreto, la exposici\u00f3n estar\u00e1 ubicada en el hall del Palacio de Exposiciones y Congresos de Granada desde el pr\u00f3ximo 22 de marzo hasta el 20 de junio, y permanecer\u00e1 abierta de lunes a domingo en horario de 10:00 a 22:00 horas. <a title=\"Exposici\u00f3n INGoya \" href=\"https:\/\/ingoya.com\/\" target=\"_blank\" rel=\"noopener noreferrer\">Las entradas est\u00e1n disponibles en la web de #INGOYA<\/a> y en www.redentradas.com, con precios que oscilan desde los 9 euros para ni\u00f1os hasta los 12 euros para adultos, contando con descuentos y ofertas especiales, seg\u00fan categor\u00edas.<\/p>\n<h2 class=\"ladillo\">1.000 IM\u00c1GENES EN 35 PANTALLAS DE GRAN TAMA\u00d1O<\/h2>\n<p>#INGOYA es una experiencia de \u00faltima generaci\u00f3n que combina im\u00e1genes en gran formato, movimiento y sonidos que envuelven al visitante y le hacen vivir la obra del pintor de una manera \u00fanica.<\/p>\n<p>Este impactante despliegue de tecnolog\u00eda punta muestra la obra de Goya a trav\u00e9s de 40 proyectores de alta definici\u00f3n, exhibiendo m\u00e1s de 1.000 im\u00e1genes sobre 35 pantallas gigantes de cinco metros de altura, todo ello sincronizado con piezas de m\u00fasica cl\u00e1sica espa\u00f1ola de maestros como Alb\u00e9niz, Falla, Granados y Boccherini, entre otros. Es una exquisita forma de guiarnos con los sentidos a trav\u00e9s de sus cuadros donde, desde el inicio de la visita y hasta el final, el p\u00fablico se ver\u00e1 rodeado por una poderosa y vibrante sinfon\u00eda de luces, colores y sonidos sin antecedentes. Una forma intuitiva y emocionante de impregnarse de la obra de este maestro.<\/p>\n<p>#INGOYA representa una sublime uni\u00f3n del arte con las nuevas tecnolog\u00edas que acerca la figura de este genial pintor al gran p\u00fablico y, de forma especial, a las j\u00f3venes generaciones. Gracias a esta fusi\u00f3n de arte y tecnolog\u00eda es posible realizar un recorrido por la obra de Francisco de Goya que ser\u00eda imposible llevar a cabo reuniendo obras en formato pict\u00f3rico, ya que se encuentran dispersas en museos de todo el mundo.<\/p>\n<p>Adem\u00e1s, hay previstos actos simult\u00e1neos a esta experiencia, especialmente los que coinciden con la fecha de nacimiento del pintor el d\u00eda 30 de marzo. Este espacio tambi\u00e9n est\u00e1 disponible para las empresas que quieran realizar eventos privados para sus marcas, poniendo a su servicio las pantallas de alta definici\u00f3n, que consiguen un gran impacto visual, adem\u00e1s de contar con un amplio espacio &#8216;Covid Free&#8217;.<\/p>\n<p>Cuenta con el respaldo del Ayuntamiento de Granada, Palacio de Exposiciones y Congresos, CaixaBank y Fundaci\u00f3n \u201cLa Caixa\u201d y Hamman Al-Andalus<\/p>\n<\/div>\n<\/div>\n<p style=\"text-align: justify;\">CADENA SER<\/p>\n<p style=\"text-align: justify;\">FOTO: Imagen de la exposici\u00f3n INGOYA que comienza gira en Granada en marzo de 2021 \/ Cadena SER<\/p>\n<p>https:\/\/cadenaser.com\/emisora\/2021\/01\/26\/radio_granada\/1611654265_036544.html<\/p>\n","protected":false},"excerpt":{"rendered":"<p>Se trata de una experiencia en la que se proyectan m\u00e1s de 1.000 im\u00e1genes de&#8230;<\/p>\n","protected":false},"author":1,"featured_media":44952,"comment_status":"closed","ping_status":"closed","sticky":false,"template":"","format":"standard","meta":{"_coblocks_attr":"","_coblocks_dimensions":"","_coblocks_responsive_height":"","_coblocks_accordion_ie_support":"","jetpack_post_was_ever_published":false,"_jetpack_newsletter_access":"","_jetpack_dont_email_post_to_subs":false,"_jetpack_newsletter_tier_id":0,"_jetpack_memberships_contains_paywalled_content":false,"_jetpack_memberships_contains_paid_content":false,"footnotes":"","jetpack_publicize_message":"","jetpack_publicize_feature_enabled":true,"jetpack_social_post_already_shared":false,"jetpack_social_options":{"image_generator_settings":{"template":"highway","default_image_id":0,"enabled":false},"version":2}},"categories":[1161,44,6937,15],"tags":[769,5652],"class_list":["post-44951","post","type-post","status-publish","format-standard","has-post-thumbnail","hentry","category-ciudadania","category-noticias-de-hoy","category-sociedad","category-ultimas-noticias","tag-fotografias","tag-goyas"],"jetpack_publicize_connections":[],"jetpack_featured_media_url":"https:\/\/i0.wp.com\/miradordeatarfe.es\/wp-content\/uploads\/2021\/01\/1611654265_036544_1611654641_noticia_normal_recorte1.jpg?fit=1300%2C815&ssl=1","jetpack_likes_enabled":true,"jetpack_sharing_enabled":true,"_links":{"self":[{"href":"https:\/\/miradordeatarfe.es\/index.php?rest_route=\/wp\/v2\/posts\/44951","targetHints":{"allow":["GET"]}}],"collection":[{"href":"https:\/\/miradordeatarfe.es\/index.php?rest_route=\/wp\/v2\/posts"}],"about":[{"href":"https:\/\/miradordeatarfe.es\/index.php?rest_route=\/wp\/v2\/types\/post"}],"author":[{"embeddable":true,"href":"https:\/\/miradordeatarfe.es\/index.php?rest_route=\/wp\/v2\/users\/1"}],"replies":[{"embeddable":true,"href":"https:\/\/miradordeatarfe.es\/index.php?rest_route=%2Fwp%2Fv2%2Fcomments&post=44951"}],"version-history":[{"count":1,"href":"https:\/\/miradordeatarfe.es\/index.php?rest_route=\/wp\/v2\/posts\/44951\/revisions"}],"predecessor-version":[{"id":44953,"href":"https:\/\/miradordeatarfe.es\/index.php?rest_route=\/wp\/v2\/posts\/44951\/revisions\/44953"}],"wp:featuredmedia":[{"embeddable":true,"href":"https:\/\/miradordeatarfe.es\/index.php?rest_route=\/wp\/v2\/media\/44952"}],"wp:attachment":[{"href":"https:\/\/miradordeatarfe.es\/index.php?rest_route=%2Fwp%2Fv2%2Fmedia&parent=44951"}],"wp:term":[{"taxonomy":"category","embeddable":true,"href":"https:\/\/miradordeatarfe.es\/index.php?rest_route=%2Fwp%2Fv2%2Fcategories&post=44951"},{"taxonomy":"post_tag","embeddable":true,"href":"https:\/\/miradordeatarfe.es\/index.php?rest_route=%2Fwp%2Fv2%2Ftags&post=44951"}],"curies":[{"name":"wp","href":"https:\/\/api.w.org\/{rel}","templated":true}]}}