{"id":44954,"date":"2021-01-31T09:01:14","date_gmt":"2021-01-31T08:01:14","guid":{"rendered":"http:\/\/miradordeatarfe.es\/?p=44954"},"modified":"2021-01-28T19:24:28","modified_gmt":"2021-01-28T18:24:28","slug":"machismo-basado-en-la-evidencia","status":"publish","type":"post","link":"https:\/\/miradordeatarfe.es\/?p=44954","title":{"rendered":"Machismo basado en la evidencia"},"content":{"rendered":"<header id=\"entry-header\" class=\"entry__header yr-entry-header\" data-rapid-sec=\"{&quot;entry-header&quot;:&quot;entry-header&quot;}\">\n<div class=\"headline\">\n<h3 class=\"headline__subtitle\">La ley, la costumbre, las ideas, los valores o las creencias han impedido que las mujeres pudieran acceder a determinadas posiciones y responsabilidades.<\/h3>\n<div class=\"author-card__details\" style=\"text-align: justify;\"><span class=\"author-card__details-container\">El machismo siempre se ha basado en la invidencia, en ese no querer ver para negar la realidad y sustituirla con su relato de mitos y estereotipos, y de ese modo no quedar en evidencia ante la injusticia social que genera.\u00a0<\/span><span class=\"author-card__microbio\"><br \/>\n<\/span><\/div>\n<\/div>\n<div class=\"author-byline yr-byline\" style=\"text-align: justify;\" data-rapid-subsec=\"byline\">\u00a0<\/div>\n<\/header>\n<div class=\"page__content__row row--no-border\" style=\"text-align: justify;\">\n<div class=\"col col--body-center\">\n<div class=\"entry__below-entry\">\n<div class=\"entry__content  js-entry-content\">\n<div class=\"entry__body\" data-part=\"contents\">\n<div id=\"entry-text\" class=\"post-contents yr-entry-text\" data-rapid-sec=\"{&quot;entry-text&quot;:&quot;entry-text&quot;}\">\n<div class=\"content-list-component text\">\n<p>Su estrategia se puede resumir en \u201cinvidencia para la evidencia\u201d, una especie de borr\u00f3n y cuenta nueva diaria para que la mirada no vea lo que la luz del conocimiento pone de manifiesto.<\/p>\n<\/div>\n<\/div>\n<\/div>\n<\/div>\n<\/div>\n<\/div>\n<\/div>\n<div class=\"content-list-component text\" style=\"text-align: justify;\">\n<p>S\u00f3lo hay que darse un paseo por la historia para ver como desde la construcci\u00f3n androc\u00e9ntrica ha impedido que las mujeres estudiaran, luego asinti\u00f3 que estudiaran para que <em>\u201cno las enga\u00f1ar\u00e1n en las cuentas cuando iban a comprar al mercado\u201d<\/em>, como dec\u00edan muchos justificando su cambio de posici\u00f3n. M\u00e1s adelante que no trabajaran, despu\u00e9s que lo hicieran en determinados trabajos y con el permiso del marido o del padre, no de la madre; pasado el tiempo que trabajaran sin el permiso, pero impidiendo algunos trabajos, luego dificultando que llegaran a posiciones de responsabilidad y direcci\u00f3n&#8230; Todo han sido limitaciones y superaci\u00f3n hasta el punto de que hace unas semanas (diciembre de 2020) hemos celebrado que una mujer, la teniente Elena Guti\u00e9rrez, haya sido la primera piloto de caza Eurofigther.<\/p>\n<p>Pero estas limitaciones no se han quedado en el mercado laboral, tambi\u00e9n han existido en los derechos sociales y democr\u00e1ticos, como ha ocurrido con el voto, en la academia, en la ciencia&#8230;<\/p>\n<p>La evidencia era clara: la ley, la costumbre, las ideas, los valores, las creencias&#8230; han impedido que las mujeres pudieran acceder a determinadas posiciones y responsabilidades, y la reivindicaci\u00f3n de las mujeres a trav\u00e9s del feminismo, poco a poco, ha logrado romper con esos l\u00edmites demostrando la falacia del machismo y la estrategia dirigida espec\u00edficamente a impedir la igualdad de oportunidades y derechos.\u00a0<\/p>\n<\/div>\n<blockquote class=\"content-list-component pull-quote\"><p>La \u201cinvidencia cultural\u201d ha impedido entender el protagonismo de los hombres en todos los espacios negados a las mujeres como consecuencia de la injusticia social de la desigualdad y la discriminaci\u00f3n<\/p><\/blockquote>\n<div class=\"content-list-component text\">\n<p style=\"text-align: justify;\">La invidencia tambi\u00e9n era manifiesta, puesto que ni se ve\u00eda esa realidad hasta que era puesta de manifiesto por la cr\u00edtica ni se quer\u00eda ver la estrategia manipuladora que imped\u00eda que pudieran haberlo hecho con anterioridad. Y del mismo modo, su \u201cinvidencia cultural\u201d ha impedido entender el protagonismo de los hombres en todos los espacios negados a las mujeres como consecuencia de la injusticia social de la desigualdad y la discriminaci\u00f3n, y han considerado que esa sobrerrepresentaci\u00f3n masculina era consecuente con su capacidad y condici\u00f3n.\u00a0<\/p>\n<p style=\"text-align: justify;\">Sin embargo, cuando les interesa cambian el sentido de la interpretaci\u00f3n, y a pesar de que el protagonismo de los hombres en la violencia es manifiesto y objetivo, hasta el punto de que el 95% de los homicidios son cometidos por hombres, no han sido capaces de ver lo evidente: entender que tiene que existir alguna relaci\u00f3n de causa-efecto para que sean los hombres quienes protagonicen la mayor\u00eda de las violencias, con independencia de las circunstancias.\u00a0<\/p>\n<p style=\"text-align: justify;\">Las evidencias no representan la realidad, limitar la realidad a lo verificable es parte de la paradoja filos\u00f3fica verificacionista, pero s\u00f3lo es una forma de abordar el conocimiento y an\u00e1lisis de situaciones que forman parte de una realidad m\u00e1s compleja, no una forma de sustituirla.<\/p>\n<p style=\"text-align: justify;\">Sin embargo no es un error. Al machismo le interesa reducir toda la construcci\u00f3n cultural a determinados hechos basados en un resultado para ocultar que las causas de dicho resultado est\u00e1n tambi\u00e9n en la cultura que las genera y las dota de significado, como por ejemplo ocurre cuando muchas v\u00edctimas de la violencia de g\u00e9nero entienden que se trata de una \u201cviolencia normal\u201d por parte del marido o su pareja. Con esa visi\u00f3n fragmentada basada en determinados hechos, determinados hombres y determinadas circunstancias, reducen y limitan la realidad a una parte de ella, para luego decir que no forman parte de la misma porque la mayor\u00eda de la realidad no arroja ese resultado, aunque es toda su construcci\u00f3n social la que hace que existan esos \u201ccasos aislados\u201d.<\/p>\n<p style=\"text-align: justify;\">As\u00ed cierran el c\u00edrculo argumental sin que nada de la construcci\u00f3n social y cultural androc\u00e9ntrica sea considerada como un problema, bien porque la gran parte permanece oculta, o bien porque lo que se visibiliza no forma parte de esa normalidad escenificada. Por ello atacan las iniciativas, organizaciones y personas que ponen luz en su mundo de tinieblas.<\/p>\n<p style=\"text-align: justify;\">Es la evidencia de su invidencia que busca hacer pasar por el universo s\u00f3lo las estrellas que se contemplan a simple vista, y as\u00ed, decir que todo lo dem\u00e1s no existe o es producto de la imaginaci\u00f3n de determinadas ideas e intereses particulares.\u00a0<\/p>\n<p style=\"text-align: justify;\"><em>\u201cNo hay peor ciego que el que no quiere ver\u201d,<\/em> por eso el machismo ha creado una sociedad de ciegos a trav\u00e9s de una cultura \u201cnegacionista\u201d de la desigualdad, para luego ser el tuerto en el reino de la ceguera.\u00a0<\/p>\n<p style=\"text-align: justify;\">\u00a0Como se puede ver, todo es muy \u201cinvidente\u201d.<\/p>\n<p style=\"text-align: justify;\"><span class=\"author-card__details-container\"><a class=\"author-card__details__name\" href=\"https:\/\/www.huffingtonpost.es\/author\/miguel-lorente\" aria-label=\"More from Miguel Lorente\" data-ylk=\"subsec:byline;cpos:1;pos:1\" data-rapid-sec=\"{&quot;entry-header&quot;:&quot;entry-header&quot;}\" data-rapid-pos=\"1\" data-rapid_p=\"8\" data-v9y=\"1\"><span class=\"author-card__details__name\"><strong>Miguel Lorente <\/strong><\/span> <\/a> <\/span> <span class=\"author-card__microbio\"><strong> M\u00e9dico forense y profesor en la Universidad de Granada<\/strong> <\/span><\/p>\n<p style=\"text-align: justify;\">FOTO: <span class=\"image__credit\">NurPhoto via Getty Images. <\/span>D\u00eda de la mujer en Madrid.<\/p>\n<\/div>\n","protected":false},"excerpt":{"rendered":"<p>La ley, la costumbre, las ideas, los valores o las creencias han impedido que las&#8230;<\/p>\n","protected":false},"author":1,"featured_media":44955,"comment_status":"closed","ping_status":"closed","sticky":false,"template":"","format":"standard","meta":{"_coblocks_attr":"","_coblocks_dimensions":"","_coblocks_responsive_height":"","_coblocks_accordion_ie_support":"","jetpack_post_was_ever_published":false,"_jetpack_newsletter_access":"","_jetpack_dont_email_post_to_subs":false,"_jetpack_newsletter_tier_id":0,"_jetpack_memberships_contains_paywalled_content":false,"_jetpack_memberships_contains_paid_content":false,"footnotes":"","jetpack_publicize_message":"","jetpack_publicize_feature_enabled":true,"jetpack_social_post_already_shared":false,"jetpack_social_options":{"image_generator_settings":{"template":"highway","default_image_id":0,"enabled":false},"version":2}},"categories":[1161,14,44,6937,15],"tags":[8025,8026,562],"class_list":["post-44954","post","type-post","status-publish","format-standard","has-post-thumbnail","hentry","category-ciudadania","category-feminismo","category-noticias-de-hoy","category-sociedad","category-ultimas-noticias","tag-evidencias","tag-invidencia","tag-machismo"],"jetpack_publicize_connections":[],"jetpack_featured_media_url":"https:\/\/i0.wp.com\/miradordeatarfe.es\/wp-content\/uploads\/2021\/01\/600e96182400006b0b0b8456.jpg?fit=630%2C419&ssl=1","jetpack_likes_enabled":true,"jetpack_sharing_enabled":true,"_links":{"self":[{"href":"https:\/\/miradordeatarfe.es\/index.php?rest_route=\/wp\/v2\/posts\/44954","targetHints":{"allow":["GET"]}}],"collection":[{"href":"https:\/\/miradordeatarfe.es\/index.php?rest_route=\/wp\/v2\/posts"}],"about":[{"href":"https:\/\/miradordeatarfe.es\/index.php?rest_route=\/wp\/v2\/types\/post"}],"author":[{"embeddable":true,"href":"https:\/\/miradordeatarfe.es\/index.php?rest_route=\/wp\/v2\/users\/1"}],"replies":[{"embeddable":true,"href":"https:\/\/miradordeatarfe.es\/index.php?rest_route=%2Fwp%2Fv2%2Fcomments&post=44954"}],"version-history":[{"count":1,"href":"https:\/\/miradordeatarfe.es\/index.php?rest_route=\/wp\/v2\/posts\/44954\/revisions"}],"predecessor-version":[{"id":44956,"href":"https:\/\/miradordeatarfe.es\/index.php?rest_route=\/wp\/v2\/posts\/44954\/revisions\/44956"}],"wp:featuredmedia":[{"embeddable":true,"href":"https:\/\/miradordeatarfe.es\/index.php?rest_route=\/wp\/v2\/media\/44955"}],"wp:attachment":[{"href":"https:\/\/miradordeatarfe.es\/index.php?rest_route=%2Fwp%2Fv2%2Fmedia&parent=44954"}],"wp:term":[{"taxonomy":"category","embeddable":true,"href":"https:\/\/miradordeatarfe.es\/index.php?rest_route=%2Fwp%2Fv2%2Fcategories&post=44954"},{"taxonomy":"post_tag","embeddable":true,"href":"https:\/\/miradordeatarfe.es\/index.php?rest_route=%2Fwp%2Fv2%2Ftags&post=44954"}],"curies":[{"name":"wp","href":"https:\/\/api.w.org\/{rel}","templated":true}]}}