{"id":44962,"date":"2021-01-30T10:42:50","date_gmt":"2021-01-30T09:42:50","guid":{"rendered":"http:\/\/miradordeatarfe.es\/?p=44962"},"modified":"2021-01-29T13:46:16","modified_gmt":"2021-01-29T12:46:16","slug":"atarfe-y-santa-fe-han-sufrido-cerca-de-300-terremotos-en-menos-de-dos-meses","status":"publish","type":"post","link":"https:\/\/miradordeatarfe.es\/?p=44962","title":{"rendered":"Atarfe y Santa Fe han sufrido cerca de 300 terremotos en menos de dos meses"},"content":{"rendered":"<div class=\"voc-detail voc-detail-grid\" data-voc-share-selection=\"\">\n<div class=\"voc-detail-header\">\n<h2 style=\"text-align: justify;\">Un informe del Instituto Geogr\u00e1fico Nacional indica que ya son 172 las r\u00e9plicas registradas tras el terremoto del pasado s\u00e1bado; las mayores de ellas han sido tres terremotos de magnitud 3,3<\/h2>\n<div class=\"voc-author-timesocial\" style=\"text-align: justify;\">\n<div class=\"voc-author-social\">El pasado s\u00e1bado, 23 de enero,<strong> la tierra tembl\u00f3 en Granada de forma inusual.<\/strong><a href=\"https:\/\/www.ideal.es\/granada\/terremoto-sentido-granada-20210124230202-nt.html\" data-voc-vtm-id=\"in-text-traffic\">Un se\u00edsmo de 4,4 al noroeste de Santa Fe se sinti\u00f3 en numerosas localidades de la provincia<\/a>, e incluso en algunos pueblos de M\u00e1laga y Ja\u00e9n. Un terremoto al que le han seguido m\u00e1s de 170 r\u00e9plicas, <a href=\"https:\/\/www.ideal.es\/granada\/nuevo-terremoto-sorprende-granada-area-metropolitana-20210125102849-nt.html\" data-voc-vtm-id=\"in-text-traffic\">las mayores de ellas tres terremotos de magnitud 3,3.<\/a> Todo parece indicar que este n\u00famero seguir\u00e1 creciendo. <strong>Adem\u00e1s, decenas de se\u00edsmos precedieron al intenso temblor del 23 de enero. <\/strong>El Instituto Geogr\u00e1fico Nacional (IGN) <a href=\"https:\/\/www.ideal.es\/granada\/memoria-sismica-granada-20210125151224-nt.html\" data-voc-vtm-id=\"in-text-traffic\">ha elaborado un informe sobre la actividad s\u00edsmica en la zona que revela interesantes datos.<\/a><\/div>\n<\/div>\n<\/div>\n<p style=\"text-align: justify;\">Y es que seg\u00fan se\u00f1ala el organismo, <strong>desde finales del pasado a\u00f1o se est\u00e1n registrando una serie de terremotos superficiales<\/strong> al noroeste de la ciudad de Granada, principalmente en el entorno de las localidades de <strong>Atarfe, Pinos Puente y Santa Fe.<\/strong> Desde el d\u00eda 1 de diciembre de 2020 hasta este 26 de enero a las 12:00 horas <strong>se han calculado un total de 281 terremotos en la zona<\/strong>, de los cuales 8 son de magnitud mayor o igual que 3,0 <strong>y 41 han sido sentidos por la poblaci\u00f3n.<\/strong><\/p>\n<div class=\"voc-grouper-related\" style=\"text-align: justify;\">\n<div class=\"voc-article-container\">\n<article class=\"voc-article voc-article--related--grouper voc-home-tit-st voc-article--photo-right voc-article--bdr-top\">\n<div class=\"voc-info-container\">\u00a0<\/div>\n<\/article>\n<\/div>\n<\/div>\n<p style=\"text-align: justify;\">\u00abSe trata de terremotos superficiales, <strong>con una profundidad menor de 10 km, de magnitudes mayoritariamente menores de 2,5.<\/strong> El d\u00eda 2 de diciembre la Red S\u00edsmica Nacional registr\u00f3 un terremoto de magnitud 3,6 e intensidad m\u00e1xima de IV-V en Atarfe y Santa Fe, que fue ampliamente sentido en numerosas localidades cercanas al epicentro pero sin causar ning\u00fan da\u00f1o. <strong>La serie se ha reactivado posteriormente a finales de enero de 2021<\/strong>\u00bb, destaca el ING.<\/p>\n<h3 style=\"text-align: justify;\">Aceler\u00f3metros<\/h3>\n<p style=\"text-align: justify;\">Los aceler\u00f3metros, seg\u00fan explica el Instituto Geogr\u00e1fico Nacional, son <strong>instrumentos \u00abque registran la aceleraci\u00f3n del suelo en caso de movimiento fuerte\u00bb<\/strong>, es decir, cuando la estaci\u00f3n -sistema instalado para calcular la actividad s\u00edsmica- se sit\u00faa pr\u00f3xima a la fuente s\u00edsmica y el terremoto tiene una magnitud moderada o grande. \u00abLos valores de aceleraci\u00f3n m\u00e1xima tienen inter\u00e9s, adem\u00e1s de para la evaluaci\u00f3n de los da\u00f1os y del comportamiento de las estructuras, <strong>para la elaboraci\u00f3n de mapas de peligrosidad s\u00edsmica <\/strong>que permitan tener una estimaci\u00f3n de los par\u00e1metros de c\u00e1lculo que han de considerarse en la normativa de construcci\u00f3n sismorresistente\u00bb, detalla. Seg\u00fan el IGN, la aceleraci\u00f3n s\u00edsmica m\u00e1xima para un periodo de 475 a\u00f1os y en suelo tipo roca <strong>en la zona de Atarfe-Santa Fe \u00abes de 0,23 g, siendo este uno de los valores m\u00e1s altos de todo el pa\u00eds\u00bb<\/strong>.<\/p>\n<p style=\"text-align: justify;\">\u00a0<\/p>\n<figure class=\"voc-inner-figure\" style=\"text-align: justify;\">\n<div class=\"voc-height-auto\"><img data-recalc-dims=\"1\" decoding=\"async\" class=\"lazy\" src=\"https:\/\/i0.wp.com\/static3.ideal.es\/www\/multimedia\/202101\/26\/media\/cortadas\/peligrosidad-sismica-keTG--624x385%40Ideal.jpg?w=640&#038;ssl=1\" alt=\"El Mapa de Peligrosidad S\u00edsmica de Espa\u00f1a sit\u00faa a la zona Atarfe-Santa Fe con uno de los valores m\u00e1s altos del pa\u00eds.\" data-original=\"\/\/static3.ideal.es\/www\/multimedia\/202101\/26\/media\/cortadas\/peligrosidad-sismica-keTG--624x385@Ideal.jpg\" \/><\/div><figcaption class=\"figure-caption\"><span class=\"voc-photo-caption\">El Mapa de Peligrosidad S\u00edsmica de Espa\u00f1a sit\u00faa a la zona Atarfe-Santa Fe con uno de los valores m\u00e1s altos del pa\u00eds. \/ <\/span><span class=\"voc-photo-author\">IGN<\/span><\/figcaption><\/figure>\n<p style=\"text-align: justify;\">\u00a0<\/p>\n<h3 style=\"text-align: justify;\">Da\u00f1os<\/h3>\n<p style=\"text-align: justify;\">Hasta el momento, seg\u00fan explica el informe, se han registrado \u00abalgunos da\u00f1os no estructurales\u00bb,<strong> como grietas, adem\u00e1s de numerosas ca\u00eddas de objetos<\/strong> en varias construcciones dentro de la zona epicentral. \u00abLos edificios con da\u00f1os m\u00e1s generalizados se encuentran muy localizados en la zona del Instituto de Educaci\u00f3n Secundaria Vega de Atarfe, que era una antigua laguna posteriormente rellenada para su urbanizaci\u00f3n. <strong>Este hecho podr\u00eda explicar que los da\u00f1os sean mayores aqu\u00ed que en el resto de Atarfe<\/strong>\u00bb, recalcan los expertos.<\/p>\n<p style=\"text-align: justify;\">Los mayores da\u00f1os observados en Atarfe han sido \u00ab<strong>la ca\u00edda de falsos techos, ca\u00edda de azulejos y fisuras en los encuentros entre el sistema estructural<\/strong> (p\u00f3rticos de hormig\u00f3n) y los cerramientos exteriores o las divisiones interiores\u00bb. \u00abAdem\u00e1s de los da\u00f1os en los edificios, los efectos observados en otros elementos, como son la ca\u00edda de objetos (libros, vajillas, etc.)<strong> o la dificultad de algunas personas por mantener el equilibrio<\/strong>\u00bb, a\u00f1ade el Instituto Geogr\u00e1fico Nacional.<\/p>\n<h3 style=\"text-align: justify;\">Sismicidad habitual<\/h3>\n<p style=\"text-align: justify;\">El informe insiste en que <strong>\u00abla sismicidad registrada es habitual en esta zona\u00bb<\/strong>, que se enmarca dentro del sector central de las cordilleras B\u00e9ticas, \u00abuna de las regiones con mayor actividad s\u00edsmica de la Pen\u00ednsula Ib\u00e9rica, fruto de la convergencia entre la placa Africana y Euroasi\u00e1tica\u00bb. \u00abEsta zona se caracteriza por<strong> la ocurrencia de numerosos terremotos superficiales de baja a moderada magnitud<\/strong>, y de forma ocasional con intensidad significativa. Tambi\u00e9n existe cierta sismicidad a profundidades intermedias que se extiende en la parte occidental del mar de Albor\u00e1n y, ocasionalmente, terremotos a profundidades de m\u00e1s de 600 kil\u00f3metros con epicentro en la provincia de Granada <strong>cuyo origen est\u00e1 posiblemente relacionado con la historia tect\u00f3nica del arco de Gibraltar<\/strong>, sobre la cual no existe un acuerdo un\u00e1nime\u00bb, concluyen desde el Instituto Geogr\u00e1fico Nacional.<\/p>\n<div class=\"voc-author-timesocial\">\n<div class=\"voc-author-timesocial__voc-container-info-signature\">\n<div>\n<div class=\"voc-author-info\"><a class=\"voc-author\" title=\"LAURA VELASCO\" href=\"https:\/\/www.ideal.es\/autor\/laura-velasco-1652.html\">LAURA VELASCO <\/a><\/div>\n<\/div>\n<div>FOTO: <span class=\"voc-photo-caption\">Mapa de sismicidad de la zona epicentral desde el 1 de diciembre de 2020. \/ <\/span><span class=\"voc-photo-author\">IGN<\/span><\/div>\n<div>https:\/\/www.ideal.es\/granada\/atarfe-santa-sufrido-terremotos-diciembre-granada-20210126173722-nt.html<\/div>\n<div>\u00a0<\/div>\n<\/div>\n<\/div>\n<\/div>\n","protected":false},"excerpt":{"rendered":"<p>Un informe del Instituto Geogr\u00e1fico Nacional indica que ya son 172 las r\u00e9plicas registradas tras&#8230;<\/p>\n","protected":false},"author":1,"featured_media":44963,"comment_status":"closed","ping_status":"closed","sticky":false,"template":"","format":"standard","meta":{"_coblocks_attr":"","_coblocks_dimensions":"","_coblocks_responsive_height":"","_coblocks_accordion_ie_support":"","jetpack_post_was_ever_published":false,"_jetpack_newsletter_access":"","_jetpack_dont_email_post_to_subs":false,"_jetpack_newsletter_tier_id":0,"_jetpack_memberships_contains_paywalled_content":false,"_jetpack_memberships_contains_paid_content":false,"footnotes":"","jetpack_publicize_message":"","jetpack_publicize_feature_enabled":true,"jetpack_social_post_already_shared":false,"jetpack_social_options":{"image_generator_settings":{"template":"highway","default_image_id":0,"enabled":false},"version":2}},"categories":[2,1161,44,15],"tags":[8027,8021,4209],"class_list":["post-44962","post","type-post","status-publish","format-standard","has-post-thumbnail","hentry","category-atarfe","category-ciudadania","category-noticias-de-hoy","category-ultimas-noticias","tag-atarfer","tag-enjambre-sismico","tag-terremotos"],"jetpack_publicize_connections":[],"jetpack_featured_media_url":"https:\/\/i0.wp.com\/miradordeatarfe.es\/wp-content\/uploads\/2021\/01\/terremotos-granada-informe-keTG-U130335907585MlE-624x385%40Ideal.jpg?fit=539%2C385&ssl=1","jetpack_likes_enabled":true,"jetpack_sharing_enabled":true,"_links":{"self":[{"href":"https:\/\/miradordeatarfe.es\/index.php?rest_route=\/wp\/v2\/posts\/44962","targetHints":{"allow":["GET"]}}],"collection":[{"href":"https:\/\/miradordeatarfe.es\/index.php?rest_route=\/wp\/v2\/posts"}],"about":[{"href":"https:\/\/miradordeatarfe.es\/index.php?rest_route=\/wp\/v2\/types\/post"}],"author":[{"embeddable":true,"href":"https:\/\/miradordeatarfe.es\/index.php?rest_route=\/wp\/v2\/users\/1"}],"replies":[{"embeddable":true,"href":"https:\/\/miradordeatarfe.es\/index.php?rest_route=%2Fwp%2Fv2%2Fcomments&post=44962"}],"version-history":[{"count":1,"href":"https:\/\/miradordeatarfe.es\/index.php?rest_route=\/wp\/v2\/posts\/44962\/revisions"}],"predecessor-version":[{"id":44964,"href":"https:\/\/miradordeatarfe.es\/index.php?rest_route=\/wp\/v2\/posts\/44962\/revisions\/44964"}],"wp:featuredmedia":[{"embeddable":true,"href":"https:\/\/miradordeatarfe.es\/index.php?rest_route=\/wp\/v2\/media\/44963"}],"wp:attachment":[{"href":"https:\/\/miradordeatarfe.es\/index.php?rest_route=%2Fwp%2Fv2%2Fmedia&parent=44962"}],"wp:term":[{"taxonomy":"category","embeddable":true,"href":"https:\/\/miradordeatarfe.es\/index.php?rest_route=%2Fwp%2Fv2%2Fcategories&post=44962"},{"taxonomy":"post_tag","embeddable":true,"href":"https:\/\/miradordeatarfe.es\/index.php?rest_route=%2Fwp%2Fv2%2Ftags&post=44962"}],"curies":[{"name":"wp","href":"https:\/\/api.w.org\/{rel}","templated":true}]}}