{"id":44974,"date":"2021-02-01T11:12:48","date_gmt":"2021-02-01T10:12:48","guid":{"rendered":"http:\/\/miradordeatarfe.es\/?p=44974"},"modified":"2021-02-23T18:12:54","modified_gmt":"2021-02-23T17:12:54","slug":"el-terremoto-por-remedios-sanchez","status":"publish","type":"post","link":"https:\/\/miradordeatarfe.es\/?p=44974","title":{"rendered":"\u00abEL TERREMOTO\u00bb  por Remedios S\u00e1nchez"},"content":{"rendered":"<h3 align=\"JUSTIFY\"><span style=\"font-family: Times New Roman, serif;\"><span style=\"font-size: medium;\"><span lang=\"es-ES\">El terremoto que ha sacudido Espa\u00f1a no es esta sucesi\u00f3n de sobresaltos que nos trae a los granadinos con los nervios de punta.<\/span><\/span><\/span><\/h3>\n<p align=\"JUSTIFY\"><span style=\"font-family: Times New Roman, serif;\"><span style=\"font-size: medium;\"><span lang=\"es-ES\"> El gran terremoto -del que pocos hablan por aquello de que nunca queda bien mentar a la ultraderecha- ha sido ver c\u00f3mo Vox se convert\u00eda as\u00ed, como por ensalmo, en un partido de estado dispuesto a sumar sus diputados para que saliera adelante la propuesta del Gobierno a prop\u00f3sito de los Fondos de Recuperaci\u00f3n Econ\u00f3mica que nos manda mam\u00e1 Bruselas para sobrevivir a las consecuencias del COVID. Lo cual que, esta vez, los diputados de Vox han propiciado que se agilice la recepci\u00f3n de ayudas que favorezcan la recuperaci\u00f3n de la econom\u00eda espa\u00f1ola y hay que decirlo porque nobleza obliga. <\/span><\/span><\/span><\/p>\n<p align=\"JUSTIFY\"><span style=\"font-family: Times New Roman, serif;\"><span style=\"font-size: medium;\"><span lang=\"es-ES\">Luego vendr\u00e1n los detalles de la negociaci\u00f3n, los intereses de cada comunidad aut\u00f3noma y los r\u00e9ditos electorales que cada cual saque de este compromiso referido exclusivamente a que los dineros se administrar\u00e1n desde Moncloa; lo positivo es que no los controlar\u00e1 directamente, por ejemplo, D\u00edaz Ayuso, que con su personal habilidad para pisar charcos y decir bobadas, lo mismo los hubiera destinado a construir un hospital de se\u00edsmos (quiz\u00e1 esta vez incluyendo un espacio de quir\u00f3fanos y todo para que tenga utilidad completa) por aquello de que, si en Granada llevamos varios cientos de sacudidas, lo mismo ella necesita edificar otra policl\u00ednica estilo \u201813 Rue del Percebe\u2019 porque m\u00e1s vale estar prevenidos en este porvenir que, a golpe de zozobra y decepci\u00f3n, nos conduce a no se sabe bien d\u00f3nde.<\/span><\/span><\/span><\/p>\n<p align=\"JUSTIFY\"><span style=\"font-family: Times New Roman, serif;\"><span style=\"font-size: medium;\"><span lang=\"es-ES\">Evidentemente, no tengo yo a Santiago Abascal por un bienhechor patrio, ni siquiera por un estadista, pero en esta votaci\u00f3n se ha revelado como un tipo listo que anda agazapado con sus comparsas de bancada buscando que Pablo Casado se pegue el guantazo padre y as\u00ed quitarle la silla; y que, mientras llega (o no) esa oportunidad, aprovecha para ir visibiliz\u00e1ndose en los medios poco afines a ver si, por ejemplo, en las elecciones catalanas se produce milagrosamente el sorpasso que significar\u00eda dejar al PP con el trasero al aire. Un PP que necesita en Catalu\u00f1a a referentes verdaderos, a personas prestigiosas que lo representen con dignidad, frente a los independentistas convertidos en m\u00e1rtires de la causa por la estulticia y la ineficacia de muchos. Evidentemente es complicado, pero cosas m\u00e1s extra\u00f1as se han visto que el hecho de que un grupo pol\u00edtico pase de no tener representaci\u00f3n a superar a partidos tradicionales. El ejemplo fue Podemos, aunque ahora resulte irreconocible en la foto de entonces; y no s\u00f3lo porque Pablo Iglesias sea un vicepresidente de mo\u00f1o hipster dedicado a poner palos en las ruedas del gobierno que comparte con Pedro S\u00e1nchez. Si hace una d\u00e9cada alguien nos hubiera contado esto, no lo hubi\u00e9ramos cre\u00eddo. Pero aqu\u00ed estamos, en esta suerte de apocalipsis (en min\u00fascula) por fasc\u00edculos, sin ocaso de \u00e1ngeles con trompetas anunciando el fin de los tiempos ni jinetes cabalgando el crep\u00fasculo del miedo. A nosotros, que nos hab\u00edan vendido un fen\u00f3meno sobrecogedor, nos ha tocado padecer un momento bochornoso en pol\u00edtica, un apocalipsis made-in-China para el que faltan piezas, que no resta dolor a las gentes, pero que tristemente s\u00ed lo vulgariza mucho con esta ausencia de liderazgos en\u00e9rgicos en un instante clave de la Historia, no s\u00f3lo de Espa\u00f1a, sino de la humanidad. Y, encima, con terremotos de fondo. <\/span><\/span><\/span><\/p>\n","protected":false},"excerpt":{"rendered":"<p>El terremoto que ha sacudido Espa\u00f1a no es esta sucesi\u00f3n de sobresaltos que nos trae&#8230;<\/p>\n","protected":false},"author":1,"featured_media":44975,"comment_status":"closed","ping_status":"closed","sticky":false,"template":"","format":"standard","meta":{"_coblocks_attr":"","_coblocks_dimensions":"","_coblocks_responsive_height":"","_coblocks_accordion_ie_support":"","jetpack_post_was_ever_published":false,"_jetpack_newsletter_access":"","_jetpack_dont_email_post_to_subs":false,"_jetpack_newsletter_tier_id":0,"_jetpack_memberships_contains_paywalled_content":false,"_jetpack_memberships_contains_paid_content":false,"footnotes":"","jetpack_publicize_message":"","jetpack_publicize_feature_enabled":true,"jetpack_social_post_already_shared":false,"jetpack_social_options":{"image_generator_settings":{"template":"highway","default_image_id":0,"enabled":false},"version":2}},"categories":[1161,44,7671,6914,15],"tags":[6579,979,246,5518],"class_list":["post-44974","post","type-post","status-publish","format-standard","has-post-thumbnail","hentry","category-ciudadania","category-noticias-de-hoy","category-politica","category-opinion-de-reme-sanchez","category-ultimas-noticias","tag-eu","tag-presupuestos","tag-votacion","tag-vox"],"jetpack_publicize_connections":[],"jetpack_featured_media_url":"https:\/\/i0.wp.com\/miradordeatarfe.es\/wp-content\/uploads\/2021\/01\/vox.jpg?fit=1000%2C665&ssl=1","jetpack_likes_enabled":true,"jetpack_sharing_enabled":true,"_links":{"self":[{"href":"https:\/\/miradordeatarfe.es\/index.php?rest_route=\/wp\/v2\/posts\/44974","targetHints":{"allow":["GET"]}}],"collection":[{"href":"https:\/\/miradordeatarfe.es\/index.php?rest_route=\/wp\/v2\/posts"}],"about":[{"href":"https:\/\/miradordeatarfe.es\/index.php?rest_route=\/wp\/v2\/types\/post"}],"author":[{"embeddable":true,"href":"https:\/\/miradordeatarfe.es\/index.php?rest_route=\/wp\/v2\/users\/1"}],"replies":[{"embeddable":true,"href":"https:\/\/miradordeatarfe.es\/index.php?rest_route=%2Fwp%2Fv2%2Fcomments&post=44974"}],"version-history":[{"count":1,"href":"https:\/\/miradordeatarfe.es\/index.php?rest_route=\/wp\/v2\/posts\/44974\/revisions"}],"predecessor-version":[{"id":44976,"href":"https:\/\/miradordeatarfe.es\/index.php?rest_route=\/wp\/v2\/posts\/44974\/revisions\/44976"}],"wp:featuredmedia":[{"embeddable":true,"href":"https:\/\/miradordeatarfe.es\/index.php?rest_route=\/wp\/v2\/media\/44975"}],"wp:attachment":[{"href":"https:\/\/miradordeatarfe.es\/index.php?rest_route=%2Fwp%2Fv2%2Fmedia&parent=44974"}],"wp:term":[{"taxonomy":"category","embeddable":true,"href":"https:\/\/miradordeatarfe.es\/index.php?rest_route=%2Fwp%2Fv2%2Fcategories&post=44974"},{"taxonomy":"post_tag","embeddable":true,"href":"https:\/\/miradordeatarfe.es\/index.php?rest_route=%2Fwp%2Fv2%2Ftags&post=44974"}],"curies":[{"name":"wp","href":"https:\/\/api.w.org\/{rel}","templated":true}]}}