{"id":4498,"date":"2015-11-11T09:03:17","date_gmt":"2015-11-11T09:03:17","guid":{"rendered":"http:\/\/miradordeatarfe.es\/?p=4498"},"modified":"2016-02-03T09:34:39","modified_gmt":"2016-02-03T09:34:39","slug":"abuela-de-ana-maria-guerrero-por-jose-enrique-granados","status":"publish","type":"post","link":"https:\/\/miradordeatarfe.es\/?p=4498","title":{"rendered":"\u201cAbuela\u201d  de Ana Mar\u00eda Guerrero por Jos\u00e9 Enrique Granados"},"content":{"rendered":"<p>Hace unos d\u00edas que nos dej\u00f3 Ana Mar\u00eda Guerrero Pozo. Sin embargo su prol\u00edfica participaci\u00f3n en los especiales de las fiestas de IDEAL durante estos \u00faltimos 30 a\u00f1os, nos permite volver a leer sus escritos. Concretamente este texto, titulado \u201cAbuela\u201d se public\u00f3 en 2004, meses antes del nacimiento de su nieta. Siempre en el recuerdo.<!--more--><\/p>\n<p>Siempre he o\u00eddo que los nietos son lo que uno m\u00e1s quiere, pero no pod\u00eda ni pensar hasta donde llega ese amor. Y desde la primera vez que le vi, gracias a la ecograf\u00eda, la emoci\u00f3n que sent\u00ed fue tanta que no pude contener las l\u00e1grimas, ya que la experiencia de ver al bebe antes de nacer, no la hab\u00eda sentido nunca. Cuando fuimos a la segunda ecograf\u00eda nos dijeron que ser\u00eda ni\u00f1o, y no por haberle visto antes fue menos emocionante para m\u00ed.<\/p>\n<p>Por fin naci\u00f3 mi nieto. La enfermera llevaba en brazos a un ser humano diminuto, envuelto en una manta blanca, que no dejaba de agitar desesperadamente las manitas y los delgados dedos. Abri\u00f3 los ojos y me mir\u00f3, y para mi coraz\u00f3n fue como si me llamase abuela. A veces me pregunto como me sent\u00ed en ese momento, y no tengo la menor idea de que responder. No encuentro los calificativos precisos: alegre, no lo expresa bien; ni dichosa es lo bastante dulce, ni feliz lo bastante intenso, ni placida lo bastante tranquilo. Es una sensaci\u00f3n diferente y un sentimiento que nunca hab\u00eda experimentado. Qui\u00e9n me iba a decir a m\u00ed, con mi edad, que hab\u00eda una forma de amor distinto.<\/p>\n<p>Yo conoc\u00eda el amor filial, el amor de esposa, amor de madre a mis hijos, pero no conoc\u00eda este amor hacia mi nieto, que no por ser el \u0153ltimo en llegar, es menos intenso. Al contrario, es un amor que te llega al alma y que llena todos los espacios de tu ser. Cuando dejaron al ni\u00f1o en su cuna, cerr\u00f3 los ojos, pero as\u00ed y todo, se me escaparon las lagrimas, y en ese instante supe que llegar\u00eda a ser una buena abuela. Lo mimar\u00eda hasta donde fuese posible, y acerc\u00e1ndome al cristal que me separaba del nido, contempl\u00e9 al diminuto ser humano que me cambiar\u00eda la vida para siempre. Mi nieto se llama Antonio, un nombre muy querido en nuestra familia, pues muchos de sus miembros responden y han respondido a \u00e9l, llev\u00e1ndolo con orgullo y dignidad. Han sido hombres dignos y padres de familia ejemplares, muy queridos por su car\u00e1cter alegre y bondadoso.<\/p>\n<p>As\u00ed que con estos antecedentes, espero que mi nieto lleve su nombre con orgullo. Antonio, mi nieto, es muy despierto y con casi dos a\u00f1os, es la persona m\u00e1s inteligente que conozco. Qui\u00e9n lea esto pensar\u00e1, \u00bfQu\u00e9 va a decir si es su abuela?. No cre\u00e1is que exagero pues a los seis meses silbaba y a partir de ah\u00ed ha avanzado muy r\u00e1pidamente. Le encantan los libros y la m\u00fasica.<br \/>\nLa m\u00fasica y la lectura son caminos abiertos de la cultura y sensibilidad, por los que hay que avanzar y que nos dan perspectivas inimaginables, pero reales, del infinito y variado caleidoscopio que es el mundo por el que recorrer\u00e1 su pasado, presente y futuro. Por causa del trabajo de sus padres, me he quedado con \u00e9l durante cuatro noches a la semana. Le he visto crecer d\u00eda a d\u00eda y he sentido decir sus primeras palabras. He sentido el contacto de su piel cuando te da un beso y no hay puesto, por encumbrado que sea, que pueda reemplazar el dulce momento en el que un ni\u00f1o se queda dormido con la cabeza apoyada en el pecho de una abuela. No hay nada que valga tanto como ver crecer a tus hijos, y despu\u00e9s a tus nietos.<\/p>\n<p>El tiempo que paso con Antonio no es una distracci\u00f3n de mi mayor prop\u00f3sito en la vida. Es justo la raz\u00f3n de ser de ese prop\u00f3sito. Los hijos y los nietos son una fuente inagotable de amor y aprecio a sus padres, pero \u00e9stos tienen que realizar aunque sea un peque\u00f1o esfuerzo para hacerlos brotar, y alimentarlo para que nunca se pierda. Eso no quiere decir que seamos permisivos, pues las nuevas generaciones parecen ser m\u00e1s inteligentes y despiertas, y tampoco hay que dejarlos sueltos, pues ellos saben desde peque\u00f1os lo que quieren. A mi no me parece un sacrificio tener a mi nieto siempre que me necesite, todo lo contrario, pues tiene tanta alegr\u00eda que te contagia, y el tiempo que paso con \u00e9l se hace muy corto. Cuando me mira con sus penetrantes ojos azules, tan p\u00edcaros, que se iluminan cuando r\u00ede, \u00e1vidos de aprender todo lo que hay a su alrededor para enseguida repetirlo, a m\u00ed, como a todas las abuelas, me desarma.<\/p>\n<p>Yo nunca me he sentido utilizada por mis hijos, he intentado siempre darle lo que puedo y ellos me han devuelto el regalo de su dedicaci\u00f3n, cari\u00f1o y desvelos, a la par que yo les daba los m\u00edos. A lo mejor la vida, o la historia, te retrata como abuela sacrificada, pero para m\u00ed, es lo m\u00e1s lejos de la realidad. Por mucho que una le de a los nietos, ellos te dan mucho m\u00e1s, su cari\u00f1o incondicional y tantos ratos alegres y vivencias tan intensas, que no se pueden expresar con palabras. Sin ellos estar\u00eda vac\u00eda y ya no concebir\u00eda la vida.<\/p>\n<p>Faltan pocos meses para que la familia de mi hija aumente. Espero con la misma ilusi\u00f3n que esper\u00e9 el nacimiento de Antonio. Tambi\u00e9n he visto la ecograf\u00eda, y aun no sabemos el sexo del nuevo bebe. Lo que venga, bienvenido ser\u00e1. Siento la misma emoci\u00f3n y alegr\u00eda. Otro personajillo sonrosado y tierno vendr\u00e1 a completar esta familia y nos llenar\u00e1 de bendiciones, pues cada hijo es un regalo del cielo, y se que me har\u00e1 sentir ese cosquilleo que te llega desde el fondo de tu ser, que te hace ser la m\u00e1s feliz de las personas cuando te mira y te sonr\u00ede, o cuando oyes sus primeras palabras, o recibes su primer beso, o cuando te pellisquea la cara sonriendo maliciosamente, o cuando te coge de la mano, para llevarte donde quiere ir sin a\u00fan saber expresarlo, y lo alegre que muestra cuando ha conseguido lo que quer\u00eda. Todos estos peque\u00f1os detalles y vivencias diarias de mi nieto, hacen que me sienta de nuevo una ni\u00f1a, una nueva mujer que vuelve a sentir en su interior sensaciones y sentimientos que s\u00f3lo se experimentan en la locura que da la ni\u00f1ez.<\/p>\n<p>Supongo que todas las abuelas, y los abuelos, sentir\u00e1n \u00abesto\u00bb tan \u00abinexplicable\u00bb que siento yo al ver a mi nieto. Gracias Antonio, por hacerme sentir viva.<\/p>\n","protected":false},"excerpt":{"rendered":"<p>Hace unos d\u00edas que nos dej\u00f3 Ana Mar\u00eda Guerrero Pozo. Sin embargo su prol\u00edfica participaci\u00f3n&#8230;<\/p>\n","protected":false},"author":1,"featured_media":4500,"comment_status":"closed","ping_status":"closed","sticky":false,"template":"","format":"standard","meta":{"_coblocks_attr":"","_coblocks_dimensions":"","_coblocks_responsive_height":"","_coblocks_accordion_ie_support":"","jetpack_post_was_ever_published":false,"_jetpack_newsletter_access":"","_jetpack_dont_email_post_to_subs":false,"_jetpack_newsletter_tier_id":0,"_jetpack_memberships_contains_paywalled_content":false,"_jetpack_memberships_contains_paid_content":false,"footnotes":"","jetpack_publicize_message":"","jetpack_publicize_feature_enabled":true,"jetpack_social_post_already_shared":false,"jetpack_social_options":{"image_generator_settings":{"template":"highway","default_image_id":0,"enabled":false},"version":2}},"categories":[2,1225,38,15],"tags":[81,854,360,1591],"class_list":["post-4498","post","type-post","status-publish","format-standard","has-post-thumbnail","hentry","category-atarfe","category-ha-de-atarfe","category-opinion-de-jose-enrique-granados","category-ultimas-noticias","tag-atarfe","tag-hijos","tag-nietos","tag-ninez"],"jetpack_publicize_connections":[],"jetpack_featured_media_url":"https:\/\/i0.wp.com\/miradordeatarfe.es\/wp-content\/uploads\/2015\/11\/12219366_911274492291900_1133465763957992893_n.jpg?fit=457%2C568&ssl=1","jetpack_likes_enabled":true,"jetpack_sharing_enabled":true,"_links":{"self":[{"href":"https:\/\/miradordeatarfe.es\/index.php?rest_route=\/wp\/v2\/posts\/4498","targetHints":{"allow":["GET"]}}],"collection":[{"href":"https:\/\/miradordeatarfe.es\/index.php?rest_route=\/wp\/v2\/posts"}],"about":[{"href":"https:\/\/miradordeatarfe.es\/index.php?rest_route=\/wp\/v2\/types\/post"}],"author":[{"embeddable":true,"href":"https:\/\/miradordeatarfe.es\/index.php?rest_route=\/wp\/v2\/users\/1"}],"replies":[{"embeddable":true,"href":"https:\/\/miradordeatarfe.es\/index.php?rest_route=%2Fwp%2Fv2%2Fcomments&post=4498"}],"version-history":[{"count":2,"href":"https:\/\/miradordeatarfe.es\/index.php?rest_route=\/wp\/v2\/posts\/4498\/revisions"}],"predecessor-version":[{"id":4501,"href":"https:\/\/miradordeatarfe.es\/index.php?rest_route=\/wp\/v2\/posts\/4498\/revisions\/4501"}],"wp:featuredmedia":[{"embeddable":true,"href":"https:\/\/miradordeatarfe.es\/index.php?rest_route=\/wp\/v2\/media\/4500"}],"wp:attachment":[{"href":"https:\/\/miradordeatarfe.es\/index.php?rest_route=%2Fwp%2Fv2%2Fmedia&parent=4498"}],"wp:term":[{"taxonomy":"category","embeddable":true,"href":"https:\/\/miradordeatarfe.es\/index.php?rest_route=%2Fwp%2Fv2%2Fcategories&post=4498"},{"taxonomy":"post_tag","embeddable":true,"href":"https:\/\/miradordeatarfe.es\/index.php?rest_route=%2Fwp%2Fv2%2Ftags&post=4498"}],"curies":[{"name":"wp","href":"https:\/\/api.w.org\/{rel}","templated":true}]}}