{"id":44980,"date":"2021-01-31T09:26:52","date_gmt":"2021-01-31T08:26:52","guid":{"rendered":"http:\/\/miradordeatarfe.es\/?p=44980"},"modified":"2021-01-30T14:32:33","modified_gmt":"2021-01-30T13:32:33","slug":"como-afrontar-el-miedo-ante-un-terremoto","status":"publish","type":"post","link":"https:\/\/miradordeatarfe.es\/?p=44980","title":{"rendered":"\u00bfC\u00f3mo afrontar el miedo ante un terremoto?"},"content":{"rendered":"<div class=\"voc-detail-header\">\n<h3 style=\"text-align: justify;\">El Colegio Oficial de Psicolog\u00eda de Andaluc\u00eda Oriental elabora un dec\u00e1logo con consejos para afrontar la serie de movimientos s\u00edsmicos en Granada<\/h3>\n<figure class=\"voc-main-figure \" style=\"text-align: justify;\"><\/figure>\n<div class=\"voc-author-timesocial\" style=\"text-align: justify;\">\n<div class=\"voc-author-social\">El miedo ante un terremoto es una reacci\u00f3n psicol\u00f3gica que se produce ante un riesgo o amenaza, puesto que es algo que no se puede controlar y, por tanto, no se puede hacer nada para evitarlo. Esta reacci\u00f3n afectiva puede generar en el conjunto de la poblaci\u00f3n <strong>sentimientos de angustia, ansiedad, estr\u00e9s, pensamientos recurrentes<\/strong> (va a volver a pasar), alternaciones del sue\u00f1o o p\u00e9rdida de apetito, y se puede reflejar, as\u00ed mismo, con sensaciones corporales o reacciones fisiol\u00f3gicas como un aumento de la presi\u00f3n cardiaca, sudoraci\u00f3n, descenso de la temperatura corporal o temblores, tensi\u00f3n muscular.<\/div>\n<\/div>\n<\/div>\n<p style=\"text-align: justify;\">Es por ello que, ante la serie de se\u00edsmos que est\u00e1 sufriendo Granada y su \u00e1rea metropolitana desde el pasado s\u00e1bado, 23 de enero, la <strong>Secci\u00f3n de Psicolog\u00eda de la Intervenci\u00f3n en crisis, cat\u00e1strofes y emergencias del Colegio Oficial de Psicolog\u00eda de Andaluc\u00eda Oriental <\/strong>(Copao) ha trabajado en la elaboraci\u00f3n de un dec\u00e1logo de actuaci\u00f3n.<\/p>\n<p style=\"text-align: justify;\">En ese sentido, el decano del Colegio, Manuel Mariano Vera, explica que \u00abeste dec\u00e1logo es uno m\u00e1s de los que el Copao viene confeccionando durante toda la pandemia con el fin de hacer m\u00e1s llevadera a la poblaci\u00f3n esta situaci\u00f3n y a la que se viene a sumar, en este caso para Granada y provincia, un fen\u00f3meno natural que es el de los terremotos\u00bb. El decano de los psic\u00f3logos de Andaluc\u00eda Oriental a\u00f1ade \u00abal estar debilitados por la situaci\u00f3n previa que produce la pandemia los efectos negativos se multiplican. <a href=\"https:\/\/new-www.ideal.es\/granada\/santa-ampliara-apoyo-terremotos-granada-20210129100810-nt.html\" data-voc-vtm-id=\"in-text-traffic\">Con este instrumento, queremos que la poblaci\u00f3n reconozca los s\u00edntomas psicol\u00f3gicos negativos que produce este fen\u00f3meno <\/a>para que de esta manera los combatan mejor\u00bb.<\/p>\n<div class=\"voc-grouper-related\" style=\"text-align: justify;\">\u00a0<\/div>\n<h3 style=\"text-align: justify;\">El dec\u00e1logo<\/h3>\n<p style=\"text-align: justify;\">Este documento ofrece una serie de pautas para hacer frente a estos sentimientos. As\u00ed, entre las recomendaciones, el COPAO ahonda en asumir, en primer lugar, que no se tiene el control de la situaci\u00f3n y que ello puede generar miedo. Pero ese temor no tiene por qu\u00e9 ser malo, si se sabe c\u00f3mo afrontarlo. Por lo tanto, vamos a hacer algo para modular y afrontar nuestro miedo a los terremotos. El dec\u00e1logo es este:<\/p>\n<p style=\"text-align: justify;\">1. Asumir que tienes un determinado miedo: reconocer la emoci\u00f3n que tienes es un paso fundamental. Considerando que sentir miedo es natural y que probablemente tiene un motivo.<\/p>\n<p style=\"text-align: justify;\">2. Reconocer que no tienes el control. El d\u00eda a d\u00eda, por muy controlado y organizado que te parezca, tiene cierto grado de incertidumbre. Tu mente tiene mecanismos que se activan sin que puedas controlarlos y ser consciente de ello. Adem\u00e1s, no puedes controlar a los dem\u00e1s o a la naturaleza.<\/p>\n<p style=\"text-align: justify;\">3. Ampliar tu percepci\u00f3n. No te centres en los pensamientos catastr\u00f3ficos, no te dejes llevar por todo lo que escuchas. Deja de ver las im\u00e1genes del terremoto si te producen ansiedad.<\/p>\n<p style=\"text-align: justify;\">4. No hacer caso de noticias no oficiales, sobre todo, aquellas que son sumamente negativas.<\/p>\n<p style=\"text-align: justify;\">5. Si sentimos que nuestra respiraci\u00f3n se acelera, podemos hacer 3-4 respiraciones lentas y profundas a la vez que nos decimos mensajes tranquilizadores, as\u00ed podemos prevenir la ansiedad.<\/p>\n<p style=\"text-align: justify;\">6. Reconocer y dar valor a tus emociones. Nombra tus emociones y c\u00f3mo de intensas son, no confundas el miedo con la ansiedad. El miedo y la ansiedad no son lo mismo. La ansiedad se suele manifestar de forma generalizada en el cuerpo y es la respuesta a otras emociones.<\/p>\n<p style=\"text-align: justify;\">7. Buscar un lugar que te aporte seguridad.<\/p>\n<p style=\"text-align: justify;\">8. Disminuir los riesgos (c\u00fabrete la cabeza con tus manos, si tienes que abandonar tu casa usa las escaleras).<\/p>\n<p style=\"text-align: justify;\">9. Los menores pueden presentar s\u00edntomas de dependencia (no quieren quedarse o dormir solos). Es normal, debemos ser tolerante ante esas conductas.<\/p>\n<p style=\"text-align: justify;\">10. Si despu\u00e9s de semanas o un mes sigues teniendo miedo (a pesar de que ya no se hayan dado nuevos terremotos), busca ayuda profesional.<\/p>\n<p style=\"text-align: justify;\"><strong>IDEAL<\/strong><\/p>\n<p style=\"text-align: justify;\"><span class=\"voc-photo-author\">FOTO: Alfredo Aguilar<\/span><\/p>\n<p>https:\/\/www.ideal.es\/granada\/afrontar-miedo-ante-terremotos-granada-20210129105600-nt.html<\/p>\n","protected":false},"excerpt":{"rendered":"<p>El Colegio Oficial de Psicolog\u00eda de Andaluc\u00eda Oriental elabora un dec\u00e1logo con consejos para afrontar&#8230;<\/p>\n","protected":false},"author":1,"featured_media":44981,"comment_status":"closed","ping_status":"closed","sticky":false,"template":"","format":"standard","meta":{"_coblocks_attr":"","_coblocks_dimensions":"","_coblocks_responsive_height":"","_coblocks_accordion_ie_support":"","jetpack_post_was_ever_published":false,"_jetpack_newsletter_access":"","_jetpack_dont_email_post_to_subs":false,"_jetpack_newsletter_tier_id":0,"_jetpack_memberships_contains_paywalled_content":false,"_jetpack_memberships_contains_paid_content":false,"footnotes":"","jetpack_publicize_message":"","jetpack_publicize_feature_enabled":true,"jetpack_social_post_already_shared":false,"jetpack_social_options":{"image_generator_settings":{"template":"highway","default_image_id":0,"enabled":false},"version":2}},"categories":[1161,9,44,15,10],"tags":[8030,8029,4140],"class_list":["post-44980","post","type-post","status-publish","format-standard","has-post-thumbnail","hentry","category-ciudadania","category-medio-ambiente","category-noticias-de-hoy","category-ultimas-noticias","category-salud","tag-ansiedad-miedo","tag-decalogo","tag-psicologos"],"jetpack_publicize_connections":[],"jetpack_featured_media_url":"https:\/\/i0.wp.com\/miradordeatarfe.es\/wp-content\/uploads\/2021\/01\/terremotos-jueves-santa-fe-afredo-14-kYKF-U130364925901cUC-624x385%40Ideal.jpg?fit=624%2C385&ssl=1","jetpack_likes_enabled":true,"jetpack_sharing_enabled":true,"_links":{"self":[{"href":"https:\/\/miradordeatarfe.es\/index.php?rest_route=\/wp\/v2\/posts\/44980","targetHints":{"allow":["GET"]}}],"collection":[{"href":"https:\/\/miradordeatarfe.es\/index.php?rest_route=\/wp\/v2\/posts"}],"about":[{"href":"https:\/\/miradordeatarfe.es\/index.php?rest_route=\/wp\/v2\/types\/post"}],"author":[{"embeddable":true,"href":"https:\/\/miradordeatarfe.es\/index.php?rest_route=\/wp\/v2\/users\/1"}],"replies":[{"embeddable":true,"href":"https:\/\/miradordeatarfe.es\/index.php?rest_route=%2Fwp%2Fv2%2Fcomments&post=44980"}],"version-history":[{"count":1,"href":"https:\/\/miradordeatarfe.es\/index.php?rest_route=\/wp\/v2\/posts\/44980\/revisions"}],"predecessor-version":[{"id":44982,"href":"https:\/\/miradordeatarfe.es\/index.php?rest_route=\/wp\/v2\/posts\/44980\/revisions\/44982"}],"wp:featuredmedia":[{"embeddable":true,"href":"https:\/\/miradordeatarfe.es\/index.php?rest_route=\/wp\/v2\/media\/44981"}],"wp:attachment":[{"href":"https:\/\/miradordeatarfe.es\/index.php?rest_route=%2Fwp%2Fv2%2Fmedia&parent=44980"}],"wp:term":[{"taxonomy":"category","embeddable":true,"href":"https:\/\/miradordeatarfe.es\/index.php?rest_route=%2Fwp%2Fv2%2Fcategories&post=44980"},{"taxonomy":"post_tag","embeddable":true,"href":"https:\/\/miradordeatarfe.es\/index.php?rest_route=%2Fwp%2Fv2%2Ftags&post=44980"}],"curies":[{"name":"wp","href":"https:\/\/api.w.org\/{rel}","templated":true}]}}