{"id":44983,"date":"2021-02-01T11:31:46","date_gmt":"2021-02-01T10:31:46","guid":{"rendered":"http:\/\/miradordeatarfe.es\/?p=44983"},"modified":"2023-10-21T20:04:40","modified_gmt":"2023-10-21T18:04:40","slug":"2010-hallan-los-primeros-restos-de-una-nueva-necropolis-en-medina-elvira","status":"publish","type":"post","link":"https:\/\/miradordeatarfe.es\/?p=44983","title":{"rendered":"2010: Hallan los primeros restos de una nueva necr\u00f3polis en Medina Elvira"},"content":{"rendered":"<h3 style=\"text-align: justify;\">REPRODUCIMOS ARTICULO PUBLICADO EN 2010 EN EL PERIODICO DIARIO DE SEVILLA CON MOTIVO DE LAS EXCAVACIONES<\/h3>\n<h3 style=\"text-align: justify;\">El equipo de investigadores que coordina Antonio Malpica en Granada descubre los primeros vestigios humanos de un cementerio musulm\u00e1n reci\u00e9n descubierto<\/h3>\n<p class=\"mce\" style=\"text-align: justify;\">La III Campa\u00f1a de Excavaci\u00f3n en el yacimiento de Medina Elvira en Atarfe ya ha sacado a la luz (en el sentido estricto de la palabra) las primeras estructuras y enterramientos de una nueva gran necr\u00f3polis. Otra sorpresa del considerado por muchos expertos como el yacimiento medieval m\u00e1s importante de Europa.<\/p>\n<p class=\"mce\" style=\"text-align: justify;\"><a href=\"https:\/\/i0.wp.com\/miradordeatarfe.es\/wp-content\/uploads\/2021\/01\/0000483081.jpg?ssl=1\"><img data-recalc-dims=\"1\" loading=\"lazy\" decoding=\"async\" class=\"wp-image-44985 size-full alignleft\" src=\"https:\/\/i0.wp.com\/miradordeatarfe.es\/wp-content\/uploads\/2021\/01\/0000483081.jpg?resize=320%2C427&#038;ssl=1\" alt=\"\" width=\"320\" height=\"427\" srcset=\"https:\/\/i0.wp.com\/miradordeatarfe.es\/wp-content\/uploads\/2021\/01\/0000483081.jpg?w=320&amp;ssl=1 320w, https:\/\/i0.wp.com\/miradordeatarfe.es\/wp-content\/uploads\/2021\/01\/0000483081.jpg?resize=225%2C300&amp;ssl=1 225w\" sizes=\"auto, (max-width: 320px) 100vw, 320px\" \/><\/a>El Facebook de Madinat Ilbira, donde se publican a diario fotograf\u00edas de las excavaciones, mostraba ayer este descubrimiento que se completa con prospecciones anteriores que atestiguan la presencia de otro cementerio moz\u00e1rabe -adem\u00e1s de otro isl\u00e1mico junto a la aceitera&#8211;, un barrio completo de viviendas \u00e1rabes, restos romanos y n\u00facleos poblacionales de una \u00e9poca posterior, que podr\u00eda ser moz\u00e1rabe. \u00abHay que destacar dos l\u00edneas de piedra una a cada lado, este y oeste, posiblemente, de la zona, al mismo tiempo que hay huellas de una especie de argamasa, que bien podr\u00eda servir para delimitar el enterramiento (&#8230;) En el CEF 005 aparece hundido el cr\u00e1neo y el h\u00famero izquierdo, as\u00ed como la clav\u00edcula\u00bb, explican en la p\u00e1gina web los investigadores del equipo que dirige Antonio Malpica, director del yacimiento y catedr\u00e1tico de Historia Medieval de la UGR.<\/p>\n<p class=\"mce\" style=\"text-align: justify;\">Esta nueva necr\u00f3polis que est\u00e1 saliendo a la luz y su posible inclusi\u00f3n como Bien de Inter\u00e9s de Cultural (BIC) ser\u00e1 uno de los puntos del d\u00eda de la reuni\u00f3n que mantendr\u00e1n esta semana el delegado de Cultura, Pedro Benzal, y el nuevo alcalde de Atarfe, Tom\u00e1s Ruiz, que deben adem\u00e1s de ultimar el Plan Director para la zona. Madinat Ilbira es una ciudad seguramente surgida a partir de un poblamiento campesino y tiene vestigios importantes de \u00e9pocas romana y tardoantigua. En el siglo IX Abdehrraman II y Muhammad I construyeron su alcazaba y muy probablemente su mezquita mayor.<\/p>\n<p class=\"mce\" style=\"text-align: justify;\">El yacimiento se ubica entre los municipios de Atarfe y Pinos Puente y cuenta con una amplia extensi\u00f3n protegida, de 332 hect\u00e1reas, declaradas Bien de Inter\u00e9s Cultural (BIC) en 2004. Desde 2005 se realizan excavaciones financiadas por la Direcci\u00f3n General de Bienes Culturales de la Consejer\u00eda de Cultura<\/p>\n","protected":false},"excerpt":{"rendered":"<p>REPRODUCIMOS ARTICULO PUBLICADO EN 2010 EN EL PERIODICO DIARIO DE SEVILLA CON MOTIVO DE LAS&#8230;<\/p>\n","protected":false},"author":1,"featured_media":44984,"comment_status":"closed","ping_status":"closed","sticky":false,"template":"","format":"standard","meta":{"_coblocks_attr":"","_coblocks_dimensions":"","_coblocks_responsive_height":"","_coblocks_accordion_ie_support":"","jetpack_post_was_ever_published":false,"_jetpack_newsletter_access":"","_jetpack_dont_email_post_to_subs":false,"_jetpack_newsletter_tier_id":0,"_jetpack_memberships_contains_paywalled_content":false,"_jetpack_memberships_contains_paid_content":false,"footnotes":"","jetpack_publicize_message":"","jetpack_publicize_feature_enabled":true,"jetpack_social_post_already_shared":false,"jetpack_social_options":{"image_generator_settings":{"template":"highway","default_image_id":0,"enabled":false},"version":2}},"categories":[1225,5359,10431],"tags":[79,6645,8031],"class_list":["post-44983","post","type-post","status-publish","format-standard","has-post-thumbnail","hentry","category-ha-de-atarfe","category-madinat-ilbira","category-medina-elvira-2","tag-medina-elvira","tag-restos","tag-restos-humanos"],"jetpack_publicize_connections":[],"jetpack_featured_media_url":"https:\/\/i0.wp.com\/miradordeatarfe.es\/wp-content\/uploads\/2021\/01\/Trabajos-Antonio-Malpica-Atarfe-wwwmedinaelviraorg_335076493_108470217_1200x675.jpg?fit=1200%2C675&ssl=1","jetpack_likes_enabled":true,"jetpack_sharing_enabled":true,"_links":{"self":[{"href":"https:\/\/miradordeatarfe.es\/index.php?rest_route=\/wp\/v2\/posts\/44983","targetHints":{"allow":["GET"]}}],"collection":[{"href":"https:\/\/miradordeatarfe.es\/index.php?rest_route=\/wp\/v2\/posts"}],"about":[{"href":"https:\/\/miradordeatarfe.es\/index.php?rest_route=\/wp\/v2\/types\/post"}],"author":[{"embeddable":true,"href":"https:\/\/miradordeatarfe.es\/index.php?rest_route=\/wp\/v2\/users\/1"}],"replies":[{"embeddable":true,"href":"https:\/\/miradordeatarfe.es\/index.php?rest_route=%2Fwp%2Fv2%2Fcomments&post=44983"}],"version-history":[{"count":1,"href":"https:\/\/miradordeatarfe.es\/index.php?rest_route=\/wp\/v2\/posts\/44983\/revisions"}],"predecessor-version":[{"id":44986,"href":"https:\/\/miradordeatarfe.es\/index.php?rest_route=\/wp\/v2\/posts\/44983\/revisions\/44986"}],"wp:featuredmedia":[{"embeddable":true,"href":"https:\/\/miradordeatarfe.es\/index.php?rest_route=\/wp\/v2\/media\/44984"}],"wp:attachment":[{"href":"https:\/\/miradordeatarfe.es\/index.php?rest_route=%2Fwp%2Fv2%2Fmedia&parent=44983"}],"wp:term":[{"taxonomy":"category","embeddable":true,"href":"https:\/\/miradordeatarfe.es\/index.php?rest_route=%2Fwp%2Fv2%2Fcategories&post=44983"},{"taxonomy":"post_tag","embeddable":true,"href":"https:\/\/miradordeatarfe.es\/index.php?rest_route=%2Fwp%2Fv2%2Ftags&post=44983"}],"curies":[{"name":"wp","href":"https:\/\/api.w.org\/{rel}","templated":true}]}}