{"id":44990,"date":"2021-01-31T11:25:57","date_gmt":"2021-01-31T10:25:57","guid":{"rendered":"http:\/\/miradordeatarfe.es\/?p=44990"},"modified":"2021-01-30T21:35:45","modified_gmt":"2021-01-30T20:35:45","slug":"atarfe-informacion-municipal-9","status":"publish","type":"post","link":"https:\/\/miradordeatarfe.es\/?p=44990","title":{"rendered":"ATARFE: INFORMACI\u00d3N MUNICIPAL"},"content":{"rendered":"<h3>EQUIPO DE EXPERTOS GEOF\u00cdSICOS VISITAN ATARFE<\/h3>\n<div class=\"o9v6fnle cxmmr5t8 oygrvhab hcukyx3x c1et5uql ii04i59q\">\n<div dir=\"auto\" style=\"text-align: justify;\">El Alcalde, Pedro Mart\u00ednez junto al Concejal de Seguridad Jose Castro, han acompa\u00f1ado al grupo de Expertos del Instituto de Geof\u00edsica Nacional, del Instituto de Geof\u00edsica Andaluz, de la Universidad de Granada, de la Universidad de Ja\u00e9n y de la Polit\u00e9cnica de Madrid, as\u00ed como Arquitectos especialistas en cat\u00e1strofes, para evaluar los da\u00f1os en las viviendas como consecuencia de los terremotos que hemos sufrido durante esta semana. En esta sesi\u00f3n de trabajo se han establecido las bases de los estudios que se van a llevar a cabo en nuestro t\u00e9rmino municipal para conocer con todo detalle la naturaleza de la serie s\u00edsmica que estamos sufriendo.<\/div>\n<\/div>\n<div dir=\"auto\"><a href=\"https:\/\/i0.wp.com\/miradordeatarfe.es\/wp-content\/uploads\/2021\/01\/143994768_3819751478088694_5312552188092228861_o-1.jpg?ssl=1\"><img data-recalc-dims=\"1\" loading=\"lazy\" decoding=\"async\" class=\"wp-image-44991 size-large aligncenter\" src=\"https:\/\/i0.wp.com\/miradordeatarfe.es\/wp-content\/uploads\/2021\/01\/143994768_3819751478088694_5312552188092228861_o-1.jpg?resize=618%2C464&#038;ssl=1\" alt=\"\" width=\"618\" height=\"464\" srcset=\"https:\/\/i0.wp.com\/miradordeatarfe.es\/wp-content\/uploads\/2021\/01\/143994768_3819751478088694_5312552188092228861_o-1.jpg?resize=1024%2C768&amp;ssl=1 1024w, https:\/\/i0.wp.com\/miradordeatarfe.es\/wp-content\/uploads\/2021\/01\/143994768_3819751478088694_5312552188092228861_o-1.jpg?resize=300%2C225&amp;ssl=1 300w, https:\/\/i0.wp.com\/miradordeatarfe.es\/wp-content\/uploads\/2021\/01\/143994768_3819751478088694_5312552188092228861_o-1.jpg?resize=768%2C576&amp;ssl=1 768w, https:\/\/i0.wp.com\/miradordeatarfe.es\/wp-content\/uploads\/2021\/01\/143994768_3819751478088694_5312552188092228861_o-1.jpg?resize=1536%2C1152&amp;ssl=1 1536w, https:\/\/i0.wp.com\/miradordeatarfe.es\/wp-content\/uploads\/2021\/01\/143994768_3819751478088694_5312552188092228861_o-1.jpg?resize=1320%2C990&amp;ssl=1 1320w, https:\/\/i0.wp.com\/miradordeatarfe.es\/wp-content\/uploads\/2021\/01\/143994768_3819751478088694_5312552188092228861_o-1.jpg?w=2000&amp;ssl=1 2000w, https:\/\/i0.wp.com\/miradordeatarfe.es\/wp-content\/uploads\/2021\/01\/143994768_3819751478088694_5312552188092228861_o-1.jpg?w=1920&amp;ssl=1 1920w\" sizes=\"auto, (max-width: 618px) 100vw, 618px\" \/><\/a><\/div>\n<div dir=\"auto\">\n<div class=\"j83agx80 cbu4d94t buofh1pr l9j0dhe7\">\n<div class=\"dati1w0a f10w8fjw hv4rvrfc discj3wi\">\n<div>\n<div>\u00a0<\/div>\n<div><a href=\"https:\/\/i0.wp.com\/miradordeatarfe.es\/wp-content\/uploads\/2021\/01\/144065261_3819751451422030_7676889655998964133_o.jpg?ssl=1\"><img data-recalc-dims=\"1\" loading=\"lazy\" decoding=\"async\" class=\"wp-image-44992 size-large aligncenter\" src=\"https:\/\/i0.wp.com\/miradordeatarfe.es\/wp-content\/uploads\/2021\/01\/144065261_3819751451422030_7676889655998964133_o.jpg?resize=618%2C464&#038;ssl=1\" alt=\"\" width=\"618\" height=\"464\" srcset=\"https:\/\/i0.wp.com\/miradordeatarfe.es\/wp-content\/uploads\/2021\/01\/144065261_3819751451422030_7676889655998964133_o.jpg?resize=1024%2C768&amp;ssl=1 1024w, https:\/\/i0.wp.com\/miradordeatarfe.es\/wp-content\/uploads\/2021\/01\/144065261_3819751451422030_7676889655998964133_o.jpg?resize=300%2C225&amp;ssl=1 300w, https:\/\/i0.wp.com\/miradordeatarfe.es\/wp-content\/uploads\/2021\/01\/144065261_3819751451422030_7676889655998964133_o.jpg?resize=768%2C576&amp;ssl=1 768w, https:\/\/i0.wp.com\/miradordeatarfe.es\/wp-content\/uploads\/2021\/01\/144065261_3819751451422030_7676889655998964133_o.jpg?resize=1536%2C1152&amp;ssl=1 1536w, https:\/\/i0.wp.com\/miradordeatarfe.es\/wp-content\/uploads\/2021\/01\/144065261_3819751451422030_7676889655998964133_o.jpg?resize=1320%2C990&amp;ssl=1 1320w, https:\/\/i0.wp.com\/miradordeatarfe.es\/wp-content\/uploads\/2021\/01\/144065261_3819751451422030_7676889655998964133_o.jpg?w=2000&amp;ssl=1 2000w, https:\/\/i0.wp.com\/miradordeatarfe.es\/wp-content\/uploads\/2021\/01\/144065261_3819751451422030_7676889655998964133_o.jpg?w=1920&amp;ssl=1 1920w\" sizes=\"auto, (max-width: 618px) 100vw, 618px\" \/><\/a><\/div>\n<h3 class=\"a8nywdso j7796vcc rz4wbd8a l29c1vbm\"><span class=\"d2edcug0 hpfvmrgz qv66sw1b c1et5uql rrkovp55 a8c37x1j keod5gw0 nxhoafnm aigsh9s9 d3f4x2em fe6kdd0r mau55g9w c8b282yb iv3no6db jq4qci2q a3bd9o3v knj5qynh oo9gr5id\" dir=\"auto\">STOP BULOS: LLAMAMIENTO A LA RESPONSABILIDAD<\/span><\/h3>\n<p class=\"a8nywdso j7796vcc rz4wbd8a l29c1vbm\"><span class=\"d2edcug0 hpfvmrgz qv66sw1b c1et5uql rrkovp55 a8c37x1j keod5gw0 nxhoafnm aigsh9s9 d3f4x2em fe6kdd0r mau55g9w c8b282yb iv3no6db jq4qci2q a3bd9o3v knj5qynh oo9gr5id\" dir=\"auto\">Hacemos un llamamiento para que entre tod@s contribuyamos a detener la difusi\u00f3n de bulos. Act\u00faa con responsabilidad. Las informaciones alarmantes no contrastadas en canales oficiales est\u00e1n provocando situaciones de p\u00e1nico y riesgo para la salud en muchas personas.<\/p>\n<p>Es falso que en Santa Fe se est\u00e9n evacuando a las personas de sus casas.<\/p>\n<p>Somos conscientes de la preocupaci\u00f3n que provoca la actividad s\u00edsmica que vivimos. Precisamente por ello debemos ser extremadamente responsables para no provocar situaciones a\u00f1adidas de riesgo.<\/p>\n<p>Reiteramos el llamamiento a la calma y a la adopci\u00f3n de las medidas preventivas:<\/p>\n<p><a class=\"oajrlxb2 g5ia77u1 qu0x051f esr5mh6w e9989ue4 r7d6kgcz rq0escxv nhd2j8a9 nc684nl6 p7hjln8o kvgmc6g5 cxmmr5t8 oygrvhab hcukyx3x jb3vyjys rz4wbd8a qt6c0cv9 a8nywdso i1ao9s8h esuyzwwr f1sip0of lzcic4wl py34i1dx gpro0wi8\" tabindex=\"0\" role=\"link\" href=\"https:\/\/l.facebook.com\/l.php?u=http%3A%2F%2Fwww.atarfe.es%2Fpdf%2Fque-hacer-terremotos.pdf%3Ffbclid%3DIwAR2J72y2vVlSpjQYepsCu0vJBBBl_tFLGTCxN-0-zrwzS1rvf-7NLI3hBIQ&amp;h=AT3gC-zV-NXq0NHuPierkg-Cd3hyXj9sTy8M8eq0rMMsBqjBP8NgEZLs1LP5cS-D_BOu41T99uLHSurfaFW7zC0hdxRI74I_g92-uC-6ng33Os-C_GbQGRrUbTjbbdLnFA&amp;__tn__=-UK*F&amp;c[0]=AT02xbicp_uNK1hG-9gKLHYQiq0gUmQctLC8Qa_P2eD82UiBBcsiq2pQvUmPzQf6e2btH4wrz6Eot9KZmt0DXqCI141CPWsKfaU88iDJwftzipOxAl-n_3VEhKVnqeTtmTggXhxj2VMX3CNxq6cUsgTFWWxWh6twkQMCL-MccZY5fV0\" target=\"_blank\" rel=\"nofollow noopener\">www.atarfe.es\/pdf\/que-hacer-terremotos.pdf<\/a>\u00a0<\/span><\/p>\n<p><a href=\"https:\/\/i0.wp.com\/miradordeatarfe.es\/wp-content\/uploads\/2021\/01\/143432300_3814639501933225_1290487774390736192_n.jpg?ssl=1\"><img data-recalc-dims=\"1\" loading=\"lazy\" decoding=\"async\" class=\"wp-image-44994 size-full aligncenter\" src=\"https:\/\/i0.wp.com\/miradordeatarfe.es\/wp-content\/uploads\/2021\/01\/143432300_3814639501933225_1290487774390736192_n.jpg?resize=600%2C400&#038;ssl=1\" alt=\"\" width=\"600\" height=\"400\" srcset=\"https:\/\/i0.wp.com\/miradordeatarfe.es\/wp-content\/uploads\/2021\/01\/143432300_3814639501933225_1290487774390736192_n.jpg?w=600&amp;ssl=1 600w, https:\/\/i0.wp.com\/miradordeatarfe.es\/wp-content\/uploads\/2021\/01\/143432300_3814639501933225_1290487774390736192_n.jpg?resize=300%2C200&amp;ssl=1 300w\" sizes=\"auto, (max-width: 600px) 100vw, 600px\" \/><\/a><\/p>\n<\/div>\n<\/div>\n<div class=\"cwj9ozl2\">\n<p>&nbsp;<\/p>\n<\/div>\n<\/div>\n<\/div>\n","protected":false},"excerpt":{"rendered":"<p>EQUIPO DE EXPERTOS GEOF\u00cdSICOS VISITAN ATARFE El Alcalde, Pedro Mart\u00ednez junto al Concejal de Seguridad&#8230;<\/p>\n","protected":false},"author":1,"featured_media":44993,"comment_status":"closed","ping_status":"closed","sticky":false,"template":"","format":"standard","meta":{"_coblocks_attr":"","_coblocks_dimensions":"","_coblocks_responsive_height":"","_coblocks_accordion_ie_support":"","jetpack_post_was_ever_published":false,"_jetpack_newsletter_access":"","_jetpack_dont_email_post_to_subs":false,"_jetpack_newsletter_tier_id":0,"_jetpack_memberships_contains_paywalled_content":false,"_jetpack_memberships_contains_paid_content":false,"footnotes":"","jetpack_publicize_message":"","jetpack_publicize_feature_enabled":true,"jetpack_social_post_already_shared":false,"jetpack_social_options":{"image_generator_settings":{"template":"highway","default_image_id":0,"enabled":false},"version":2}},"categories":[6916,1161,44,15],"tags":[1535,4209],"class_list":["post-44990","post","type-post","status-publish","format-standard","has-post-thumbnail","hentry","category-ayuntamiento-de-atarfe","category-ciudadania","category-noticias-de-hoy","category-ultimas-noticias","tag-bulos","tag-terremotos"],"jetpack_publicize_connections":[],"jetpack_featured_media_url":"https:\/\/i0.wp.com\/miradordeatarfe.es\/wp-content\/uploads\/2021\/01\/144191425_3819751461422029_6771008574548119520_o.jpg?fit=2000%2C1500&ssl=1","jetpack_likes_enabled":true,"jetpack_sharing_enabled":true,"_links":{"self":[{"href":"https:\/\/miradordeatarfe.es\/index.php?rest_route=\/wp\/v2\/posts\/44990","targetHints":{"allow":["GET"]}}],"collection":[{"href":"https:\/\/miradordeatarfe.es\/index.php?rest_route=\/wp\/v2\/posts"}],"about":[{"href":"https:\/\/miradordeatarfe.es\/index.php?rest_route=\/wp\/v2\/types\/post"}],"author":[{"embeddable":true,"href":"https:\/\/miradordeatarfe.es\/index.php?rest_route=\/wp\/v2\/users\/1"}],"replies":[{"embeddable":true,"href":"https:\/\/miradordeatarfe.es\/index.php?rest_route=%2Fwp%2Fv2%2Fcomments&post=44990"}],"version-history":[{"count":1,"href":"https:\/\/miradordeatarfe.es\/index.php?rest_route=\/wp\/v2\/posts\/44990\/revisions"}],"predecessor-version":[{"id":44995,"href":"https:\/\/miradordeatarfe.es\/index.php?rest_route=\/wp\/v2\/posts\/44990\/revisions\/44995"}],"wp:featuredmedia":[{"embeddable":true,"href":"https:\/\/miradordeatarfe.es\/index.php?rest_route=\/wp\/v2\/media\/44993"}],"wp:attachment":[{"href":"https:\/\/miradordeatarfe.es\/index.php?rest_route=%2Fwp%2Fv2%2Fmedia&parent=44990"}],"wp:term":[{"taxonomy":"category","embeddable":true,"href":"https:\/\/miradordeatarfe.es\/index.php?rest_route=%2Fwp%2Fv2%2Fcategories&post=44990"},{"taxonomy":"post_tag","embeddable":true,"href":"https:\/\/miradordeatarfe.es\/index.php?rest_route=%2Fwp%2Fv2%2Ftags&post=44990"}],"curies":[{"name":"wp","href":"https:\/\/api.w.org\/{rel}","templated":true}]}}