{"id":44999,"date":"2021-02-02T11:02:41","date_gmt":"2021-02-02T10:02:41","guid":{"rendered":"http:\/\/miradordeatarfe.es\/?p=44999"},"modified":"2021-02-01T16:07:44","modified_gmt":"2021-02-01T15:07:44","slug":"el-atarfe-se-pone-segundo-tras-derrotar-al-martos-1-0","status":"publish","type":"post","link":"https:\/\/miradordeatarfe.es\/?p=44999","title":{"rendered":"El Atarfe se pone segundo tras derrotar al Martos, 1-0"},"content":{"rendered":"<h3 id=\"bajonavegacion\">Un postrero gol de Malano le dio una nueva victoria del equipo dirigido por Jes\u00fas Sierra<\/h3>\n<div class=\"bloque_big\">\n<div class=\"bloque_big_izda\">\n<p style=\"text-align: justify;\">Un gol de Malano en el minuto 90 le otorga al Atarfe una victoria para consolidarse entre los puestos de privilegio y coincidiendo con su mejor momento. El partido result\u00f3 de los m\u00e1s vistosos y entretenidos, de los hasta ahora disputados en el Municipal.<\/p>\n<p style=\"text-align: justify;\">Arranc\u00f3 m\u00e1s entonado el Atarfe, que disfrut\u00f3 de la primera llegada tras un remate de Guille, que mand\u00f3 a c\u00f3rner Valero. El Martos cambi\u00f3 la din\u00e1mica cuando decidi\u00f3 adelantar l\u00edneas y ejerci\u00f3 una presi\u00f3n que maniat\u00f3 a los locales y le dio incluso opci\u00f3n de generar alguna ocasi\u00f3n, sobretodo a bal\u00f3n parado, que no tuvo demasiadas consecuencias, a pesar de los desajustes locales. Mediado el primer tiempo hubo gol anulado, tras un c\u00f3rner, al Martos, por fuera de juego previo de \u00c1lex, en la prolongaci\u00f3n. Al Atarfe le cuesta tanto a generar, que incluso se ve obligado a usar otros recursos y entra en juego la pizarra. En dos ocasiones, Espinola con la cabeza y Marcos Toro con la zurda, est\u00e1n muy cerca de abrir el marcador poco antes del descanso.\u00a0<\/p>\n<p style=\"text-align: justify;\">Tras el receso, el partido entra en la mejor fase del mismo, con muchas alternativas y con ocasiones en una y otra porter\u00eda, donde los porteros adquirieron protagonismo. Ariza primero y despu\u00e9s Valero con los pies evitan el gol, casi en jugadas calcadas, previo pase de la muerte, que remataron Ra\u00fal para los visitantes y Adri Vegas para los locales. Tras ese arranque fulgurante, la sensaci\u00f3n es que el Martos pierde algo de fuelle y da un paso atr\u00e1s, no dando por malo el empate y m\u00e1s a\u00fan cuando en la recta final pierde a un efectivo por la segunda amarilla de Jairo. Cuando todo apunta al reparto de puntos, emergi\u00f3 la figura de Malano, que tras un gran pase de Fran Moreno, explot\u00f3 su velocidad para entrar en el \u00e1rea y regatear a su par y culminar con calidad para lograr el \u00fanico tanto del choque, ante la alegr\u00eda de los verdiblancos, que confirman su mejor\u00eda semana tras semana.\u00a0<\/p>\n<div class=\"limpia\" style=\"text-align: justify;\">\u00a0<\/div>\n<div class=\"foto\" style=\"text-align: justify;\"><a title=\"(JOS\u00c9 M. BALDOMERO) \" href=\"https:\/\/i0.wp.com\/www.granadaenjuego.com\/ficheros\/202101\/imagen42649_1_original.jpg?ssl=1\" rel=\"galeriaimg\"><img data-recalc-dims=\"1\" decoding=\"async\" class=\"alignleft\" title=\"(JOS\u00c9 M. BALDOMERO) \" src=\"https:\/\/i0.wp.com\/www.granadaenjuego.com\/ficheros\/202101\/imagen42649_1_ppal.jpg?w=450&#038;ssl=1\" alt=\"(JOS\u00c9 M. BALDOMERO) \"  \/><\/a><\/div>\n<p style=\"text-align: justify;\"><strong>ATARFE INDUSTRIAL:<\/strong>\u00a0Ariza, Manu Amaya, Marcos Toro, Victor, G\u00e1lvez, Juanma (\u00c1lex Ortega 83&#8242;), Aya (Fran Moreno 74&#8242;), Adri Vegas, Malano, Guille (Dani Gonz\u00e1lez 83&#8242;) y Diego (\u00c1lex 83&#8242;)<\/p>\n<p style=\"text-align: justify;\"><strong>MARTOS CLUB DEPORTIVO:<\/strong>\u00a0Valero, Julio D\u00edaz, Roberto, David Jim\u00e9nez, Jairo, Uceda, Ra\u00fal (Maxi 74&#8242;), Dar\u00edo, \u00c1lex, Berm\u00fadez (Marc Rueda 83&#8242;) y Chechu.\u00a0<\/p>\n<p style=\"text-align: justify;\"><strong>GOLES<\/strong>: 1-0, Malano (89&#8242;);<\/p>\n<p style=\"text-align: justify;\"><strong>\u00c1RBITRO<\/strong>: Fernandez HERN\u00c1NDEZ (M\u00e1laga). Amonest\u00f3 por los locales a G\u00e1lvez, Juanma, Guille y por los visitantes a Uceda, Chechu, Dar\u00edo, Amador. Expuls\u00f3 por los visitantes a Jairo (Doble amarilla 86&#8242;), Cristian (Roja directa 89&#8242;), Amador (Roja directa 89&#8242;).<\/p>\n<p style=\"text-align: justify;\"><strong>INCIDENCIAS<\/strong>: Encuentro disputado en el Municipal de Atarfe. Sin p\u00fablico<\/p>\n<\/div>\n<h6 style=\"text-align: justify;\">JES\u00daS ROSILLO \/ ATARFE | 31 DE ENERO DE 2021<\/h6>\n<div class=\"piefotobig\" style=\"text-align: justify;\">FOTO:El Atarfe sigue en buena din\u00e1mica (JOS\u00c9 M. BALDOMERO)<\/div>\n<\/div>\n","protected":false},"excerpt":{"rendered":"<p>Un postrero gol de Malano le dio una nueva victoria del equipo dirigido por Jes\u00fas&#8230;<\/p>\n","protected":false},"author":1,"featured_media":45000,"comment_status":"closed","ping_status":"closed","sticky":false,"template":"","format":"standard","meta":{"_coblocks_attr":"","_coblocks_dimensions":"","_coblocks_responsive_height":"","_coblocks_accordion_ie_support":"","jetpack_post_was_ever_published":false,"_jetpack_newsletter_access":"","_jetpack_dont_email_post_to_subs":false,"_jetpack_newsletter_tier_id":0,"_jetpack_memberships_contains_paywalled_content":false,"_jetpack_memberships_contains_paid_content":false,"footnotes":"","jetpack_publicize_message":"","jetpack_publicize_feature_enabled":true,"jetpack_social_post_already_shared":false,"jetpack_social_options":{"image_generator_settings":{"template":"highway","default_image_id":0,"enabled":false},"version":2}},"categories":[182,44,15],"tags":[81,4389,123],"class_list":["post-44999","post","type-post","status-publish","format-standard","has-post-thumbnail","hentry","category-deportes","category-noticias-de-hoy","category-ultimas-noticias","tag-atarfe","tag-atarfe-industrial-c-f","tag-deportes"],"jetpack_publicize_connections":[],"jetpack_featured_media_url":"https:\/\/i0.wp.com\/miradordeatarfe.es\/wp-content\/uploads\/2021\/02\/imagen42445_1_ppal.jpg?fit=450%2C299&ssl=1","jetpack_likes_enabled":true,"jetpack_sharing_enabled":true,"_links":{"self":[{"href":"https:\/\/miradordeatarfe.es\/index.php?rest_route=\/wp\/v2\/posts\/44999","targetHints":{"allow":["GET"]}}],"collection":[{"href":"https:\/\/miradordeatarfe.es\/index.php?rest_route=\/wp\/v2\/posts"}],"about":[{"href":"https:\/\/miradordeatarfe.es\/index.php?rest_route=\/wp\/v2\/types\/post"}],"author":[{"embeddable":true,"href":"https:\/\/miradordeatarfe.es\/index.php?rest_route=\/wp\/v2\/users\/1"}],"replies":[{"embeddable":true,"href":"https:\/\/miradordeatarfe.es\/index.php?rest_route=%2Fwp%2Fv2%2Fcomments&post=44999"}],"version-history":[{"count":1,"href":"https:\/\/miradordeatarfe.es\/index.php?rest_route=\/wp\/v2\/posts\/44999\/revisions"}],"predecessor-version":[{"id":45001,"href":"https:\/\/miradordeatarfe.es\/index.php?rest_route=\/wp\/v2\/posts\/44999\/revisions\/45001"}],"wp:featuredmedia":[{"embeddable":true,"href":"https:\/\/miradordeatarfe.es\/index.php?rest_route=\/wp\/v2\/media\/45000"}],"wp:attachment":[{"href":"https:\/\/miradordeatarfe.es\/index.php?rest_route=%2Fwp%2Fv2%2Fmedia&parent=44999"}],"wp:term":[{"taxonomy":"category","embeddable":true,"href":"https:\/\/miradordeatarfe.es\/index.php?rest_route=%2Fwp%2Fv2%2Fcategories&post=44999"},{"taxonomy":"post_tag","embeddable":true,"href":"https:\/\/miradordeatarfe.es\/index.php?rest_route=%2Fwp%2Fv2%2Ftags&post=44999"}],"curies":[{"name":"wp","href":"https:\/\/api.w.org\/{rel}","templated":true}]}}