{"id":45013,"date":"2021-02-04T10:30:54","date_gmt":"2021-02-04T09:30:54","guid":{"rendered":"http:\/\/miradordeatarfe.es\/?p=45013"},"modified":"2021-02-03T19:19:27","modified_gmt":"2021-02-03T18:19:27","slug":"todas-las-mujeres-nominadas-a-los-goya-2021-y-esta-vez-para-variar-son-muchas","status":"publish","type":"post","link":"https:\/\/miradordeatarfe.es\/?p=45013","title":{"rendered":"TODAS LAS MUJERES NOMINADAS A LOS GOYA 2021 (Y ESTA VEZ, PARA VARIAR, SON MUCHAS)"},"content":{"rendered":"<h3 class=\"post-autor\">\u2018LAS NI\u00d1AS\u2019, DE PILAR PALOMERO, Y \u2018LA BODA DE ROSA\u2019, DE IC\u00cdAR BOLLA\u00cdN, SE COLOCAN ENTRE LAS PEL\u00cdCULAS FAVORITAS DEL A\u00d1O<\/h3>\n<p style=\"text-align: justify;\">Ya se conocen los nominados a la pr\u00f3xima edici\u00f3n de los Premios Goya, cuya gala se celebrar\u00e1 el 6 de marzo en M\u00e1laga. Antonio Banderas y Mar\u00eda Casado dirigir\u00e1n y presentar\u00e1n una ceremonia \u201ccontenida, responsable y adecuada a los tiempos\u201d, seg\u00fan la Academia de Cine, lo que quiere decir sin fiestas y con PCR previa para todos los asistentes.\u00a0<em>Ad\u00fa<\/em>,\u00a0de Salvador Calvo (con 13 candidaturas);\u00a0<em>Akelarre<\/em>, de Pablo Ag\u00fcero (9);\u00a0<em>Las ni\u00f1as<\/em>,\u00a0de Pilar Palomero (9), y\u00a0<em>La boda de Rosa<\/em>,\u00a0de Ic\u00edar Bolla\u00edn (8), son las cintas que lideran las candidaturas. \u00a0Ya hay dos premios anunciados:\u00a0<a class=\"external\" href=\"https:\/\/www.mujeresaseguir.com\/cultura\/noticia\/1163296048715\/actriz-angela-molina-goya-de-honor-2021.1.html\" target=\"_blank\" rel=\"noopener\">el de honor, para \u00c1ngela Molina<\/a>, y el de mejor largo de animaci\u00f3n, que ser\u00e1 para\u00a0<em>La gallina Turuleca,<\/em>\u00a0al ser la \u00fanica que compite en su categor\u00eda.<\/p>\n<p style=\"text-align: justify;\">Para saber qui\u00e9nes son el resto de galardonados habr\u00e1 que esperar a principios de marzo, pero de momento hay una amplia presencia femenina entre los nominados. Seg\u00fan el\u00a0<a class=\"external\" href=\"https:\/\/cimamujerescineastas.es\/amplia-representacion-femenina-en-las-nominaciones-a-los-goya-2021\/\" target=\"_blank\" rel=\"noopener\">recuento realizado por CIMA<\/a>\u00a0(Asociaci\u00f3n de Mujeres Cineastas y de Medios Audiovisuales), medio centenar de mujeres, en solitario o formando parte de alg\u00fan equipo,\u00a0<a class=\"external\" href=\"https:\/\/www.premiosgoya.com\/35-edicion\/nominaciones\/por-categoria\/\" target=\"_blank\" rel=\"noopener\">optan a premio<\/a>\u00a0en algunas de las 111 nominaciones,\u00a0<a class=\"external\" href=\"https:\/\/www.mujeresaseguir.com\/cultura\/noticia\/1157265048715\/mujeres-goya.1.html\" target=\"_blank\" rel=\"noopener\">una proporci\u00f3n mucho mejor que las de anteriores ediciones<\/a>.<\/p>\n<p style=\"text-align: justify;\">El dato tiene m\u00e1s valor si tenemos en cuenta la escasa representaci\u00f3n de mujeres en la industria cinematogr\u00e1fica espa\u00f1ola, donde ocupan solo un 30% de los puestos de responsabilidad, seg\u00fan el \u00faltimo\u00a0<a class=\"external\" href=\"https:\/\/cimamujerescineastas.es\/wp-content\/uploads\/2020\/11\/INFORME_ANUAL_CIMA_2019.pdf\" target=\"_blank\" rel=\"noopener\">informe<\/a>\u00a0de CIMA, realizado con cifras correspondientes a 2019 (el de 2020 todav\u00eda no se ha presentado). Esa desigualdad se acent\u00faa en el llamado grupo de liderazgo (los cargos direcci\u00f3n, producci\u00f3n y guion), donde las mujeres representan tan solo un 26% (por contra, ellas siguen siendo dominando en las \u00e1reas asociadas a roles de g\u00e9nero tradicionales como dise\u00f1o de vestuario y maquillaje y peluquer\u00eda). Sin embargo, en los Goya han acaparado la mitad de las nominaciones tambi\u00e9n en esas categor\u00edas de liderazgo.\u00a0\u00a0<\/p>\n<p style=\"text-align: justify;\">Adem\u00e1s,\u00a0<em>Las ni\u00f1as<\/em>, de Pilar Palomero, y\u00a0<em>La boda de Rosa<\/em>, de Ic\u00edar Bolla\u00edn, aspiran al Goya a la Mejor Pel\u00edcula. La primera, que narra el paso de la infancia a la adolescencia de un grupo de ni\u00f1as en los primeros a\u00f1os noventa, se estren\u00f3 en la \u00faltima edici\u00f3n de la Berlinale y ha ganado la Biznaga de Oro en el Festival de M\u00e1laga y, m\u00e1s recientemente, el galard\u00f3n a Mejor Pel\u00edcula en\u00a0 los Premios Forqu\u00e9, otorgados por los productores. Por su parte, Bolla\u00edn ha puesto sobre la mesa el debate de la importancia de los cuidados y el autocuidado a trav\u00e9s de la historia de una mujer ahogada por sus responsabilidades que decide tomar las riendas de su vida. Tanto ella como Isabel Coixet est\u00e1n nominadas a Mejor Direcci\u00f3n, mientras que Pilar Palomero y Nuria Gim\u00e9nez Loranz est\u00e1n en la lista de nominadas a Mejor Direcci\u00f3n Novel.<\/p>\n<figure class=\"post-figure\" style=\"text-align: justify;\"><img data-recalc-dims=\"1\" loading=\"lazy\" decoding=\"async\" title=\"'La boda de Rosa', de Ic\u00edar Bolla\u00edn. \" src=\"https:\/\/i0.wp.com\/recursos.marketingnews.es\/files\/1396\/93.jpg?resize=550%2C338&#038;ssl=1\" alt=\"'La boda de Rosa', de Ic\u00edar Bolla\u00edn. \" width=\"550\" height=\"338\" \/><figcaption>&#8216;La boda de Rosa&#8217;, de Ic\u00edar Bolla\u00edn.<\/figcaption><\/figure>\n<p>&nbsp;<\/p>\n<p>Este es el listado completo de mujeres que optan a los Goya 2021:\u00a0\u00a0<\/p>\n<p><strong>Mejor Pel\u00edcula<\/strong><\/p>\n<ul>\n<li><em>La boda de Rosa<\/em>, dirigida por Ic\u00edar Bolla\u00edn<\/li>\n<li><em>Las ni\u00f1as<\/em>, dirigida por Pilar Palomero<\/li>\n<\/ul>\n<p><strong>Mejor Direcci\u00f3n<\/strong><\/p>\n<ul>\n<li>Ic\u00edar Bolla\u00edn, por\u00a0<em>La boda de Rosa<\/em><\/li>\n<li>Isabel Coixet, por\u00a0<em>Nieva en Benidorm<\/em><\/li>\n<\/ul>\n<p><strong>Mejor Direcci\u00f3n Novel<\/strong><\/p>\n<ul>\n<li>Pilar Palomero, por\u00a0<em>Las ni\u00f1as<\/em><\/li>\n<li>Nuria Gim\u00e9nez Lorang, por\u00a0<em>My Mexican Bretzel<\/em><\/li>\n<\/ul>\n<p><strong>Mejor Guion Original<\/strong><\/p>\n<ul>\n<li>Alicia Luna e Ic\u00edar Bolla\u00edn, por\u00a0<em>La boda de Rosa<\/em><\/li>\n<li>Pilar Palomero, por\u00a0<em>Las ni\u00f1as<\/em><\/li>\n<\/ul>\n<p><strong>Mejor Guion Adaptado<\/strong><\/p>\n<ul>\n<li>Marina Par\u00e9s Pulido (y David P\u00e9rez Sa\u00f1udo), por\u00a0<em>Ane<\/em><\/li>\n<li>Marta Libertad Castillo (y Bernardo S\u00e1nchez), por\u00a0<em>Los europeos<\/em><\/li>\n<\/ul>\n<p><strong>Mejor Pel\u00edcula Documental<\/strong><\/p>\n<ul>\n<li><em>Cartas mojadas<\/em>, de Paula Palacios<\/li>\n<li><em>My Mexican Bretzel<\/em>, de Nuria Gim\u00e9nez Lorang<\/li>\n<\/ul>\n<p><strong>Mejor Pel\u00edcula Iberoamericana<\/strong><\/p>\n<ul>\n<li><em>El agente topo<\/em>, de Maite Alberdi (Chile)<\/li>\n<\/ul>\n<p><strong>Mejor Direcci\u00f3n de Fotograf\u00eda<\/strong><\/p>\n<ul>\n<li>Daniela Caj\u00edas, por\u00a0<em>Las ni\u00f1as<\/em><\/li>\n<\/ul>\n<p><strong>Mejor Direcci\u00f3n de Producci\u00f3n<\/strong><\/p>\n<ul>\n<li>Ana Parra (y Luis Fern\u00e1ndez Lago), por\u00a0<em>Ad\u00fa<\/em><\/li>\n<li>Guadalupe Balaguer Trelles (CIMA), por\u00a0<em>Akelarre<\/em><\/li>\n<li>Carmen Mart\u00ednez Mu\u00f1oz, por\u00a0<em>Black Beach<\/em><\/li>\n<\/ul>\n<p><strong>Mejor Sonido<\/strong><\/p>\n<ul>\n<li>Josefina Rodr\u00edguez (Urko Garai, Fr\u00e9d\u00e9ric Hamelin y Leandro de Loredo), por\u00a0<em>Akelarre<\/em><\/li>\n<li>Mar Gonz\u00e1lez (Francesco Lucarelli y Nacho Royo-Villanova), por\u00a0<em>El plan<\/em><\/li>\n<\/ul>\n<p><strong>Mejor Cortometraje Documental<\/strong><\/p>\n<ul>\n<li><em>Biograf\u00eda del cad\u00e1ver de una mujer<\/em>, de Mabel Lozano<\/li>\n<li><em>Solo son peces<\/em>, de Ana Serna y Paula Iglesias<\/li>\n<\/ul>\n<p><strong>Mejor Cortometraje de Ficci\u00f3n<\/strong><\/p>\n<ul>\n<li><em>Beef<\/em>, de Ingride Santos<\/li>\n<\/ul>\n<p><strong>Mejor Cortometraje de Animaci\u00f3n<\/strong><\/p>\n<ul>\n<li>Metamorphosis, de Carla Pereira (y Juan Fran Jacinto)<\/li>\n<\/ul>\n<p><strong>Montaje<\/strong><\/p>\n<ul>\n<li>Sofi Escud\u00e9, por\u00a0<em>Las ni\u00f1as<\/em><\/li>\n<\/ul>\n<p><strong>Mejor Canci\u00f3n Original<\/strong><\/p>\n<ul>\n<li>Mar\u00eda Rozal\u00e9n, por\u00a0<em>La boda de rosa<\/em><\/li>\n<\/ul>\n<p><strong>M\u00fasica Original<\/strong><\/p>\n<ul>\n<li>Ar\u00e1nzazu Calleja y Maite Arroitajauregi, por\u00a0<em>Akelarre<\/em><\/li>\n<\/ul>\n<p><strong>Mejores Efectos Especiales<\/strong><\/p>\n<ul>\n<li>Ana Rubio (y Mariano Garc\u00eda Marty), por Akelarre<\/li>\n<li>M\u00edriam Piquer (y Ra\u00fal Romanillos), por\u00a0<em>Historias lamentables<\/em><\/li>\n<\/ul>\n<p><strong>Mejor Maquillaje y Peluquer\u00eda<\/strong><\/p>\n<ul>\n<li>Elena Cuevas, Mara Collazo (y Sergio L\u00f3pez), por\u00a0<em>Ad\u00fa<\/em><\/li>\n<li>Beata Wotjowicz (y Ricardo Molina), por\u00a0<em>Akelarre<\/em><\/li>\n<li>Milu Cabrer (y Benjam\u00edn P\u00e9rez), por\u00a0<em>Explota, explota<\/em><\/li>\n<li>Paula Cruz (Jes\u00fas Guerra y Nacho D\u00edaz), por\u00a0<em>Or\u00edgenes secretos<\/em><\/li>\n<\/ul>\n<p><strong>Mejor Dise\u00f1o de Vestuario<\/strong><\/p>\n<ul>\n<li>Nerea Torrijos, por\u00a0<em>Akelarre<\/em><\/li>\n<li>Cristina Rodr\u00edguez, por\u00a0<em>Explota, explota<\/em><\/li>\n<li>Arantxa Ezquerro, por\u00a0<em>Las ni\u00f1as<\/em><\/li>\n<li>Lena Mossum, por\u00a0<em>Los europeos<\/em><\/li>\n<\/ul>\n<p><strong>Mejor Direcci\u00f3n Art\u00edstica<\/strong><\/p>\n<ul>\n<li>Montse Sanz, por\u00a0<em>Black Beach<\/em><\/li>\n<li>M\u00f3nica Bernuy, por\u00a0<em>Las ni\u00f1as<\/em><\/li>\n<\/ul>\n<p><strong>Mejor Actriz Protagonista<\/strong><\/p>\n<ul>\n<li>Amaia Aberasturi, por\u00a0<em>Akelarre<\/em><\/li>\n<li>Patricia L\u00f3pez Arnaiz, por\u00a0<em>Ane<\/em><\/li>\n<li>Kiti M\u00e1nver, por\u00a0<em>El inconveniente<\/em><\/li>\n<li>Candela Pe\u00f1a, por\u00a0<em>La boda de Rosa<\/em><\/li>\n<\/ul>\n<p><strong>Mejor Actriz Revelaci\u00f3n<\/strong><\/p>\n<ul>\n<li>Jone Laspiur, por Ane<\/li>\n<li>Paula Usero, por\u00a0<em>La boda de Rosa<\/em><\/li>\n<li>Milena Smith, por\u00a0<em>No matar\u00e1s<\/em><\/li>\n<li>Griselda Siciliani, por\u00a0<em>Sentimental<\/em><\/li>\n<\/ul>\n<p><strong>Mejor Actriz de Reparto<\/strong><\/p>\n<ul>\n<li>Juana Acosta, por\u00a0<em>El inconveniente<\/em><\/li>\n<li>Ver\u00f3nica Echegui, por\u00a0<em>Explota, Explota<\/em><\/li>\n<li>Nathalie Poza, por\u00a0<em>La boda de Rosa<\/em><\/li>\n<li>Natalia de Molina, por\u00a0<em>Las ni\u00f1as<\/em><\/li>\n<\/ul>\n<p>&nbsp;<\/p>\n<p>MARINA DORADO<\/p>\n","protected":false},"excerpt":{"rendered":"<p>\u2018LAS NI\u00d1AS\u2019, DE PILAR PALOMERO, Y \u2018LA BODA DE ROSA\u2019, DE IC\u00cdAR BOLLA\u00cdN, SE COLOCAN&#8230;<\/p>\n","protected":false},"author":1,"featured_media":45014,"comment_status":"closed","ping_status":"closed","sticky":false,"template":"","format":"standard","meta":{"_coblocks_attr":"","_coblocks_dimensions":"","_coblocks_responsive_height":"","_coblocks_accordion_ie_support":"","jetpack_post_was_ever_published":false,"_jetpack_newsletter_access":"","_jetpack_dont_email_post_to_subs":false,"_jetpack_newsletter_tier_id":0,"_jetpack_memberships_contains_paywalled_content":false,"_jetpack_memberships_contains_paid_content":false,"footnotes":"","jetpack_publicize_message":"","jetpack_publicize_feature_enabled":true,"jetpack_social_post_already_shared":false,"jetpack_social_options":{"image_generator_settings":{"template":"highway","default_image_id":0,"enabled":false},"version":2}},"categories":[1161,14,44,6937,15],"tags":[19,1833],"class_list":["post-45013","post","type-post","status-publish","format-standard","has-post-thumbnail","hentry","category-ciudadania","category-feminismo","category-noticias-de-hoy","category-sociedad","category-ultimas-noticias","tag-mujeres","tag-premios-goya"],"jetpack_publicize_connections":[],"jetpack_featured_media_url":"https:\/\/i0.wp.com\/miradordeatarfe.es\/wp-content\/uploads\/2021\/02\/92.jpg?fit=970%2C450&ssl=1","jetpack_likes_enabled":true,"jetpack_sharing_enabled":true,"_links":{"self":[{"href":"https:\/\/miradordeatarfe.es\/index.php?rest_route=\/wp\/v2\/posts\/45013","targetHints":{"allow":["GET"]}}],"collection":[{"href":"https:\/\/miradordeatarfe.es\/index.php?rest_route=\/wp\/v2\/posts"}],"about":[{"href":"https:\/\/miradordeatarfe.es\/index.php?rest_route=\/wp\/v2\/types\/post"}],"author":[{"embeddable":true,"href":"https:\/\/miradordeatarfe.es\/index.php?rest_route=\/wp\/v2\/users\/1"}],"replies":[{"embeddable":true,"href":"https:\/\/miradordeatarfe.es\/index.php?rest_route=%2Fwp%2Fv2%2Fcomments&post=45013"}],"version-history":[{"count":1,"href":"https:\/\/miradordeatarfe.es\/index.php?rest_route=\/wp\/v2\/posts\/45013\/revisions"}],"predecessor-version":[{"id":45015,"href":"https:\/\/miradordeatarfe.es\/index.php?rest_route=\/wp\/v2\/posts\/45013\/revisions\/45015"}],"wp:featuredmedia":[{"embeddable":true,"href":"https:\/\/miradordeatarfe.es\/index.php?rest_route=\/wp\/v2\/media\/45014"}],"wp:attachment":[{"href":"https:\/\/miradordeatarfe.es\/index.php?rest_route=%2Fwp%2Fv2%2Fmedia&parent=45013"}],"wp:term":[{"taxonomy":"category","embeddable":true,"href":"https:\/\/miradordeatarfe.es\/index.php?rest_route=%2Fwp%2Fv2%2Fcategories&post=45013"},{"taxonomy":"post_tag","embeddable":true,"href":"https:\/\/miradordeatarfe.es\/index.php?rest_route=%2Fwp%2Fv2%2Ftags&post=45013"}],"curies":[{"name":"wp","href":"https:\/\/api.w.org\/{rel}","templated":true}]}}