{"id":45019,"date":"2021-02-03T09:05:17","date_gmt":"2021-02-03T08:05:17","guid":{"rendered":"http:\/\/miradordeatarfe.es\/?p=45019"},"modified":"2021-04-23T10:09:22","modified_gmt":"2021-04-23T08:09:22","slug":"el-supremo-revisa-el-17-de-febrero-el-recurso-de-juana-rivas-contra-su-condena-a-prision","status":"publish","type":"post","link":"https:\/\/miradordeatarfe.es\/?p=45019","title":{"rendered":"El Supremo revisa el 17 de febrero el recurso de Juana Rivas contra su condena a prisi\u00f3n"},"content":{"rendered":"<h3 style=\"text-align: justify;\">En su recurso, la defensa alega que actu\u00f3 para \u00abproteger a sus hijos\u00bb y alude a \u00abla falta de coordinaci\u00f3n entre la Justicia italiana y la espa\u00f1ola\u00bb.<\/h3>\n<div class=\"entrad\">\n<p style=\"text-align: justify;\">El Tribunal Supremo ha fijado para el 17 de febrero la deliberaci\u00f3n y fallo sobre el recurso presentado por\u00a0<strong>Juana Rivas<\/strong>\u00a0contra la sentencia que la condena a cinco a\u00f1os de prisi\u00f3n por dos delitos de sustracci\u00f3n de menores, despu\u00e9s de que se llevara a sus dos hijos de Italia -pa\u00eds en el que tienen fijada su residencia habitual- a Espa\u00f1a y de que en verano de 2017 pasara un mes en paradero desconocido con ellos incumpliendo las resoluciones judiciales que le obligaban a entreg\u00e1rselos al padre, al que acusa de malos tratos.<\/p>\n<p style=\"text-align: justify;\">Rivas ha defendido en su recurso ante el Supremo que actu\u00f3 por una \u00abcausa justificada\u00bb como fue \u00abproteger a sus hijos\u00bb y no para perjudicar al padre, incidiendo en la denuncia que present\u00f3 contra \u00e9l en julio de 2016, tras abandonar Italia con los ni\u00f1os, por presunto maltrato.<\/p>\n<p style=\"text-align: justify;\">Su defensa alude a \u00abla falta de coordinaci\u00f3n entre la Justicia italiana y la espa\u00f1ola\u00bb y mantiene que \u00absi no se ha acreditado una situaci\u00f3n de maltrato continuado (&#8230;) no ha sido por la falta de diligencia de Juana Rivas, sino por el hecho de que las denuncias interpuestas por ella no han obtenido una respuesta judicial firme\u00bb.<\/p>\n<p style=\"text-align: justify;\">La defensa de Rivas ha pedido su libre absoluci\u00f3n o que, en su defecto, se le rebaje la pena como autora de un \u00fanico delito de sustracci\u00f3n de menores y no de dos, extremo que ha apoyado la Fiscal\u00eda del Supremo, lo que reducir\u00eda la pena de c\u00e1rcel a la mitad.<\/p>\n<p style=\"text-align: justify;\">Una vez se pronuncie el Supremo, y siempre que no se la absolviera, el Juzgado de lo Penal 1 de Granada, que la conden\u00f3 en primera instancia, pedir\u00eda la ejecuci\u00f3n de la condena y el ingreso en prisi\u00f3n, al ser una pena superior a los dos a\u00f1os, lo cual suceder\u00eda, en su caso, una vez se posicionaran las partes e independientemente de que ella iniciara los tr\u00e1mites para solicitar un indulto.<\/p>\n<p style=\"text-align: justify;\">La justicia italiana archiv\u00f3 en febrero de 2020 las ocho denuncias que Juana Rivas hab\u00eda presentado por maltrato contra su expareja, el italiano Francesco Arcuri, incluyendo la que realiz\u00f3 en julio de 2016 por violencia de g\u00e9nero tras salir de Italia con sus hijos y en la que se bas\u00f3 para no devolver a los ni\u00f1os al padre incumpliendo las resoluciones que le obligaban a hacerlo.<\/p>\n<p style=\"text-align: justify;\">Este archivo afect\u00f3 tanto a las denuncias que esta madre de Maracena present\u00f3 en Italia como en Espa\u00f1a y que fueron derivadas posteriormente al pa\u00eds alpino por haber sucedido supuestamente all\u00ed los hechos. El archivo del tribunal se bas\u00f3 en la ausencia de pruebas y la \u00abinconsistencia\u00bb del relato, seg\u00fan expuso la jueza, que tambi\u00e9n aludi\u00f3 a la \u00abmanipulaci\u00f3n\u00bb de los dos hijos contra el padre, quien actualmente ostenta la custodia en exclusiva de los ni\u00f1os. Juana Rivas puede verlos en cumplimiento del r\u00e9gimen de visitas que fij\u00f3 el juzgado.<\/p>\n<div style=\"text-align: justify;\">EL INDEPENDIENTE DE GRANADA<\/div>\n<\/div>\n<div class=\"blq-img mainImg\">\n<div class=\"txt\">\n<div class=\"firma\">FOTO: EUROPA PRESS\/ARCHIVO\u00a0 Juana Rivas, en la primera sesi\u00f3n del juicio.<\/div>\n<div>http:\/\/www.elindependientedegranada.es\/ciudadania\/supremo-revisa-17-febrero-recurso-juana-rivas-condena-prision<\/div>\n<\/div>\n<\/div>\n","protected":false},"excerpt":{"rendered":"<p>En su recurso, la defensa alega que actu\u00f3 para \u00abproteger a sus hijos\u00bb y alude&#8230;<\/p>\n","protected":false},"author":1,"featured_media":45020,"comment_status":"closed","ping_status":"closed","sticky":false,"template":"","format":"standard","meta":{"_coblocks_attr":"","_coblocks_dimensions":"","_coblocks_responsive_height":"","_coblocks_accordion_ie_support":"","jetpack_post_was_ever_published":false,"_jetpack_newsletter_access":"","_jetpack_dont_email_post_to_subs":false,"_jetpack_newsletter_tier_id":0,"_jetpack_memberships_contains_paywalled_content":false,"_jetpack_memberships_contains_paid_content":false,"footnotes":"","jetpack_publicize_message":"","jetpack_publicize_feature_enabled":true,"jetpack_social_post_already_shared":false,"jetpack_social_options":{"image_generator_settings":{"template":"highway","default_image_id":0,"enabled":false},"version":2}},"categories":[14,44,7671,6937,15],"tags":[4053],"class_list":["post-45019","post","type-post","status-publish","format-standard","has-post-thumbnail","hentry","category-feminismo","category-noticias-de-hoy","category-politica","category-sociedad","category-ultimas-noticias","tag-juana-rivas"],"jetpack_publicize_connections":[],"jetpack_featured_media_url":"https:\/\/i0.wp.com\/miradordeatarfe.es\/wp-content\/uploads\/2021\/02\/juanarivas_juicio.jpg?fit=610%2C454&ssl=1","jetpack_likes_enabled":true,"jetpack_sharing_enabled":true,"_links":{"self":[{"href":"https:\/\/miradordeatarfe.es\/index.php?rest_route=\/wp\/v2\/posts\/45019","targetHints":{"allow":["GET"]}}],"collection":[{"href":"https:\/\/miradordeatarfe.es\/index.php?rest_route=\/wp\/v2\/posts"}],"about":[{"href":"https:\/\/miradordeatarfe.es\/index.php?rest_route=\/wp\/v2\/types\/post"}],"author":[{"embeddable":true,"href":"https:\/\/miradordeatarfe.es\/index.php?rest_route=\/wp\/v2\/users\/1"}],"replies":[{"embeddable":true,"href":"https:\/\/miradordeatarfe.es\/index.php?rest_route=%2Fwp%2Fv2%2Fcomments&post=45019"}],"version-history":[{"count":1,"href":"https:\/\/miradordeatarfe.es\/index.php?rest_route=\/wp\/v2\/posts\/45019\/revisions"}],"predecessor-version":[{"id":45021,"href":"https:\/\/miradordeatarfe.es\/index.php?rest_route=\/wp\/v2\/posts\/45019\/revisions\/45021"}],"wp:featuredmedia":[{"embeddable":true,"href":"https:\/\/miradordeatarfe.es\/index.php?rest_route=\/wp\/v2\/media\/45020"}],"wp:attachment":[{"href":"https:\/\/miradordeatarfe.es\/index.php?rest_route=%2Fwp%2Fv2%2Fmedia&parent=45019"}],"wp:term":[{"taxonomy":"category","embeddable":true,"href":"https:\/\/miradordeatarfe.es\/index.php?rest_route=%2Fwp%2Fv2%2Fcategories&post=45019"},{"taxonomy":"post_tag","embeddable":true,"href":"https:\/\/miradordeatarfe.es\/index.php?rest_route=%2Fwp%2Fv2%2Ftags&post=45019"}],"curies":[{"name":"wp","href":"https:\/\/api.w.org\/{rel}","templated":true}]}}