{"id":45065,"date":"2021-02-06T11:53:32","date_gmt":"2021-02-06T10:53:32","guid":{"rendered":"http:\/\/miradordeatarfe.es\/?p=45065"},"modified":"2021-02-02T19:57:46","modified_gmt":"2021-02-02T18:57:46","slug":"el-sismo-de-albolote-atarfe-de-1956-por-jose-enrique-granados","status":"publish","type":"post","link":"https:\/\/miradordeatarfe.es\/?p=45065","title":{"rendered":"\u00abEL SISMO DE ALBOLOTE-ATARFE DE 1956\u00bb por Jos\u00e9 Enrique Granados"},"content":{"rendered":"<div class=\"\" dir=\"auto\">\n<div id=\"jsc_c_oz\" class=\"ecm0bbzt hv4rvrfc ihqw7lf3 dati1w0a\" data-ad-comet-preview=\"message\" data-ad-preview=\"message\">\n<div class=\"j83agx80 cbu4d94t ew0dbk1b irj2b8pg\">\n<div class=\"qzhwtbm6 knvmm38d\">\n<div class=\"kvgmc6g5 cxmmr5t8 oygrvhab hcukyx3x c1et5uql ii04i59q\">\n<h3 dir=\"auto\" style=\"text-align: justify;\">El 19 de abril de 2015, coincidiendo con el 59 aniversario del terremoto, publicamos la siguiente Gacetilla. Hoy, se impone rescatarla para conocimiento de todos los atarfe\u00f1os.<\/h3>\n<\/div>\n<div class=\"kvgmc6g5 cxmmr5t8 oygrvhab hcukyx3x c1et5uql ii04i59q\" style=\"text-align: justify;\">\n<div dir=\"auto\">Aunque tanto movimiento s\u00edsmico puede generar angustia y causar temor, ante todo hay que mantener la calma, la sismicidad registrada es habitual en la zona y recordar que nos encontramos en las cordilleras B\u00e9ticas, una de las regiones con mayor actividad s\u00edsmica de la pen\u00ednsula al converger las placas Africana y Euroasi\u00e1tica.<\/div>\n<div dir=\"auto\">\u00a0<\/div>\n<\/div>\n<div class=\"o9v6fnle cxmmr5t8 oygrvhab hcukyx3x c1et5uql ii04i59q\" style=\"text-align: justify;\">\n<div dir=\"auto\">\u201cHoy hace 59 a\u00f1os que fue el terremoto\u201d.<\/div>\n<div dir=\"auto\">\u00a0<\/div>\n<div dir=\"auto\">Seguramente, que esta expresi\u00f3n la usar\u00e1 m\u00e1s de un atarfe\u00f1o en el d\u00eda de hoy, al comprobar en el almanaque, que es 19 de abril. Y es que hoy sobre las seis y media de la tarde, tembl\u00f3 la tierra causando da\u00f1o y desolaci\u00f3n.<\/div>\n<div dir=\"auto\">\u00a0<\/div>\n<\/div>\n<div class=\"o9v6fnle cxmmr5t8 oygrvhab hcukyx3x c1et5uql ii04i59q\" style=\"text-align: justify;\">\n<div dir=\"auto\">Seg\u00fan el experto en terremotos hist\u00f3ricos, Manuel Espinar Moreno, el fen\u00f3meno de los terremotos es tan corriente y habitual como cualquier otro de la naturaleza. Los temblores de tierra se suceden, aunque con otra escala de tiempo, como la lluvia, el viento, la nieve, el granizo, etc. Al analizar la sismicidad mundial se produce un terremoto aproximadamente cada medio minuto. La mayor\u00eda de ellos, pese a su elevado n\u00famero, pasan desapercibidos para el hombre, pero quedan registrados.<\/div>\n<div dir=\"auto\">\u00a0<\/div>\n<\/div>\n<div class=\"o9v6fnle cxmmr5t8 oygrvhab hcukyx3x c1et5uql ii04i59q\" style=\"text-align: justify;\">\n<div dir=\"auto\">El sismo de Albolote-Atarfe del 19 de Abril de 1956 es de los m\u00e1s importantes del siglo XX en Espa\u00f1a y se enmarca dentro de los terremotos destructores junto a del 16 de Junio de 1910 en Adra, los granadinos de 1911 (Atarfe, Pinos Puente, el Jau, L\u00e1char, Huetor Tajar y Granada), el de 5 de Julio de 1930 en Montilla, el de 5 de Marzo de 1932 en V\u00edcar (Almer\u00eda), los de la provincia de Ja\u00e9n de 1951 en And\u00fajar, Bail\u00e9n y Linares y el del 9 de Junio de 1964 en Galera y Orce. El terremoto afect\u00f3 a una amplia zona y sus efectos fueron estudiados por investigadores reconocidos como el Padre Antonio Due Rojo, Juan Sancho de San Rom\u00e1n, Juan Bonelli Rubio, Luis Esteban Carrasco y m\u00e1s recientemente por Francisco Vidal S\u00e1nchez.<\/div>\n<div dir=\"auto\">\u00a0<\/div>\n<\/div>\n<div class=\"o9v6fnle cxmmr5t8 oygrvhab hcukyx3x c1et5uql ii04i59q\">\n<div dir=\"auto\" style=\"text-align: justify;\">Todos ellos con m\u00ednimas diferencias nos dicen que el temblor comenz\u00f3 a las 18 h. 38 m. y 53 s. (TMG) y sembr\u00f3 el p\u00e1nico sobre todo en la zona comprendida entre Sierra Elvira y Granada alarmando a casi toda la provincia. La prensa del d\u00eda siguiente citaba como arruinadas las poblaciones de Atarfe y Albolote, y muy afectadas Santa Fe, Maracena y algunos barrios de la capital. Estos solicitaron ayuda al Gobierno. Las coordenadas epicentrales son 37.26 N, 3.73 W, profundidad 6\uf0223 Km, magnitud 5.0 e intensidad VIII en Albolote y Atarfe. Las p\u00e9rdidas humanas sumaron 7 muertos directos y 5 debidos a un deslizamiento de tierras junto al Beiro en Granada por el derrumbamiento de una cueva, situada junto al camino de la Caser\u00eda de Montijo. Como consecuencia del terremoto y los efectos de la lluvia se hizo una gran grieta en la ladera.<\/div>\n<div dir=\"auto\" style=\"text-align: justify;\">\u00a0<\/div>\n<div dir=\"auto\" style=\"text-align: justify;\">El d\u00eda 20 de abril a las dos de la tarde se produjo la ca\u00edda de unos 5.000 m3 de tierra. En la cueva viv\u00eda un matrimonio con 3 hijos, murieron todos. En este mismo lugar en 1945 otro deslizamiento produjo 4 muertos. Adem\u00e1s, se habla de unos 40 heridos, varios centenares de viviendas destruidas, otras muchas inhabitables, graves aver\u00edas y da\u00f1os materiales por importe de 20 millones de pesetas (de la \u00e9poca). Uno de los heridos muri\u00f3 el d\u00eda 25. El n\u00famero de muertos es aumentado por Pastor al decirnos que fueron 13 muertos y 73 heridos. Estos da\u00f1os se vieron aumentados por las numerosas r\u00e9plicas que siguieron durante varias semanas. Nos dice el Padre Due (director por entonces del Observatorio de Cartuja) que el epicentro se sit\u00faa entre Albolote y Atarfe, zona que carece de poblados y de cultivos, por lo que los da\u00f1os no se vieron aumentados. En un radio de 10 kil\u00f3metros alrededor alcanz\u00f3 el grado VII con lo que abarca la capital y una veintena de pueblos de la Vega. Tuvo una escasa profundidad focal.<\/div>\n<div dir=\"auto\" style=\"text-align: justify;\">\u00a0<\/div>\n<\/div>\n<div class=\"o9v6fnle cxmmr5t8 oygrvhab hcukyx3x c1et5uql ii04i59q\">\n<div dir=\"auto\">Curiosidades elvirenses<\/div>\n<\/div>\n<\/div>\n<\/div>\n<\/div>\n<\/div>\n","protected":false},"excerpt":{"rendered":"<p>El 19 de abril de 2015, coincidiendo con el 59 aniversario del terremoto, publicamos la&#8230;<\/p>\n","protected":false},"author":1,"featured_media":45066,"comment_status":"closed","ping_status":"closed","sticky":false,"template":"","format":"standard","meta":{"_coblocks_attr":"","_coblocks_dimensions":"","_coblocks_responsive_height":"","_coblocks_accordion_ie_support":"","jetpack_post_was_ever_published":false,"_jetpack_newsletter_access":"","_jetpack_dont_email_post_to_subs":false,"_jetpack_newsletter_tier_id":0,"_jetpack_memberships_contains_paywalled_content":false,"_jetpack_memberships_contains_paid_content":false,"footnotes":"","jetpack_publicize_message":"","jetpack_publicize_feature_enabled":true,"jetpack_social_post_already_shared":false,"jetpack_social_options":{"image_generator_settings":{"template":"highway","default_image_id":0,"enabled":false},"version":2}},"categories":[2,38,44,15],"tags":[81,1125,8044],"class_list":["post-45065","post","type-post","status-publish","format-standard","has-post-thumbnail","hentry","category-atarfe","category-opinion-de-jose-enrique-granados","category-noticias-de-hoy","category-ultimas-noticias","tag-atarfe","tag-historia","tag-terremoto-del-56"],"jetpack_publicize_connections":[],"jetpack_featured_media_url":"https:\/\/i0.wp.com\/miradordeatarfe.es\/wp-content\/uploads\/2021\/02\/141785639_3761817970570857_1679293152161187214_o.jpg?fit=600%2C540&ssl=1","jetpack_likes_enabled":true,"jetpack_sharing_enabled":true,"_links":{"self":[{"href":"https:\/\/miradordeatarfe.es\/index.php?rest_route=\/wp\/v2\/posts\/45065","targetHints":{"allow":["GET"]}}],"collection":[{"href":"https:\/\/miradordeatarfe.es\/index.php?rest_route=\/wp\/v2\/posts"}],"about":[{"href":"https:\/\/miradordeatarfe.es\/index.php?rest_route=\/wp\/v2\/types\/post"}],"author":[{"embeddable":true,"href":"https:\/\/miradordeatarfe.es\/index.php?rest_route=\/wp\/v2\/users\/1"}],"replies":[{"embeddable":true,"href":"https:\/\/miradordeatarfe.es\/index.php?rest_route=%2Fwp%2Fv2%2Fcomments&post=45065"}],"version-history":[{"count":2,"href":"https:\/\/miradordeatarfe.es\/index.php?rest_route=\/wp\/v2\/posts\/45065\/revisions"}],"predecessor-version":[{"id":45068,"href":"https:\/\/miradordeatarfe.es\/index.php?rest_route=\/wp\/v2\/posts\/45065\/revisions\/45068"}],"wp:featuredmedia":[{"embeddable":true,"href":"https:\/\/miradordeatarfe.es\/index.php?rest_route=\/wp\/v2\/media\/45066"}],"wp:attachment":[{"href":"https:\/\/miradordeatarfe.es\/index.php?rest_route=%2Fwp%2Fv2%2Fmedia&parent=45065"}],"wp:term":[{"taxonomy":"category","embeddable":true,"href":"https:\/\/miradordeatarfe.es\/index.php?rest_route=%2Fwp%2Fv2%2Fcategories&post=45065"},{"taxonomy":"post_tag","embeddable":true,"href":"https:\/\/miradordeatarfe.es\/index.php?rest_route=%2Fwp%2Fv2%2Ftags&post=45065"}],"curies":[{"name":"wp","href":"https:\/\/api.w.org\/{rel}","templated":true}]}}