{"id":45164,"date":"2021-02-11T11:34:12","date_gmt":"2021-02-11T10:34:12","guid":{"rendered":"http:\/\/miradordeatarfe.es\/?p=45164"},"modified":"2021-02-10T17:29:28","modified_gmt":"2021-02-10T16:29:28","slug":"el-alamo-gordo-por-fuencisla-moreno-rueda","status":"publish","type":"post","link":"https:\/\/miradordeatarfe.es\/?p=45164","title":{"rendered":"\u00abEL \u00c1LAMO GORDO\u00bb por Fuencisla Moreno Rueda"},"content":{"rendered":"<h3 style=\"text-align: justify;\">Hasta 1954 y form\u00e1ndo parte de la fisonom\u00eda de Atarfe se encontraba el conocido por todos los atarfe\u00f1os como \u201cEL ALAMO GORDO\u201d.<\/h3>\n<p style=\"text-align: justify;\">Era un ejemplar de pl\u00e1tano que se encontraba en la Plaza San Miguel y que durante un a\u00f1o fue, no s\u00f3lo tema de conversaci\u00f3n entre los vecinos del pueblo sino tambi\u00e9n el eje de una dura pol\u00e9mica entre vecinos y Ayuntamiento.<\/p>\n<p style=\"text-align: justify;\">El 19 de Enero es enviado al Ayuntamiento un escrito en el que un grupo de vecinos de la Calle San Miguel, solicitaba que el \u201cALAMO GORDO\u201d fuese talado. El principal argumento era que las enormes ra\u00edces del \u00e1rbol provocaban importantes desperfectos en las viviendas<br \/>\ncercanas a \u00e9l.<\/p>\n<p style=\"text-align: justify;\">El tema considerado de inter\u00e9s municipal fue llevado a pleno y en \u00e9l se acord\u00f3 por unanimidad proceder a la tala del \u201cALAMO GORDO\u201d. Esta operaci\u00f3n se llevar\u00eda a efecto al finalizar el verano, para de este modo, aprovechar un a\u00f1o m\u00e1s, el \u00faltimo, la sombra de sus ramas.<br \/>\nEste acuerdo que se hizo p\u00fablico el d\u00eda 3 de Junio fue muy mal acogido por una gran parte de los vecinos del pueblo y aunque las voces en la calle manifestaban su desacuerdo con la decisi\u00f3n tomada, ninguna fue hecha oficial salvo la de un grupo de intelectuales atarfe\u00f1os, entre los que se encontraban D. Jos\u00e9 Prados Picazo, que en el mes de Septiembre enviaron al Ayuntamiento un escrito, el cual por su contenido y por la sensibilidad que encierra me permito reproducir casi en su totalidad.<\/p>\n<p><a href=\"https:\/\/i0.wp.com\/miradordeatarfe.es\/wp-content\/uploads\/2021\/02\/ALAMO.jpg?ssl=1\"><img data-recalc-dims=\"1\" loading=\"lazy\" decoding=\"async\" class=\"alignnone wp-image-45209 size-large\" src=\"https:\/\/i0.wp.com\/miradordeatarfe.es\/wp-content\/uploads\/2021\/02\/ALAMO.jpg?resize=618%2C978&#038;ssl=1\" alt=\"\" width=\"618\" height=\"978\" srcset=\"https:\/\/i0.wp.com\/miradordeatarfe.es\/wp-content\/uploads\/2021\/02\/ALAMO.jpg?resize=647%2C1024&amp;ssl=1 647w, https:\/\/i0.wp.com\/miradordeatarfe.es\/wp-content\/uploads\/2021\/02\/ALAMO.jpg?resize=190%2C300&amp;ssl=1 190w, https:\/\/i0.wp.com\/miradordeatarfe.es\/wp-content\/uploads\/2021\/02\/ALAMO.jpg?resize=768%2C1216&amp;ssl=1 768w, https:\/\/i0.wp.com\/miradordeatarfe.es\/wp-content\/uploads\/2021\/02\/ALAMO.jpg?resize=970%2C1536&amp;ssl=1 970w, https:\/\/i0.wp.com\/miradordeatarfe.es\/wp-content\/uploads\/2021\/02\/ALAMO.jpg?resize=1294%2C2048&amp;ssl=1 1294w, https:\/\/i0.wp.com\/miradordeatarfe.es\/wp-content\/uploads\/2021\/02\/ALAMO.jpg?resize=1320%2C2089&amp;ssl=1 1320w, https:\/\/i0.wp.com\/miradordeatarfe.es\/wp-content\/uploads\/2021\/02\/ALAMO.jpg?w=1503&amp;ssl=1 1503w\" sizes=\"auto, (max-width: 618px) 100vw, 618px\" \/><\/a><\/p>\n<p style=\"text-align: justify;\"><em>\u201cLos que suscriben naturales y vecinos de Atarfe, sin otra idea que la de un profundo amor a nuestro pueblo, elevamos a la consideraci\u00f3n<\/em><br \/>\n<em>de esa Corporaci\u00f3n Municipal de su digna Presidencia, este escrito con la finalidad que a continuaci\u00f3n exponemos:<\/em><br \/>\n<em>Llega a nuestros oidos con la consiguiente tristeza, el designio de ese Ayuntamiento, como consecuencia de otro escrito, de segar para siempre la vida del c\u00e9lebre \u201cALAMO GORDO\u201d. Se trata de un \u00e1rbol tricentenario, un magnifico ejemplar de pl\u00e1tano de abundante \u00a0follaje, buen desarrollo y hermoso asp\u00e9cto, que forma adem\u00e1s el \u00fanico marco ornamental y decorativo que exorna el fondo de la Plaza de la Iglesia y que por eso y por las generaciones que ha visto desfilar su fronda, afecta a la fisonom\u00eda de la susodicha Plaza y por ende al colorido y silueta del pueblo.<\/em><\/p>\n<p style=\"text-align: justify;\"><em>Solemnemente se celebra en Norteam\u00e9rica, la Fiesta del \u00c1rbol, para ense\u00f1ar a chicos y grandes a respetar el \u00e1rbolado que tantos bienes ha reportado siempre a la humanidad, inculc\u00e1ndoles la veneraci\u00f3n que debemos tener a los \u00e1rboles y el cari\u00f1o que debemos sentir hacia ellos.<\/em><\/p>\n<p style=\"text-align: justify;\"><em>En Espa\u00f1a y otros pa\u00edses va arraigando tan simp\u00e1tica fiesta gracias a la iniciativa de algunos Ayuntamientos, entre los que se cont\u00f3, hace ya bastante a\u00f1os, el pueblo de Atarfe. Al analizar por tanto la posible sentencia de muerte del \u201cALAMO GORDO\u201d, solicitamos de ese Ayuntamiento, acogedor de causas nobles el indulto de este \u00e1rbol singular, con la revocaci\u00f3n del acuerdo. Uno de los actos m\u00e1s nobles del hombre es rectificar cuando puede haberse equivocado en alguna de sus determinaciones y, conocedores del car\u00e1cter de ese Ayuntamiento Municipal, asi lo esperamos.<\/em><\/p>\n<p style=\"text-align: justify;\"><em> Esa Corporaci\u00f3n Municipal es digna de alabanza por otros conceptos como el de la urbanizaci\u00f3n de calzadas que est\u00e1 llevando a efecto,<\/em><br \/>\n<em>y nosotros lo reconocemos y la felicitamos; pero al mismo tiempo le encarecemos no quiera cargar sobre s\u00ed con una determinaci\u00f3n de la<\/em><br \/>\n<em>que no podemos decir lo mismo, y que tampoco comparten opiniones valiosas de hijos de Atarfe, que estiman de poca solidez las razones <\/em><em>que invocan los firmantes del otro escrito.<\/em><\/p>\n<p style=\"text-align: justify;\"><em>Solicitamos pues clemencia para este \u00e1rbol centenario y por ello venerable. Es acreedor de nuestra simpat\u00eda, no s\u00f3lo por su ancianidad, sino tambi\u00e9n porque, a trav\u00e9s de su sombra, como en la de los cipreses, imaginamos a\u00fan aletear el esp\u00edritu de nuestros mayores que ya transpusieron los linderos de la vida terrena, nuestros antepasados, entre los que contamos a nuestros padres, nuestros abuelos, nuestros hijos, nuestras esposas&#8230;<\/em><\/p>\n<p style=\"text-align: justify;\"><em>No podemos menos de imaginarles en nuestros recuerdos, cobijados bajo la fronda de este \u00e1rbol para alivio de sus frentes sudorosas<\/em><br \/>\n<em>remontando las horas de los d\u00edas del est\u00edo atarfe\u00f1o. Las se\u00f1ales de vejez que empiezan a aparecer en el tronco del \u00e1rbol que nos ocupa,<\/em><br \/>\n<em>son motivos a\u00fan mayores para cuidarlo, conservarlo y restaurarlo. <\/em><\/p>\n<p style=\"text-align: justify;\"><em>Mirad un ejemplo: El \u00c1RBOL DE TACUBA en M\u00e9jico, que dio cobijo a Hern\u00e1n Cort\u00e9s, cuando lloraba despu\u00e9s de ser vencido por los mejicanos y que fue denominado \u201c EL \u00c1RBOL DE LA NOCHE TRISTE\u201d, se le atribuyen hoy nada menos que seis mil a\u00f1os de existencia. Cuando este \u00e1rbol lleg\u00f3 a enfermar y a encontrarse en mal estado, fue consultada una Comisi\u00f3n Internacional de Bot\u00e1nicos, cual si se tratara de una Consulta de M\u00e9dicos, que le aplicaron inusitados cuidados juntamente con la apertura de zanjas con objeto de aumentar la humedad necesaria para su vida, consigui\u00e9ndose al fin prolongar su existencia. <\/em><\/p>\n<p style=\"text-align: justify;\"><em>El LAUREL DE VIRGILIO, plantado por Petrarca en la sepultura del poeta de Mantua, existe todav\u00eda. As\u00ed mismo en Espa\u00f1a, el LAUREL DE LA ZUBIA, entre cuyas ramas se guareci\u00f3 la reina Isabel la Cat\u00f3lica; y el \u00c1RBOL DE GUERNICA que por celebrarse en \u00e9l unas Juntas, constituye lo m\u00e1s c\u00e9lebre de esta Villa de la provincia de Vizcaya.<\/em><\/p>\n<p style=\"text-align: justify;\"><em>Nos har\u00edamos interminables consignando ejemplos de \u00e1rboles c\u00e9lebres: El TILO DE JICINOVES en Austria, en cuyo tronco hueco se ha colocado un altar con una imagen religiosa o el MANZANO DE NEWTON donde el sabio descubri\u00f3 La ley de la Gravitaci\u00f3n Universal.<\/em><\/p>\n<p style=\"text-align: justify;\"><em>Reconocemos que el \u00e1rbol de Atarfe no tiene la importancia de los consignados, sin embargo, es justo reconocer su vetustez, su singularidad y su tradici\u00f3n. Cuando se viene de fuera despu\u00e9s de un tiempo de ausencia, todo atarfe\u00f1o al contemplar a lo lejos el bello conjunto de la iglesia, torre, ALAMO GORDO y otros elementos decorativos del conjunto urbano de Atarfe, experimenta una emoci\u00f3n que le llena el alma de regocijo sentimental. No podr\u00edamos menos, si faltara el \u00e1rbol de cambiar ese regocijo por la tristeza del vac\u00edo de su ausencia. Quiz\u00e1s en un sue\u00f1o de la fantas\u00eda llegaremos a entrever las campanas de la torre doblar por la p\u00e9rdida del consorte y compa\u00f1ero de tantos a\u00f1os.<\/em><\/p>\n<p style=\"text-align: justify;\"><em>Esperamos con confianza no se volver\u00e1 a pensar en lo que nos llena de amargura, por atentar contra un elemento lleno de tradici\u00f3n y que como pensara S. Francisco de As\u00eds, tambi\u00e9n es criatura de Dios. Entre todas las urgencias est\u00e9ticas de nuestras ciudades y c\u00f3mo apremiante necesidad econ\u00f3mica y social, tenemos que dejar bien clavada en la memoria de chicos y grandes, que debemos estar siempre preparando viveros y plantando \u00e1rboles. Y ya para finalizar, resaltar las palabras de un antiguo urbanista que dec\u00eda que si bien los \u00e1rboles solos no constituyen el para\u00edso, tambi\u00e9n es verdad que sin ellos no es posible imaginarlo.\u201d<\/em><\/p>\n<p style=\"text-align: justify;\">Tr\u00e1s la presentaci\u00f3n de este escrito, el tema fue nuevamente considerado. El prestigio de los firmantes as\u00ed como las razones argumentadas, llevaron al Ayuntamiento a replantearse el futuro del \u00e1rbol.<\/p>\n<p style=\"text-align: justify;\">En el mes de Noviembre un arquitecto inspecciona las viviendas supuestamente da\u00f1adas por el \u00e1rbol, certificando posteriormente que \u00e9l no estaba en condiciones de demostrar que aquellos desperfectos hubiesen sido originados por el \u00e1rbol.<br \/>\nTras este certificado, nuevamente se re\u00fane el Pleno del Ayuntamiento. El 30 de Noviembre deciden de manera definitiva proceder al arranque del \u201cALAMO GORDO\u201d, ya que el Ayuntamiento hab\u00eda decidido urbanizar la Plaza de la Iglesia y la Plaza San Miguel, y trasladar a esta \u00faltima una fuente p\u00fablica.<\/p>\n<p style=\"text-align: justify;\">A mediados del mes de Diciembre fue reclamada la presencia de dos trabajadores expertos en la tala de \u00e1rboles a los cuales se les encomienda la tarea de llevar a cabo la decisi\u00f3n del Ayuntamiento. La tala, seg\u00fan versi\u00f3n de personas que la efectuaron, fue bastante complicada.<\/p>\n<p style=\"text-align: justify;\">Para poder acceder a las \u00faltimas ramas fue necesario colocar una escalera en la cruz del \u00e1rbol, rodear las ramas con una gruesa cuerda y desviar de este modo su ca\u00edda, evitando que esta se produjese sobre los tejados de las casas. En la operaci\u00f3n participaron 12 personas.<br \/>\nUn buen n\u00famero de curiosos acudi\u00f3 a presenciar la ca\u00edda del \u201cALAMO GORDO\u201d y de este modo ser testigos del final de su historia.<\/p>\n<p style=\"text-align: justify;\">D\u00edas m\u00e1s tarde, el s\u00e1bado 18 de Diciembre, el peri\u00f3dico\u00a0 Ideal publicaba una cr\u00f3nica firmada por D. Jos\u00e9 Jim\u00e9nez Osuna en la que rend\u00eda un \u00faltimo homenaje al \u00e1rbol m\u00e1s conocido y emblem\u00e1tico de Atarfe, un \u00e1rbol que condenaron sin clemencia y al que casi todos los<br \/>\natarfe\u00f1os recordaron durante mucho tiempo.<\/p>\n<p>FUENCISLA MORENO RUEDA<\/p>\n<p><span class=\"_5yl5\"> Art\u00edculo editado por Corporaci\u00f3n de Medios de Andaluc\u00eda y el Ayuntamiento de Atarfe, coordinado por Jos\u00e9 Enrique Granados y tiene por nombre \u00abAtarfe en el papel\u00bb<\/span><\/p>\n","protected":false},"excerpt":{"rendered":"<p>Hasta 1954 y form\u00e1ndo parte de la fisonom\u00eda de Atarfe se encontraba el conocido por&#8230;<\/p>\n","protected":false},"author":1,"featured_media":45210,"comment_status":"closed","ping_status":"closed","sticky":false,"template":"","format":"standard","meta":{"_coblocks_attr":"","_coblocks_dimensions":"","_coblocks_responsive_height":"","_coblocks_accordion_ie_support":"","jetpack_post_was_ever_published":false,"_jetpack_newsletter_access":"","_jetpack_dont_email_post_to_subs":false,"_jetpack_newsletter_tier_id":0,"_jetpack_memberships_contains_paywalled_content":false,"_jetpack_memberships_contains_paid_content":false,"footnotes":"","jetpack_publicize_message":"","jetpack_publicize_feature_enabled":true,"jetpack_social_post_already_shared":false,"jetpack_social_options":{"image_generator_settings":{"template":"highway","default_image_id":0,"enabled":false},"version":2}},"categories":[2,2949,1225,44,15],"tags":[8052,2612],"class_list":["post-45164","post","type-post","status-publish","format-standard","has-post-thumbnail","hentry","category-atarfe","category-opinion-de-fuencisla-moreno","category-ha-de-atarfe","category-noticias-de-hoy","category-ultimas-noticias","tag-alamo-gordo","tag-historia-de-atarfe"],"jetpack_publicize_connections":[],"jetpack_featured_media_url":"https:\/\/i0.wp.com\/miradordeatarfe.es\/wp-content\/uploads\/2021\/02\/populus-yunnanensis.jpg?fit=1280%2C853&ssl=1","jetpack_likes_enabled":true,"jetpack_sharing_enabled":true,"_links":{"self":[{"href":"https:\/\/miradordeatarfe.es\/index.php?rest_route=\/wp\/v2\/posts\/45164","targetHints":{"allow":["GET"]}}],"collection":[{"href":"https:\/\/miradordeatarfe.es\/index.php?rest_route=\/wp\/v2\/posts"}],"about":[{"href":"https:\/\/miradordeatarfe.es\/index.php?rest_route=\/wp\/v2\/types\/post"}],"author":[{"embeddable":true,"href":"https:\/\/miradordeatarfe.es\/index.php?rest_route=\/wp\/v2\/users\/1"}],"replies":[{"embeddable":true,"href":"https:\/\/miradordeatarfe.es\/index.php?rest_route=%2Fwp%2Fv2%2Fcomments&post=45164"}],"version-history":[{"count":4,"href":"https:\/\/miradordeatarfe.es\/index.php?rest_route=\/wp\/v2\/posts\/45164\/revisions"}],"predecessor-version":[{"id":45166,"href":"https:\/\/miradordeatarfe.es\/index.php?rest_route=\/wp\/v2\/posts\/45164\/revisions\/45166"}],"wp:featuredmedia":[{"embeddable":true,"href":"https:\/\/miradordeatarfe.es\/index.php?rest_route=\/wp\/v2\/media\/45210"}],"wp:attachment":[{"href":"https:\/\/miradordeatarfe.es\/index.php?rest_route=%2Fwp%2Fv2%2Fmedia&parent=45164"}],"wp:term":[{"taxonomy":"category","embeddable":true,"href":"https:\/\/miradordeatarfe.es\/index.php?rest_route=%2Fwp%2Fv2%2Fcategories&post=45164"},{"taxonomy":"post_tag","embeddable":true,"href":"https:\/\/miradordeatarfe.es\/index.php?rest_route=%2Fwp%2Fv2%2Ftags&post=45164"}],"curies":[{"name":"wp","href":"https:\/\/api.w.org\/{rel}","templated":true}]}}