{"id":45314,"date":"2021-02-25T08:00:38","date_gmt":"2021-02-25T07:00:38","guid":{"rendered":"http:\/\/miradordeatarfe.es\/?p=45314"},"modified":"2021-02-24T14:04:35","modified_gmt":"2021-02-24T13:04:35","slug":"los-ninos-con-mejor-forma-fisica-tienen-cerebros-mas-grandes-segun-un-estudio","status":"publish","type":"post","link":"https:\/\/miradordeatarfe.es\/?p=45314","title":{"rendered":"Los ni\u00f1os con mejor forma f\u00edsica tienen cerebros m\u00e1s grandes, seg\u00fan un estudio"},"content":{"rendered":"<div class=\"small-12 large-8 columns\" role=\"main\">\n<article id=\"post-357716\" class=\"post-357716 noticia type-noticia status-publish has-post-thumbnail hentry categoria_canalugr-ugrdivulga\">\n<div class=\"entry-content\">\n<ul>\n<li style=\"text-align: justify;\"><strong>Investigadores de la Universidad de Granada lideran el proyecto ActiveBrains, en el que han participado m\u00e1s de 100 ni\u00f1os con sobrepeso u obesidad<\/strong><\/li>\n<\/ul>\n<ul style=\"text-align: justify;\">\n<li><strong>El trabajo demuestra que los ni\u00f1os con mejor forma f\u00edsica ten\u00edan mayores vol\u00famenes totales cerebrales que los ni\u00f1os con peor forma f\u00edsica<\/strong><\/li>\n<\/ul>\n<p style=\"text-align: justify;\">Los ni\u00f1os que tienen mejor forma f\u00edsica tienen cerebros m\u00e1s grandes, y tanto la capacidad aer\u00f3bica como la fuerza o la velocidad est\u00e1n relacionadas con la cantidad de materia gris y blanca del cerebro en ni\u00f1os con sobrepeso u obesidad. Adem\u00e1s, una mayor cantidad de materia blanca en el cerebro est\u00e1 relacionada con un mayor rendimiento cognitivo.<\/p>\n<p style=\"text-align: justify;\">As\u00ed lo han demostrado investigadores de la Universidad de Granada (UGR), pertenecientes al departamento de Educaci\u00f3n F\u00edsica y Deportiva de la Facultad de Ciencias del Deporte, al Instituto Mixto Salud y Deporte (iMUDS) y al Centro de Investigaci\u00f3n Mente, Cerebro y Comportamiento (CIMCYC) que lideran el proyecto ActiveBrains, en el que han participado m\u00e1s de 100 ni\u00f1os con sobrepeso u obesidad.<\/p>\n<p style=\"text-align: justify;\">Este trabajo, publicado en la revista\u00a0<em>Scandinavian Journal of Medicine &amp;Science in Sports,\u00a0<\/em>revela que los ni\u00f1os que fueron clasificados como \u201cen forma\u201d ten\u00edan mayor cantidad de materia gris, materia blanca, y en general, cerebros m\u00e1s grandes que aquellos ni\u00f1os que fueron agrupados como \u201cen baja forma\u201d. Asimismo, tener m\u00e1s materia blanca en el cerebro estaba relacionado con un mayor rendimiento cognitivo, concretamente, mayor flexibilidad cognitiva y funci\u00f3n ejecutiva.<\/p>\n<p style=\"text-align: justify;\">\u201cNuestra investigaci\u00f3n demuestra la importancia de tener una buena forma f\u00edsica en edades tempranas para un mejor desarrollo cerebral como es la infancia\u201d, explica Cristina Cadenas-Sanchez, investigadora postdoctoral del grupo de investigaci\u00f3n PROFITH de la UGR y autora principal del trabajo.<\/p>\n<p style=\"text-align: justify;\">\u201cEstudios previos hab\u00edan demostrado que, durante el envejecimiento, el cerebro se va encogiendo y el ejercicio f\u00edsico y una buena condici\u00f3n f\u00edsica pueden atenuar este proceso fisiol\u00f3gico. Nuestro estudio viene a demostrar, por primera vez, que en el polo opuesto de la vida, la infancia, donde el cerebro est\u00e1 en crecimiento y desarrollo, mantener buenos niveles de condici\u00f3n f\u00edsica est\u00e1 ligado a un mayor desarrollo cerebral total. Estos hallazgos conllevan importantes implicaciones: 1) evaluar los niveles de condici\u00f3n f\u00edsica en etapa escolar, no es solo informativo del nivel de salud f\u00edsica como ya han demostrado estudios previos, sino tambi\u00e9n de salud cerebral; y 2) abre las puertas a investigar c\u00f3mo aumentando el nivel de condici\u00f3n f\u00edsica mediante programas de ejercicio f\u00edsico en ni\u00f1os\/as puede beneficiar el desarrollo cerebral y la cognici\u00f3n\u201d, explica el investigador principal del proyecto, Francisco B. Ortega.<\/p>\n<p><strong><u>Referencia bibliogr\u00e1fica:<\/u><\/strong><\/p>\n<p>Cadenas-Sanchez Cristina, Migueles JH, Erickson KI, Esteban-Cornejo I, Catena A, Ortega FB.<em>Do fitter kids have bigger brains?<\/em><em>Scand J Med Sci Sports<\/em>. 2020 Dec;30(12):2498-2502. doi: 10.1111\/sms.13824.<\/p>\n<p><a href=\"https:\/\/onlinelibrary.wiley.com\/doi\/full\/10.1111\/sms.13824\" target=\"_blank\" rel=\"noopener noreferrer\">https:\/\/onlinelibrary.wiley.com\/doi\/full\/10.1111\/sms.13824<\/a><\/p>\n<p>Web del Proyecto ActiveBrains:\u00a0<a href=\"http:\/\/profith.ugr.es\/activebrains\" target=\"_blank\" rel=\"noopener noreferrer\">http:\/\/profith.ugr.es\/activebrains<\/a><\/p>\n<p><strong><u>Im\u00e1genes adjuntas:<\/u><\/strong><\/p>\n<p><img loading=\"lazy\" decoding=\"async\" class=\"aligncenter\" src=\"https:\/\/i2.wp.com\/canal.ugr.es\/wp-content\/uploads\/2021\/02\/Imagen-reso.png?resize=510%2C600&amp;ssl=1\" width=\"510\" height=\"600\" \/><\/p>\n<p><em>Ejemplo de imagen original de la resonancia magn\u00e9tica a partir de la cual los investigadores extrajeron la cantidad total de materia gris, materia blanca, y cantidad total cerebral.<\/em><\/p>\n<p><img loading=\"lazy\" decoding=\"async\" class=\"alignnone\" src=\"https:\/\/i2.wp.com\/canal.ugr.es\/wp-content\/uploads\/2021\/02\/Fran-y-Cristina.jpg?resize=450%2C600&amp;ssl=1\" width=\"450\" height=\"600\" \/><\/p>\n<p><em>Los investigadores de la UGR Cristina Cadenas-Sanchez y Francisco Ortega, autores de este trabajo.<\/em><\/p>\n<p><img loading=\"lazy\" decoding=\"async\" class=\"alignnone\" src=\"https:\/\/i2.wp.com\/canal.ugr.es\/wp-content\/uploads\/2021\/02\/Do-fitter-kids-have-bigger-brains_4_ESP.jpg?resize=600%2C424&amp;ssl=1\" alt=\"\" width=\"600\" height=\"424\" \/><\/p>\n<p><em>Ilustraci\u00f3n divulgativa de esta investigaci\u00f3n.<\/em><\/p>\n<p>&nbsp;<\/p>\n<p><strong><u>Contacto:<\/u><\/strong><\/p>\n<p><strong>Cristina Cadenas-Sanchez<\/strong><\/p>\n<p>PROFITH \u201cPROmotingFITness and Health through physical activity\u201d de la Universidad de Granada<\/p>\n<p>Correo electr\u00f3nico:\u00a0<a href=\"mailto:cristina.cadenas.sanchez@gmail.com\">cristina.cadenas.sanchez@gmail.com<\/a><\/p>\n<\/div>\n<footer>\n<p>&nbsp;<\/p>\n<\/footer>\n<\/article>\n<\/div>\n<aside id=\"sidebar\" class=\"small-12 large-4 columns\">\n<div class=\"row\">\n<div class=\"my-gallery\" data-pswp-uid=\"1\">\u00a0<\/div>\n<\/div>\n<\/aside>\n","protected":false},"excerpt":{"rendered":"<p>Investigadores de la Universidad de Granada lideran el proyecto ActiveBrains, en el que han participado&#8230;<\/p>\n","protected":false},"author":1,"featured_media":45315,"comment_status":"closed","ping_status":"closed","sticky":false,"template":"","format":"standard","meta":{"_coblocks_attr":"","_coblocks_dimensions":"","_coblocks_responsive_height":"","_coblocks_accordion_ie_support":"","jetpack_post_was_ever_published":false,"_jetpack_newsletter_access":"","_jetpack_dont_email_post_to_subs":false,"_jetpack_newsletter_tier_id":0,"_jetpack_memberships_contains_paywalled_content":false,"_jetpack_memberships_contains_paid_content":false,"footnotes":"","jetpack_publicize_message":"","jetpack_publicize_feature_enabled":true,"jetpack_social_post_already_shared":false,"jetpack_social_options":{"image_generator_settings":{"template":"highway","default_image_id":0,"enabled":false},"version":2}},"categories":[182,6915,44,15],"tags":[1961,7730],"class_list":["post-45314","post","type-post","status-publish","format-standard","has-post-thumbnail","hentry","category-deportes","category-opinion-de-manuel-jimenez","category-noticias-de-hoy","category-ultimas-noticias","tag-cerebro","tag-ejercicio-fisico"],"jetpack_publicize_connections":[],"jetpack_featured_media_url":"https:\/\/i0.wp.com\/miradordeatarfe.es\/wp-content\/uploads\/2021\/02\/Imagen-reso.png?fit=612%2C720&ssl=1","jetpack_likes_enabled":true,"jetpack_sharing_enabled":true,"_links":{"self":[{"href":"https:\/\/miradordeatarfe.es\/index.php?rest_route=\/wp\/v2\/posts\/45314","targetHints":{"allow":["GET"]}}],"collection":[{"href":"https:\/\/miradordeatarfe.es\/index.php?rest_route=\/wp\/v2\/posts"}],"about":[{"href":"https:\/\/miradordeatarfe.es\/index.php?rest_route=\/wp\/v2\/types\/post"}],"author":[{"embeddable":true,"href":"https:\/\/miradordeatarfe.es\/index.php?rest_route=\/wp\/v2\/users\/1"}],"replies":[{"embeddable":true,"href":"https:\/\/miradordeatarfe.es\/index.php?rest_route=%2Fwp%2Fv2%2Fcomments&post=45314"}],"version-history":[{"count":1,"href":"https:\/\/miradordeatarfe.es\/index.php?rest_route=\/wp\/v2\/posts\/45314\/revisions"}],"predecessor-version":[{"id":45316,"href":"https:\/\/miradordeatarfe.es\/index.php?rest_route=\/wp\/v2\/posts\/45314\/revisions\/45316"}],"wp:featuredmedia":[{"embeddable":true,"href":"https:\/\/miradordeatarfe.es\/index.php?rest_route=\/wp\/v2\/media\/45315"}],"wp:attachment":[{"href":"https:\/\/miradordeatarfe.es\/index.php?rest_route=%2Fwp%2Fv2%2Fmedia&parent=45314"}],"wp:term":[{"taxonomy":"category","embeddable":true,"href":"https:\/\/miradordeatarfe.es\/index.php?rest_route=%2Fwp%2Fv2%2Fcategories&post=45314"},{"taxonomy":"post_tag","embeddable":true,"href":"https:\/\/miradordeatarfe.es\/index.php?rest_route=%2Fwp%2Fv2%2Ftags&post=45314"}],"curies":[{"name":"wp","href":"https:\/\/api.w.org\/{rel}","templated":true}]}}