{"id":45322,"date":"2021-02-28T11:27:28","date_gmt":"2021-02-28T10:27:28","guid":{"rendered":"http:\/\/miradordeatarfe.es\/?p=45322"},"modified":"2021-03-13T14:02:10","modified_gmt":"2021-03-13T13:02:10","slug":"atarfe-iglesia-de-santa-amalia-por-juan-manuel-g-segade","status":"publish","type":"post","link":"https:\/\/miradordeatarfe.es\/?p=45322","title":{"rendered":"ATARFE: \u00bb IGLESIA DE SANTA AMALIA\u00bb por Juan Manuel G. Segade"},"content":{"rendered":"<h3 style=\"text-align: justify;\"><b>ATARFE\u00a0 <\/b>Iglesia de Santa AMALIA . Arquitecto: Jos\u00e9 Jim\u00e9nez Jimena . Atarfe. Granada 1982<\/h3>\n<p style=\"text-align: justify;\">Aunque la Asociaci\u00f3n de Vecinos del Barrio de Santa Amalia pretendi\u00f3 quedarse con este local para sus reuniones, el edificio ser\u00eda convertido en iglesia para servicio del mismo barrio, siendo bendecido a principio de 1982. Fue una de las \u00faltimas obras del arquitecto D. Jos\u00e9 Jim\u00e9nez Jimena, que fallecer\u00eda el 28 de Marzo de 1983.<\/p>\n<p style=\"text-align: justify;\">Dentro de una gran sencillez, el proyecto conjuga una pendiente asim\u00e9trica de las cubiertas, con la combinaci\u00f3n de pa\u00f1os de distinto color y formas rectangulares en el exterior, al gusto de la geometr\u00eda t\u00edpica de la Bauhaus; franjas horizontales y fajas de recorte, siempre asim\u00e9tricas, pero equilibradas, integran esta capilla en el entorno de casas modestas donde encuadra y de entre las que no sobresale.<\/p>\n<p style=\"text-align: justify;\">En el interior es novedosa la pendiente del pavimento en declive hacia el presbiterio, tambi\u00e9n descentrado, para dejar el \u00e1ngulo izquierdo como \u201csacrist\u00eda\u201d, aislada por un simple biombo de obra. Ventanas en L y cruces asim\u00e9tricas contin\u00faan el juego formal del exterior.<\/p>\n<p style=\"text-align: justify;\">Un defecto sin arreglo posible es la p\u00e9sima ac\u00fastica del aula interior, que por la dureza del revestimiento y las proporciones cr\u00edticas de longitud y anchura, se convierte en una aut\u00e9ntica caja de resonancias.<\/p>\n<p style=\"text-align: justify;\">\u00a0<\/p>\n<p style=\"text-align: justify;\">Ermita del Barrio de Santa AMALIA<br \/>\nArquitecto: Jos\u00e9 Jim\u00e9nez Jimena<br \/>\nAtarfe. Granada<\/p>\n<p style=\"text-align: justify;\">1982<\/p>\n<p>&nbsp;<\/p>\n<p><a href=\"https:\/\/i0.wp.com\/miradordeatarfe.es\/wp-content\/uploads\/2021\/02\/20210203142519_01-scaled.jpg?ssl=1\"><img data-recalc-dims=\"1\" loading=\"lazy\" decoding=\"async\" class=\"alignnone wp-image-45496 size-full\" src=\"https:\/\/i0.wp.com\/miradordeatarfe.es\/wp-content\/uploads\/2021\/02\/20210203142519_01-scaled.jpg?resize=640%2C415&#038;ssl=1\" alt=\"\" width=\"640\" height=\"415\" srcset=\"https:\/\/i0.wp.com\/miradordeatarfe.es\/wp-content\/uploads\/2021\/02\/20210203142519_01-scaled.jpg?w=2560&amp;ssl=1 2560w, https:\/\/i0.wp.com\/miradordeatarfe.es\/wp-content\/uploads\/2021\/02\/20210203142519_01-scaled.jpg?resize=300%2C194&amp;ssl=1 300w, https:\/\/i0.wp.com\/miradordeatarfe.es\/wp-content\/uploads\/2021\/02\/20210203142519_01-scaled.jpg?resize=1024%2C664&amp;ssl=1 1024w, https:\/\/i0.wp.com\/miradordeatarfe.es\/wp-content\/uploads\/2021\/02\/20210203142519_01-scaled.jpg?resize=768%2C498&amp;ssl=1 768w, https:\/\/i0.wp.com\/miradordeatarfe.es\/wp-content\/uploads\/2021\/02\/20210203142519_01-scaled.jpg?resize=1536%2C996&amp;ssl=1 1536w, https:\/\/i0.wp.com\/miradordeatarfe.es\/wp-content\/uploads\/2021\/02\/20210203142519_01-scaled.jpg?resize=2048%2C1327&amp;ssl=1 2048w, https:\/\/i0.wp.com\/miradordeatarfe.es\/wp-content\/uploads\/2021\/02\/20210203142519_01-scaled.jpg?resize=1320%2C856&amp;ssl=1 1320w, https:\/\/i0.wp.com\/miradordeatarfe.es\/wp-content\/uploads\/2021\/02\/20210203142519_01-scaled.jpg?w=1920&amp;ssl=1 1920w\" sizes=\"auto, (max-width: 640px) 100vw, 640px\" \/><\/a><\/p>\n<p>&nbsp;<\/p>\n<p><a href=\"https:\/\/i0.wp.com\/miradordeatarfe.es\/wp-content\/uploads\/2021\/02\/20210203142333_01-scaled.jpg?ssl=1\"><img data-recalc-dims=\"1\" loading=\"lazy\" decoding=\"async\" class=\"alignnone wp-image-45495 size-full\" src=\"https:\/\/i0.wp.com\/miradordeatarfe.es\/wp-content\/uploads\/2021\/02\/20210203142333_01-scaled.jpg?resize=640%2C415&#038;ssl=1\" alt=\"\" width=\"640\" height=\"415\" srcset=\"https:\/\/i0.wp.com\/miradordeatarfe.es\/wp-content\/uploads\/2021\/02\/20210203142333_01-scaled.jpg?w=2560&amp;ssl=1 2560w, https:\/\/i0.wp.com\/miradordeatarfe.es\/wp-content\/uploads\/2021\/02\/20210203142333_01-scaled.jpg?resize=300%2C194&amp;ssl=1 300w, https:\/\/i0.wp.com\/miradordeatarfe.es\/wp-content\/uploads\/2021\/02\/20210203142333_01-scaled.jpg?resize=1024%2C664&amp;ssl=1 1024w, https:\/\/i0.wp.com\/miradordeatarfe.es\/wp-content\/uploads\/2021\/02\/20210203142333_01-scaled.jpg?resize=768%2C498&amp;ssl=1 768w, https:\/\/i0.wp.com\/miradordeatarfe.es\/wp-content\/uploads\/2021\/02\/20210203142333_01-scaled.jpg?resize=1536%2C996&amp;ssl=1 1536w, https:\/\/i0.wp.com\/miradordeatarfe.es\/wp-content\/uploads\/2021\/02\/20210203142333_01-scaled.jpg?resize=2048%2C1327&amp;ssl=1 2048w, https:\/\/i0.wp.com\/miradordeatarfe.es\/wp-content\/uploads\/2021\/02\/20210203142333_01-scaled.jpg?resize=1320%2C856&amp;ssl=1 1320w, https:\/\/i0.wp.com\/miradordeatarfe.es\/wp-content\/uploads\/2021\/02\/20210203142333_01-scaled.jpg?w=1920&amp;ssl=1 1920w\" sizes=\"auto, (max-width: 640px) 100vw, 640px\" \/><\/a><\/p>\n<p>&nbsp;<\/p>\n<p>FOTOS :J.M.G.SEGADE<\/p>\n<h3><strong>JUAN MANUEL GOMEZ SEGADE<\/strong>\u00a0DE SU TESIS: \u00abARTE ACTUAL Y ARQUITEXTURA RELIGIOSA\/LOS TEMPLOS DE GRANADA Y SU PROVINCIA. TOMO IV<\/h3>\n","protected":false},"excerpt":{"rendered":"<p>ATARFE\u00a0 Iglesia de Santa AMALIA . Arquitecto: Jos\u00e9 Jim\u00e9nez Jimena . Atarfe. Granada 1982 Aunque&#8230;<\/p>\n","protected":false},"author":1,"featured_media":45493,"comment_status":"closed","ping_status":"closed","sticky":false,"template":"","format":"standard","meta":{"_coblocks_attr":"","_coblocks_dimensions":"","_coblocks_responsive_height":"","_coblocks_accordion_ie_support":"","jetpack_post_was_ever_published":false,"_jetpack_newsletter_access":"","_jetpack_dont_email_post_to_subs":false,"_jetpack_newsletter_tier_id":0,"_jetpack_memberships_contains_paywalled_content":false,"_jetpack_memberships_contains_paid_content":false,"footnotes":"","jetpack_publicize_message":"","jetpack_publicize_feature_enabled":true,"jetpack_social_post_already_shared":false,"jetpack_social_options":{"image_generator_settings":{"template":"highway","default_image_id":0,"enabled":false},"version":2}},"categories":[12,1225,186,8075,44,15],"tags":[28,8076],"class_list":["post-45322","post","type-post","status-publish","format-standard","has-post-thumbnail","hentry","category-cultura","category-ha-de-atarfe","category-instituciones","category-juan-manuel-g-segade","category-noticias-de-hoy","category-ultimas-noticias","tag-iglesia","tag-santa-amalia"],"jetpack_publicize_connections":[],"jetpack_featured_media_url":"https:\/\/i0.wp.com\/miradordeatarfe.es\/wp-content\/uploads\/2021\/02\/20210203140712_01-scaled.jpg?fit=2560%2C1659&ssl=1","jetpack_likes_enabled":true,"jetpack_sharing_enabled":true,"_links":{"self":[{"href":"https:\/\/miradordeatarfe.es\/index.php?rest_route=\/wp\/v2\/posts\/45322","targetHints":{"allow":["GET"]}}],"collection":[{"href":"https:\/\/miradordeatarfe.es\/index.php?rest_route=\/wp\/v2\/posts"}],"about":[{"href":"https:\/\/miradordeatarfe.es\/index.php?rest_route=\/wp\/v2\/types\/post"}],"author":[{"embeddable":true,"href":"https:\/\/miradordeatarfe.es\/index.php?rest_route=\/wp\/v2\/users\/1"}],"replies":[{"embeddable":true,"href":"https:\/\/miradordeatarfe.es\/index.php?rest_route=%2Fwp%2Fv2%2Fcomments&post=45322"}],"version-history":[{"count":4,"href":"https:\/\/miradordeatarfe.es\/index.php?rest_route=\/wp\/v2\/posts\/45322\/revisions"}],"predecessor-version":[{"id":45880,"href":"https:\/\/miradordeatarfe.es\/index.php?rest_route=\/wp\/v2\/posts\/45322\/revisions\/45880"}],"wp:featuredmedia":[{"embeddable":true,"href":"https:\/\/miradordeatarfe.es\/index.php?rest_route=\/wp\/v2\/media\/45493"}],"wp:attachment":[{"href":"https:\/\/miradordeatarfe.es\/index.php?rest_route=%2Fwp%2Fv2%2Fmedia&parent=45322"}],"wp:term":[{"taxonomy":"category","embeddable":true,"href":"https:\/\/miradordeatarfe.es\/index.php?rest_route=%2Fwp%2Fv2%2Fcategories&post=45322"},{"taxonomy":"post_tag","embeddable":true,"href":"https:\/\/miradordeatarfe.es\/index.php?rest_route=%2Fwp%2Fv2%2Ftags&post=45322"}],"curies":[{"name":"wp","href":"https:\/\/api.w.org\/{rel}","templated":true}]}}