{"id":45343,"date":"2021-02-17T11:16:49","date_gmt":"2021-02-17T10:16:49","guid":{"rendered":"http:\/\/miradordeatarfe.es\/?p=45343"},"modified":"2021-02-16T18:23:26","modified_gmt":"2021-02-16T17:23:26","slug":"manuel-jimenez-lopez-huella-su-octava-cima-andaluza-de-cross-por-manuel-jimenez","status":"publish","type":"post","link":"https:\/\/miradordeatarfe.es\/?p=45343","title":{"rendered":"\u00abMANUEL JIM\u00c9NEZ L\u00d3PEZ HUELLA SU OCTAVA CIMA ANDALUZA DE CROSS\u00bb por Manuel Jim\u00e9nez"},"content":{"rendered":"<h3 align=\"JUSTIFY\"><span style=\"font-family: Tahoma, serif;\"><span style=\"font-size: medium;\">El verbo\u00a0<\/span><\/span><em><span style=\"font-family: Tahoma, serif;\"><span style=\"font-size: medium;\">hollar <\/span><\/span><\/em><span style=\"font-family: Tahoma, serif;\"><span style=\"font-size: medium;\">(\u2018pisar, dejando se\u00f1al de la pisada\u2019;\u00a0\u2018comprimir algo con los pies\u2019; \u2018abatir, humillar, despreciar\u2019)\u00a0<\/span><\/span><span style=\"font-family: Tahoma, serif;\"><span style=\"font-size: medium;\">se conjuga como\u00a0<\/span><\/span><em><span style=\"font-family: Tahoma, serif;\"><span style=\"font-size: medium;\">contar, <\/span><\/span><\/em><span style=\"font-family: Tahoma, serif;\"><span style=\"font-size: medium;\">por lo que\u00a0<\/span><\/span><span style=\"font-family: Tahoma, serif;\"><span style=\"font-size: medium;\">lo apropiado es decir \u00abhuella la cima\u00bb, en lugar de \u00abholla la cima\u00bb como es frecuente encontrar con cierta habitualidad.<\/span><\/span><\/h3>\n<p align=\"JUSTIFY\"><span style=\"font-family: Tahoma, serif;\"><span style=\"font-size: medium;\">Ha sido en la Cala de Mijas donde<strong> Manuel<\/strong> se ha alzado por octava vez, s\u00e9ptima consecutiva, con el t\u00edtulo de campe\u00f3n auton\u00f3mico de cross en la categor\u00eda Sub 20.<\/span><\/span><\/p>\n<p align=\"JUSTIFY\"><a href=\"https:\/\/i0.wp.com\/miradordeatarfe.es\/wp-content\/uploads\/2021\/02\/MANU-ANDALUZ-CROSS-2021.jpg?ssl=1\"><img data-recalc-dims=\"1\" loading=\"lazy\" decoding=\"async\" class=\"alignnone wp-image-45344 size-full\" src=\"https:\/\/i0.wp.com\/miradordeatarfe.es\/wp-content\/uploads\/2021\/02\/MANU-ANDALUZ-CROSS-2021.jpg?resize=640%2C427&#038;ssl=1\" alt=\"\" width=\"640\" height=\"427\" srcset=\"https:\/\/i0.wp.com\/miradordeatarfe.es\/wp-content\/uploads\/2021\/02\/MANU-ANDALUZ-CROSS-2021.jpg?w=1600&amp;ssl=1 1600w, https:\/\/i0.wp.com\/miradordeatarfe.es\/wp-content\/uploads\/2021\/02\/MANU-ANDALUZ-CROSS-2021.jpg?resize=300%2C200&amp;ssl=1 300w, https:\/\/i0.wp.com\/miradordeatarfe.es\/wp-content\/uploads\/2021\/02\/MANU-ANDALUZ-CROSS-2021.jpg?resize=1024%2C684&amp;ssl=1 1024w, https:\/\/i0.wp.com\/miradordeatarfe.es\/wp-content\/uploads\/2021\/02\/MANU-ANDALUZ-CROSS-2021.jpg?resize=768%2C513&amp;ssl=1 768w, https:\/\/i0.wp.com\/miradordeatarfe.es\/wp-content\/uploads\/2021\/02\/MANU-ANDALUZ-CROSS-2021.jpg?resize=1536%2C1025&amp;ssl=1 1536w, https:\/\/i0.wp.com\/miradordeatarfe.es\/wp-content\/uploads\/2021\/02\/MANU-ANDALUZ-CROSS-2021.jpg?resize=1320%2C881&amp;ssl=1 1320w\" sizes=\"auto, (max-width: 640px) 100vw, 640px\" \/><\/a><\/p>\n<p align=\"JUSTIFY\"><span style=\"font-family: Tahoma, serif;\"><span style=\"font-size: medium;\">Es este un logro que hay que valorar en su justa medida pues no resulta f\u00e1cil mantenerse durante pr\u00e1cticamente una d\u00e9cada al m\u00e1ximo nivel no en vano es su d\u00e9cima participaci\u00f3n en este evento y adem\u00e1s de estos ocho oros sald\u00f3 con sendas posiciones de p\u00f3dium sus otras dos actuaciones en el certamen. <\/span><\/span><\/p>\n<p align=\"JUSTIFY\"><span style=\"font-family: Tahoma, serif;\"><span style=\"font-size: medium;\">En este campeonato hemos tenido adem\u00e1s una amplia representaci\u00f3n de atletas atarfe\u00f1os o vinculados con clubes locales. Destacar el debut con un meritorio 5\u00ba puesto de la triatleta Angie \u00c1vila Alche en la prueba absoluta femenina confirmando las esperanzas que ten\u00edan depositadas en ella los responsables de su club, el RunRunData. Veremos de qu\u00e9 es capaz cuando se abra la veda en duatl\u00f3n y triatl\u00f3n pero seguro que estar\u00e1 muy arriba. <\/span><\/span><\/p>\n<p align=\"JUSTIFY\"><a href=\"https:\/\/i0.wp.com\/miradordeatarfe.es\/wp-content\/uploads\/2021\/02\/ANGIE-ANDALUZ-CROSS-2021-1.jpg?ssl=1\"><img data-recalc-dims=\"1\" loading=\"lazy\" decoding=\"async\" class=\"alignnone wp-image-45345 size-full\" src=\"https:\/\/i0.wp.com\/miradordeatarfe.es\/wp-content\/uploads\/2021\/02\/ANGIE-ANDALUZ-CROSS-2021-1.jpg?resize=640%2C432&#038;ssl=1\" alt=\"\" width=\"640\" height=\"432\" srcset=\"https:\/\/i0.wp.com\/miradordeatarfe.es\/wp-content\/uploads\/2021\/02\/ANGIE-ANDALUZ-CROSS-2021-1.jpg?w=1008&amp;ssl=1 1008w, https:\/\/i0.wp.com\/miradordeatarfe.es\/wp-content\/uploads\/2021\/02\/ANGIE-ANDALUZ-CROSS-2021-1.jpg?resize=300%2C203&amp;ssl=1 300w, https:\/\/i0.wp.com\/miradordeatarfe.es\/wp-content\/uploads\/2021\/02\/ANGIE-ANDALUZ-CROSS-2021-1.jpg?resize=768%2C519&amp;ssl=1 768w\" sizes=\"auto, (max-width: 640px) 100vw, 640px\" \/><\/a><\/p>\n<p align=\"JUSTIFY\"><span style=\"font-family: Tahoma, serif;\"><span style=\"font-size: medium;\">En la categor\u00eda Sub 18 doble representaci\u00f3n para el ATLETISMO CIUDAD ATARFE con el de Tiena Gonzalo Garc\u00eda Molina clasificado el 26\u00ba y el capitalino David Vill\u00e9n el 33\u00ba. En esta categor\u00eda tomaron parte atletas formados en el club local, as\u00ed \u00c1ngel Torres que hasta el a\u00f1o pasado visti\u00f3 la remera rojiverde se mete 8\u00ba y Alex Vico el 27\u00ba.<\/span><\/span><\/p>\n<p align=\"JUSTIFY\"><a name=\"Bookmark\"><\/a><span style=\"font-family: Tahoma, serif;\"><span style=\"font-size: medium;\">En sub 23 Juan del Moral huelme\u00f1o en las filas del Ciudad Atarfe logra el puesto 20 mientras otro de Huelma y exclub atletismo y monta\u00f1a Atarfe, Jaime Vico, se alza con un meritorio 12\u00ba lugar. <\/span><\/span><\/p>\n<p align=\"JUSTIFY\"><span style=\"font-family: Tahoma, serif;\"><span style=\"font-size: medium;\">M\u00e1s participaci\u00f3n atarfe\u00f1a en las categor\u00edas MASTERS donde Elena Ferris Jord\u00e1n en las filas del CA Maracena se alza con el triunfo en F65. <\/span><\/span><\/p>\n<p align=\"JUSTIFY\"><span style=\"font-family: Tahoma, serif;\"><span style=\"font-size: medium;\">A nivel colectivo Atletismo Ciudad Atarfe presenta dos conjuntos: En M35-40 se clasifica 14\u00ba con Germ\u00e1n Triana 77 (136; 35 M35), Silvano Alejo 93 (168; 40 M35) y Antonio Romero 108 (213; 44 M35). En la categor\u00eda M45 en adelante, los del Ciudad Atarfe punt\u00faan como el 23\u00ba club andaluz con Carlos Javier Lucena 79 (22\u00ba M50), Antonio L\u00f3pez Madero 116 (60\u00ba M45) y Regino Zamora 140 (6\u00ba clasificado en M60). <\/span><\/span><\/p>\n<p align=\"JUSTIFY\"><span style=\"font-family: Tahoma, serif;\"><span style=\"font-size: medium;\">Tambi\u00e9n fueron de la partida Gustavo Adolfo Herrera (201; 57 M40) y Juan Hinojo (57, 11\u00ba M65).<\/span><\/span><\/p>\n<p align=\"JUSTIFY\"><span style=\"font-family: Tahoma, serif;\"><span style=\"font-size: medium;\">Completa agenda atl\u00e9tica un nuevo control federativo en la cubierta de Antequera con buenas prestaciones de los velocistas Antonio Pe\u00f1a 7.34 en 60, Manuel Jim\u00e9nez Ca\u00f1adas 7.48, David Hern\u00e1ndez 7.50 y 24.54, Pablo Lozano 7.55. En 300 Jorge Torres 40.05; en 800 Fco Javier Urquiza 2.04.60 y Pablo Mart\u00edn 2.08.73 mientras Celia Mart\u00edn dobla el 60 (8.26) y el 200 (27.43), afinando para sus respectivos campeonatos auton\u00f3micos que se celebrar\u00e1n en breve. <\/span><\/span><\/p>\n<p align=\"JUSTIFY\">\u00a0<\/p>\n","protected":false},"excerpt":{"rendered":"<p>El verbo\u00a0hollar (\u2018pisar, dejando se\u00f1al de la pisada\u2019;\u00a0\u2018comprimir algo con los pies\u2019; \u2018abatir, humillar, despreciar\u2019)\u00a0se&#8230;<\/p>\n","protected":false},"author":1,"featured_media":45346,"comment_status":"closed","ping_status":"closed","sticky":false,"template":"","format":"standard","meta":{"_coblocks_attr":"","_coblocks_dimensions":"","_coblocks_responsive_height":"","_coblocks_accordion_ie_support":"","jetpack_post_was_ever_published":false,"_jetpack_newsletter_access":"","_jetpack_dont_email_post_to_subs":false,"_jetpack_newsletter_tier_id":0,"_jetpack_memberships_contains_paywalled_content":false,"_jetpack_memberships_contains_paid_content":false,"footnotes":"","jetpack_publicize_message":"","jetpack_publicize_feature_enabled":true,"jetpack_social_post_already_shared":false,"jetpack_social_options":{"image_generator_settings":{"template":"highway","default_image_id":0,"enabled":false},"version":2}},"categories":[182,6915,44,15],"tags":[81,85,322],"class_list":["post-45343","post","type-post","status-publish","format-standard","has-post-thumbnail","hentry","category-deportes","category-opinion-de-manuel-jimenez","category-noticias-de-hoy","category-ultimas-noticias","tag-atarfe","tag-atletismo","tag-deporte"],"jetpack_publicize_connections":[],"jetpack_featured_media_url":"https:\/\/i0.wp.com\/miradordeatarfe.es\/wp-content\/uploads\/2021\/02\/ANGIE-ANDALUZ-CROSS-2021-2.jpg?fit=2048%2C1536&ssl=1","jetpack_likes_enabled":true,"jetpack_sharing_enabled":true,"_links":{"self":[{"href":"https:\/\/miradordeatarfe.es\/index.php?rest_route=\/wp\/v2\/posts\/45343","targetHints":{"allow":["GET"]}}],"collection":[{"href":"https:\/\/miradordeatarfe.es\/index.php?rest_route=\/wp\/v2\/posts"}],"about":[{"href":"https:\/\/miradordeatarfe.es\/index.php?rest_route=\/wp\/v2\/types\/post"}],"author":[{"embeddable":true,"href":"https:\/\/miradordeatarfe.es\/index.php?rest_route=\/wp\/v2\/users\/1"}],"replies":[{"embeddable":true,"href":"https:\/\/miradordeatarfe.es\/index.php?rest_route=%2Fwp%2Fv2%2Fcomments&post=45343"}],"version-history":[{"count":2,"href":"https:\/\/miradordeatarfe.es\/index.php?rest_route=\/wp\/v2\/posts\/45343\/revisions"}],"predecessor-version":[{"id":45348,"href":"https:\/\/miradordeatarfe.es\/index.php?rest_route=\/wp\/v2\/posts\/45343\/revisions\/45348"}],"wp:featuredmedia":[{"embeddable":true,"href":"https:\/\/miradordeatarfe.es\/index.php?rest_route=\/wp\/v2\/media\/45346"}],"wp:attachment":[{"href":"https:\/\/miradordeatarfe.es\/index.php?rest_route=%2Fwp%2Fv2%2Fmedia&parent=45343"}],"wp:term":[{"taxonomy":"category","embeddable":true,"href":"https:\/\/miradordeatarfe.es\/index.php?rest_route=%2Fwp%2Fv2%2Fcategories&post=45343"},{"taxonomy":"post_tag","embeddable":true,"href":"https:\/\/miradordeatarfe.es\/index.php?rest_route=%2Fwp%2Fv2%2Ftags&post=45343"}],"curies":[{"name":"wp","href":"https:\/\/api.w.org\/{rel}","templated":true}]}}