{"id":45479,"date":"2021-02-24T11:48:40","date_gmt":"2021-02-24T10:48:40","guid":{"rendered":"http:\/\/miradordeatarfe.es\/?p=45479"},"modified":"2021-02-23T18:10:21","modified_gmt":"2021-02-23T17:10:21","slug":"piano-piano-se-va-lontano-por-manuel-jimenez","status":"publish","type":"post","link":"https:\/\/miradordeatarfe.es\/?p=45479","title":{"rendered":"\u00abPIANO, PIANO SE VA LONTANO.\u00bb por Manuel Jim\u00e9nez"},"content":{"rendered":"<h3 align=\"JUSTIFY\"><span style=\"font-family: Arial, serif;\"><span style=\"font-size: medium;\">Una de las esencias del atletismo, seg\u00fan mi parecer, es la progresi\u00f3n personal basada en el esfuerzo individual. De ah\u00ed que haya tra\u00eddo esta paremia italiana \u201c<\/span><\/span><span style=\"font-family: Arial, serif;\"><span style=\"font-size: medium;\"><i>chi va piano, va lontano\u201d, qui\u00e9n va despacio, va lejos. <\/i><\/span><\/span><\/h3>\n<p align=\"JUSTIFY\"><span style=\"font-family: Arial, serif;\"><span style=\"font-size: medium;\">Muestra de esta filosof\u00eda la hemos vivido este fin de semana en la que se ha celebrado el Campeonato de Andaluc\u00eda Sub 20 de Pista Cubierta en Antequera y donde han tomado parte dos velocistas del ATLETISMO CIUDAD ATARFE. <\/span><\/span><\/p>\n<p align=\"JUSTIFY\"><span style=\"font-family: Arial, serif;\"><span style=\"font-size: medium;\">Tanto Antonio Pe\u00f1a Galindo como Celia Mart\u00edn Santiago han puesto colof\u00f3n a esta temporada invernal at\u00edpica mejorando sus marcas personales.<\/span><\/span><\/p>\n<p align=\"JUSTIFY\"><span style=\"font-family: Arial, serif;\"><span style=\"font-size: medium;\"><a href=\"https:\/\/i0.wp.com\/miradordeatarfe.es\/wp-content\/uploads\/2021\/02\/CELIA-MARTIN-SANTIAGO-sobre-los-tacos-040118-scaled.jpg?ssl=1\"><img data-recalc-dims=\"1\" loading=\"lazy\" decoding=\"async\" class=\"wp-image-45481  aligncenter\" src=\"https:\/\/i0.wp.com\/miradordeatarfe.es\/wp-content\/uploads\/2021\/02\/CELIA-MARTIN-SANTIAGO-sobre-los-tacos-040118-scaled.jpg?resize=640%2C853&#038;ssl=1\" alt=\"\" width=\"640\" height=\"853\" srcset=\"https:\/\/i0.wp.com\/miradordeatarfe.es\/wp-content\/uploads\/2021\/02\/CELIA-MARTIN-SANTIAGO-sobre-los-tacos-040118-scaled.jpg?w=1920&amp;ssl=1 1920w, https:\/\/i0.wp.com\/miradordeatarfe.es\/wp-content\/uploads\/2021\/02\/CELIA-MARTIN-SANTIAGO-sobre-los-tacos-040118-scaled.jpg?resize=225%2C300&amp;ssl=1 225w, https:\/\/i0.wp.com\/miradordeatarfe.es\/wp-content\/uploads\/2021\/02\/CELIA-MARTIN-SANTIAGO-sobre-los-tacos-040118-scaled.jpg?resize=768%2C1024&amp;ssl=1 768w, https:\/\/i0.wp.com\/miradordeatarfe.es\/wp-content\/uploads\/2021\/02\/CELIA-MARTIN-SANTIAGO-sobre-los-tacos-040118-scaled.jpg?resize=1152%2C1536&amp;ssl=1 1152w, https:\/\/i0.wp.com\/miradordeatarfe.es\/wp-content\/uploads\/2021\/02\/CELIA-MARTIN-SANTIAGO-sobre-los-tacos-040118-scaled.jpg?resize=1536%2C2048&amp;ssl=1 1536w, https:\/\/i0.wp.com\/miradordeatarfe.es\/wp-content\/uploads\/2021\/02\/CELIA-MARTIN-SANTIAGO-sobre-los-tacos-040118-scaled.jpg?resize=1320%2C1760&amp;ssl=1 1320w\" sizes=\"auto, (max-width: 640px) 100vw, 640px\" \/><\/a>En el caso de Celia ha competido en 60 y 200 metros. En la prueba m\u00e1s explosiva ha conseguido clasificarse la 14\u00aa del campeonato marcando 8.16 que como hemos comentado es MMP. Comenz\u00f3 la temporada Celia con una marca acreditada de 8.31, el 30 de enero rebaj\u00f3 su crono a 8.28 para rebajar dos cent\u00e9simas m\u00e1s el pasado fin de semana (d\u00eda 13, 8.26). Es decir, una mejora de 15 cent\u00e9simas a lo largo del per\u00edodo de competici\u00f3n a cubierta jalonada en tres actos. <\/span><\/span><\/p>\n<p align=\"JUSTIFY\"><span style=\"font-family: Arial, serif;\"><span style=\"font-size: medium;\">En el doble hect\u00f3metro su posici\u00f3n final en el envite ha sido la 11\u00aa logrando MMP de 27.17. En este caso part\u00eda con una marca registrada el a\u00f1o pasado de 27.93, el d\u00eda 16 de enero peg\u00f3 un mordisco de 27 cent\u00e9simas al marcar 27.66. Nuevo mordisco el 13 de febrero llevando su registro hasta 27.43. Colof\u00f3n magistral el conseguido ahora arrancando otras 26 cent\u00e9simas para dejar un marc\u00f3n de 27.17. <\/span><\/span><\/p>\n<p align=\"JUSTIFY\"><span style=\"font-family: Arial, serif;\"><span style=\"font-size: medium;\">Antonio Pe\u00f1a Galindo ha centrado su invierno en la prueba reina de la velocidad a cubierto, los 60 metros. Temporada en la que ha dado un salto de calidad evidente y que le ha aupado al 10\u00ba puesto del andaluz Sub 20 con nuevo record personal de 7.25. En su caso inici\u00f3 el ejercicio con una marca previa de 7.56, el 17 de enero rebaj\u00f3 su prestaci\u00f3n hasta los 7.36, una semana m\u00e1s tarde (23 de enero) le rest\u00f3 una cent\u00e9sima (7.35), otra cent\u00e9sima menos consigui\u00f3 el s\u00e1bado pasado (13 de febrero) y maquilla ahora con una importante merma de 19 cent\u00e9simas m\u00e1s. <\/span><\/span><\/p>\n<p align=\"JUSTIFY\"><a name=\"Bookmark\"><\/a><span style=\"font-family: Arial, serif;\"><span style=\"font-size: medium;\">En suma, dos claros ejemplos de progresi\u00f3n atl\u00e9tica y prueba pr\u00e1ctica de que poco a poco, con peque\u00f1os pasos, se consiguen grandes logros. <\/span><\/span><\/p>\n<p align=\"JUSTIFY\"><a href=\"https:\/\/i0.wp.com\/miradordeatarfe.es\/wp-content\/uploads\/2021\/02\/PENA-2.jpg?ssl=1\"><img data-recalc-dims=\"1\" loading=\"lazy\" decoding=\"async\" class=\"wp-image-45482 size-full aligncenter\" src=\"https:\/\/i0.wp.com\/miradordeatarfe.es\/wp-content\/uploads\/2021\/02\/PENA-2.jpg?resize=600%2C800&#038;ssl=1\" alt=\"\" width=\"600\" height=\"800\" srcset=\"https:\/\/i0.wp.com\/miradordeatarfe.es\/wp-content\/uploads\/2021\/02\/PENA-2.jpg?w=600&amp;ssl=1 600w, https:\/\/i0.wp.com\/miradordeatarfe.es\/wp-content\/uploads\/2021\/02\/PENA-2.jpg?resize=225%2C300&amp;ssl=1 225w\" sizes=\"auto, (max-width: 600px) 100vw, 600px\" \/><\/a><\/p>\n","protected":false},"excerpt":{"rendered":"<p>Una de las esencias del atletismo, seg\u00fan mi parecer, es la progresi\u00f3n personal basada en&#8230;<\/p>\n","protected":false},"author":1,"featured_media":45480,"comment_status":"closed","ping_status":"closed","sticky":false,"template":"","format":"standard","meta":{"_coblocks_attr":"","_coblocks_dimensions":"","_coblocks_responsive_height":"","_coblocks_accordion_ie_support":"","jetpack_post_was_ever_published":false,"_jetpack_newsletter_access":"","_jetpack_dont_email_post_to_subs":false,"_jetpack_newsletter_tier_id":0,"_jetpack_memberships_contains_paywalled_content":false,"_jetpack_memberships_contains_paid_content":false,"footnotes":"","jetpack_publicize_message":"","jetpack_publicize_feature_enabled":true,"jetpack_social_post_already_shared":false,"jetpack_social_options":{"image_generator_settings":{"template":"highway","default_image_id":0,"enabled":false},"version":2}},"categories":[182,6915],"tags":[81,85,123],"class_list":["post-45479","post","type-post","status-publish","format-standard","has-post-thumbnail","hentry","category-deportes","category-opinion-de-manuel-jimenez","tag-atarfe","tag-atletismo","tag-deportes"],"jetpack_publicize_connections":[],"jetpack_featured_media_url":"https:\/\/i0.wp.com\/miradordeatarfe.es\/wp-content\/uploads\/2021\/02\/PENA-1.jpg?fit=1600%2C1066&ssl=1","jetpack_likes_enabled":true,"jetpack_sharing_enabled":true,"_links":{"self":[{"href":"https:\/\/miradordeatarfe.es\/index.php?rest_route=\/wp\/v2\/posts\/45479","targetHints":{"allow":["GET"]}}],"collection":[{"href":"https:\/\/miradordeatarfe.es\/index.php?rest_route=\/wp\/v2\/posts"}],"about":[{"href":"https:\/\/miradordeatarfe.es\/index.php?rest_route=\/wp\/v2\/types\/post"}],"author":[{"embeddable":true,"href":"https:\/\/miradordeatarfe.es\/index.php?rest_route=\/wp\/v2\/users\/1"}],"replies":[{"embeddable":true,"href":"https:\/\/miradordeatarfe.es\/index.php?rest_route=%2Fwp%2Fv2%2Fcomments&post=45479"}],"version-history":[{"count":1,"href":"https:\/\/miradordeatarfe.es\/index.php?rest_route=\/wp\/v2\/posts\/45479\/revisions"}],"predecessor-version":[{"id":45483,"href":"https:\/\/miradordeatarfe.es\/index.php?rest_route=\/wp\/v2\/posts\/45479\/revisions\/45483"}],"wp:featuredmedia":[{"embeddable":true,"href":"https:\/\/miradordeatarfe.es\/index.php?rest_route=\/wp\/v2\/media\/45480"}],"wp:attachment":[{"href":"https:\/\/miradordeatarfe.es\/index.php?rest_route=%2Fwp%2Fv2%2Fmedia&parent=45479"}],"wp:term":[{"taxonomy":"category","embeddable":true,"href":"https:\/\/miradordeatarfe.es\/index.php?rest_route=%2Fwp%2Fv2%2Fcategories&post=45479"},{"taxonomy":"post_tag","embeddable":true,"href":"https:\/\/miradordeatarfe.es\/index.php?rest_route=%2Fwp%2Fv2%2Ftags&post=45479"}],"curies":[{"name":"wp","href":"https:\/\/api.w.org\/{rel}","templated":true}]}}