{"id":45490,"date":"2021-02-25T08:33:08","date_gmt":"2021-02-25T07:33:08","guid":{"rendered":"http:\/\/miradordeatarfe.es\/?p=45490"},"modified":"2021-02-24T14:04:02","modified_gmt":"2021-02-24T13:04:02","slug":"el-emotivo-reencuentro-entre-nieto-y-abuela-un-ano-despues-por-la-covid","status":"publish","type":"post","link":"https:\/\/miradordeatarfe.es\/?p=45490","title":{"rendered":"El emotivo reencuentro entre nieto y abuela un a\u00f1o despu\u00e9s por la COVID"},"content":{"rendered":"<h3 style=\"text-align: justify;\">\u00c1lvaro comparti\u00f3 en las redes la visita a su abuela Carmen en el rellano de su edificio para evitar contagios<\/h3>\n<div class=\"cnt-multimedia estirar \" style=\"text-align: justify;\">\u00a0<\/div>\n<div class=\"cnt-izq\" style=\"text-align: justify;\">\n<div class=\"cnt-body\">\n<div id=\"cuerpo_noticia_r\" class=\"cuerpo\">\n<p>Un <strong>a\u00f1o sin verse f\u00edsicamente<\/strong> y \u00abyo me emocion\u00e9 mucho, igual que ella\u00bb, describe <strong>\u00c1lvaro Carrillo (21 a\u00f1os) en la SER<\/strong> tras explicar c\u00f3mo fue el reencuentro con su abuela, <strong>Carmen Pel\u00e1ez<\/strong> (83 a\u00f1os), a los que ha separado la pandemia.<\/p>\n<p>El <strong>&#8216;cara a cara&#8217;<\/strong> se produjo hace unos d\u00edas en el rellano de la escalera donde vive ella, en el <strong>barrio malague\u00f1o<\/strong> de Carranque. La pandemia ha impedido que se pudieran ver en persona. \u00abHemos <strong>hablado casi todos los d\u00edas<\/strong> y hemos podido vernos por videoconferencia, pero no es lo mismo. Antes de la pandemia yo quedaba con ella con <strong>mucha frecuencia<\/strong>, para hablar de todo, e incluso me quedaba a dormir con ella, algo que espero poder recuperar alg\u00fan d\u00eda\u00bb, relata \u00c1lvaro, que reside en <strong>Rinc\u00f3n de la Victoria<\/strong> pero que acude cada d\u00eda estudiar a la Universidad de M\u00e1laga, en la capital. <strong>As\u00ed lo ha relatado en SER M\u00e1laga en la siguiente entrevista<\/strong>.<\/p>\n<\/div>\n<\/div>\n<\/div>\n<p style=\"text-align: justify;\">La <strong>Covid<\/strong> y las restricciones de movilidad han impedido (como ha ocurrido con otras muchas familias) las reuniones. \u00c1lvaro decidi\u00f3 acudir a la casa de su abuela, mantener la <strong>mascarilla, la distancia de seguridad,<\/strong> y hacer el reencuentro realidad en la misma puerta de su casa, sin entrar en la vivienda para evitar posibilidad de contagiar a su familiar.<\/p>\n<p style=\"text-align: justify;\">El joven estudiante de <strong>Publicidad y Relaciones P\u00fablicas<\/strong> decidi\u00f3 sacar un tr\u00edpode \u00abque siempre llevo en la mochila\u00bb y hacer la fotograf\u00eda desde la escalera. En principio solo la comparti\u00f3 por los grupos de <strong>WhatsApp<\/strong> de la familia y amigos, pero el \u00e9xito hizo que la publicara tambi\u00e9n en <strong>Twitter<\/strong> \u00aby a partir de ah\u00ed se me ha ido de las manos\u00bb ya que la imagen se hizo viral en cuesti\u00f3n de horas. \u00abMuchos hemos perdido a familiares por el <strong>coronavirus<\/strong>, y esta es una forma de mostrar la solidaridad con quienes se acuerdan de esas personas que han supuesto tanto en nuestras vidas\u00bb, concluye \u00c1lvaro.<\/p>\n<div class=\"cnt-multimedia estirar \" style=\"text-align: justify;\">\n<figure><figcaption>\n<p>FOTO:El nieto, \u00c1lvaro, y su abuela, Carmen, en un momento del encuentro en el descansillo delante de la casa de la mujer en el barrio malague\u00f1o de Carranque \/ \u00c1lvaro Carrillo<\/p>\n<\/figcaption><\/figure>\n<\/div>\n<aside class=\"ssnn estirar\"><\/aside>\n<section class=\"cnt-modulo lst-keywords\">\n<div>\u00a0<\/div>\n<\/section>\n<aside class=\"ssnn estirar\"><\/aside>\n<div class=\"cnt-izq\">\n<div class=\"cnt-metas\">\n<div class=\"autor\" style=\"text-align: justify;\"><a title=\"Twitter de Jes\u00fas S\u00e1nchez Orellana\" href=\"https:\/\/twitter.com\/JesusSanchez__\" target=\"_blank\" rel=\"noopener noreferrer\"><span class=\"icono\">Twitter de Jes\u00fas S\u00e1nchez Orellana<\/span><\/a><\/div>\n<div>https:\/\/cadenaser.com\/emisora\/2021\/02\/22\/ser_malaga\/1613983053_962750.html<\/div>\n<\/div>\n<\/div>\n","protected":false},"excerpt":{"rendered":"<p>\u00c1lvaro comparti\u00f3 en las redes la visita a su abuela Carmen en el rellano de&#8230;<\/p>\n","protected":false},"author":1,"featured_media":45491,"comment_status":"closed","ping_status":"closed","sticky":false,"template":"","format":"standard","meta":{"_coblocks_attr":"","_coblocks_dimensions":"","_coblocks_responsive_height":"","_coblocks_accordion_ie_support":"","jetpack_post_was_ever_published":false,"_jetpack_newsletter_access":"","_jetpack_dont_email_post_to_subs":false,"_jetpack_newsletter_tier_id":0,"_jetpack_memberships_contains_paywalled_content":false,"_jetpack_memberships_contains_paid_content":false,"footnotes":"","jetpack_publicize_message":"","jetpack_publicize_feature_enabled":true,"jetpack_social_post_already_shared":false,"jetpack_social_options":{"image_generator_settings":{"template":"highway","default_image_id":0,"enabled":false},"version":2}},"categories":[1161,7149,44,6937,15,10],"tags":[358,7317],"class_list":["post-45490","post","type-post","status-publish","format-standard","has-post-thumbnail","hentry","category-ciudadania","category-coronavirus","category-noticias-de-hoy","category-sociedad","category-ultimas-noticias","category-salud","tag-abuelos","tag-covid19"],"jetpack_publicize_connections":[],"jetpack_featured_media_url":"https:\/\/i0.wp.com\/miradordeatarfe.es\/wp-content\/uploads\/2021\/02\/1613983053_962750_1613983223_noticia_normal_recorte1.jpg?fit=1300%2C731&ssl=1","jetpack_likes_enabled":true,"jetpack_sharing_enabled":true,"_links":{"self":[{"href":"https:\/\/miradordeatarfe.es\/index.php?rest_route=\/wp\/v2\/posts\/45490","targetHints":{"allow":["GET"]}}],"collection":[{"href":"https:\/\/miradordeatarfe.es\/index.php?rest_route=\/wp\/v2\/posts"}],"about":[{"href":"https:\/\/miradordeatarfe.es\/index.php?rest_route=\/wp\/v2\/types\/post"}],"author":[{"embeddable":true,"href":"https:\/\/miradordeatarfe.es\/index.php?rest_route=\/wp\/v2\/users\/1"}],"replies":[{"embeddable":true,"href":"https:\/\/miradordeatarfe.es\/index.php?rest_route=%2Fwp%2Fv2%2Fcomments&post=45490"}],"version-history":[{"count":1,"href":"https:\/\/miradordeatarfe.es\/index.php?rest_route=\/wp\/v2\/posts\/45490\/revisions"}],"predecessor-version":[{"id":45492,"href":"https:\/\/miradordeatarfe.es\/index.php?rest_route=\/wp\/v2\/posts\/45490\/revisions\/45492"}],"wp:featuredmedia":[{"embeddable":true,"href":"https:\/\/miradordeatarfe.es\/index.php?rest_route=\/wp\/v2\/media\/45491"}],"wp:attachment":[{"href":"https:\/\/miradordeatarfe.es\/index.php?rest_route=%2Fwp%2Fv2%2Fmedia&parent=45490"}],"wp:term":[{"taxonomy":"category","embeddable":true,"href":"https:\/\/miradordeatarfe.es\/index.php?rest_route=%2Fwp%2Fv2%2Fcategories&post=45490"},{"taxonomy":"post_tag","embeddable":true,"href":"https:\/\/miradordeatarfe.es\/index.php?rest_route=%2Fwp%2Fv2%2Ftags&post=45490"}],"curies":[{"name":"wp","href":"https:\/\/api.w.org\/{rel}","templated":true}]}}