{"id":45498,"date":"2021-02-23T11:11:44","date_gmt":"2021-02-23T10:11:44","guid":{"rendered":"http:\/\/miradordeatarfe.es\/?p=45498"},"modified":"2023-10-08T13:18:53","modified_gmt":"2023-10-08T11:18:53","slug":"y-ahora-que-haremos-sin-ti-ninico-por-carmen-morente-y-roque-hidalgo","status":"publish","type":"post","link":"https:\/\/miradordeatarfe.es\/?p=45498","title":{"rendered":"\u00abY AHORA, \u00bfQU\u00c9 HAREMOS SIN T\u00cd, NI\u00d1ICO?\u00bb por Carmen Morente y Roque Hidalgo"},"content":{"rendered":"<h3><span style=\"font-family: arial, helvetica, sans-serif;\"><span style=\"font-size: large;\"> Un d\u00eda aciago de esta semana supimos que <\/span><span style=\"font-size: large;\"><i>El Ni\u00f1ico<\/i><\/span><span style=\"font-size: large;\"> nos hab\u00eda dejado. <\/span><\/span><\/h3>\n<p style=\"text-align: justify;\"><span style=\"font-family: arial, helvetica, sans-serif;\"><span style=\"font-size: large;\">Ten\u00eda 78 a\u00f1os. Nada aclaro si escribo que su nombre era <strong>Antonio Jim\u00e9nez Trist\u00e1n,<\/strong> pues su apodo fue y seguir\u00e1 siendo su se\u00f1a de identidad. Un caso extra\u00f1o, pues lo normal es que los padres dejen como herencia a sus hijos los apodos. En este caso fue al contrario: el padre de Antonio era conocido como <\/span><span style=\"font-size: large;\"><i>el papa del Ni\u00f1ico.<\/i><\/span><\/span><\/p>\n<p style=\"text-align: justify;\"><span style=\"font-family: arial, helvetica, sans-serif;\"><span style=\"font-size: large;\"> El apodo lo recibi\u00f3 cuando ni\u00f1o. En aquellos a\u00f1os terribles de la postguerra, marcados por el hambre y el abandono, muchos ni\u00f1os eran enviados a los cortijos para que, a cambio del trabajo que pudieran realizar sus escu\u00e1lidos cuerpos, fueran alimentados.<\/span><\/span><\/p>\n<p style=\"text-align: justify;\"><span style=\"font-family: arial, helvetica, sans-serif;\"><span style=\"font-size: large;\">\u00a1Ni\u00f1ico, trae el agua!, \u00a1Ni\u00f1ico, recoge el escombro!, \u00a1Ni\u00f1ico, la madre que te pari\u00f3, d\u00f3nde te metes! Tanto Ni\u00f1ico para arriba y para abajo, que se qued\u00f3 con el nombre de Ni\u00f1ico. Se sent\u00eda orgulloso de su apodo y los que tuvimos la suerte de conocerlo y disfrutar de su amistad, no podr\u00edamos llamarle o recordarle con nombre distinto.<\/span><\/span><\/p>\n<p style=\"text-align: justify;\"><span style=\"font-family: arial, helvetica, sans-serif;\"><span style=\"font-size: large;\">En aquel periodo no le quitaron muchas \u201cjambres\u201d, pues recordaba que cuando iba con la carretilla llena de bazofia para echar de comer a los marranos, iba comi\u00e9ndosela por el camino. \u00a1Qu\u00e9 <\/span><span style=\"font-size: large;\"><i>pollas<\/i><\/span><span style=\"font-size: large;\">, si es que los marranos com\u00edan mejor que nosotros!, dec\u00eda entre risas. Pero ante el hambre siempre mantuvo una actitud digna y desternillante. \u2013 Nunca me com\u00ed un huevo de ni\u00f1o, y una vez que ten\u00eda fiebre y mi madrastra me iba a dar uno pasado por agua, lleg\u00f3 la mala fortuna y me toc\u00f3 la frente, exclamando: &#8211; Este ni\u00f1o no tiene ya fiebre, el huevo para su padre. Cuando se hablaba del \u201ca\u00f1o del hambre\u201d, siempre saltaba diciendo: &#8211; Qu\u00e9 mala suerte, ese a\u00f1o me toc\u00f3 <\/span><span style=\"font-size: large;\"><i>repet\u00edo<\/i><\/span><span style=\"font-size: large;\"> por lo menos 15 veces \u2026<\/span><\/span><\/p>\n<p style=\"text-align: justify;\"><span style=\"font-family: arial, helvetica, sans-serif;\"><span style=\"font-size: large;\">La primera imagen, pues, que nos viene a la cabeza al evocarlo fue su simpat\u00eda, su sentido del humor y su capacidad innata para decir una gracia ante cualquier circunstancia, incluidas las m\u00e1s adversas o crueles. Una capacidad que le brotaba como manantial inagotable, profunda, cargada de met\u00e1foras de dif\u00edcil construcci\u00f3n y que, seguro, le ayud\u00f3 a sobrevivir en las inclemencias de la vida.<\/span><\/span><\/p>\n<p style=\"text-align: justify;\"><span style=\"font-family: arial, helvetica, sans-serif;\"><span style=\"font-size: large;\">El <\/span><span style=\"font-size: large;\"><i>Ni\u00f1ico<\/i><\/span><span style=\"font-size: large;\"> fue tambi\u00e9n, y sobre todo, un hombre comprometido con la causa de su clase. Obrero de la construcci\u00f3n vivi\u00f3 los tiempos de los malos salarios, de las reivindicaciones reprimidas por el fascismo, de los castigos empresariales, de los despidos selectivos contra los dirigentes del movimiento obrero. Sin temblarle el pulso se levant\u00f3 contra la injusticia y la explotaci\u00f3n, siendo leal a sus compa\u00f1eros, porque en aquellos tiempos no nos sent\u00edamos solos, nos sent\u00edamos parte de un r\u00edo solidario y compartido. Perfil de vieja casta obrera, \u00a1En mi <\/span><span style=\"font-size: large;\"><i>jambre<\/i><\/span><span style=\"font-size: large;\">, mando yo!, ni horas extraordinarias, ni destajos, ni trabajar en negro, \u201csi les damos un dedo se nos comer\u00e1n la mano\u201d. Una epopeya colectiva, sembrada de h\u00e9roes con nombres y apellidos, muchos de los cuales fueron atarfe\u00f1os, y cuya historia ha quedado silenciada.<\/span><\/span><\/p>\n<p style=\"text-align: justify;\"><span style=\"font-family: arial, helvetica, sans-serif;\"><span style=\"font-size: large;\">Recuerdo ahora con emoci\u00f3n cuando visit\u00e1bamos las f\u00e1bricas donde trabajaban las mujeres del textil. Todas sentadas ante sus m\u00e1quinas, levantaban la cabeza cuando nos ve\u00edan entrar, vislumbrando un rayo de esperanza y tambi\u00e9n de temor. \u00c9l hab\u00eda repartido los papeles: yo me ir\u00eda a la sala del taller a hablar con las mujeres, &#8211; A m\u00ed me dej\u00e1is al <\/span><span style=\"font-size: large;\"><i>encargao<\/i><\/span><span style=\"font-size: large;\">, pero que Roque entre conmigo no vaya a ser que luego diga que he <\/span><span style=\"font-size: large;\"><i>intentao<\/i><\/span><span style=\"font-size: large;\"> pegarle. Qu\u00e9 emoci\u00f3n: al salir el <\/span><span style=\"font-size: large;\"><i>Ni\u00f1ico<\/i><\/span><span style=\"font-size: large;\"> del despacho, las mujeres le aplaud\u00edan a\u00fan sin saber qu\u00e9 hab\u00eda pasado dentro. Algunas cosas se consegu\u00edan, que ten\u00edan que ver con las condiciones de trabajo.<\/span><\/span><\/p>\n<p style=\"text-align: justify;\"><span style=\"font-family: arial, helvetica, sans-serif;\"><span style=\"font-size: large;\">En aquellas Huelgas Generales que por entonces convocaban los sindicatos, qued\u00e1bamos en la Uni\u00f3n Local de CC.OO., de la que fue secretario alg\u00fan tiempo, de madrugada para organizar los \u201cpiquetes\u201d (ahora ser\u00eda impensable, tanto hemos retrocedido), llev\u00e1bamos termos con caf\u00e9, alguna botella de aguardiente\u2026 El <\/span><span style=\"font-size: large;\"><i>Ni\u00f1ico<\/i><\/span><span style=\"font-size: large;\"> siempre nos estaba esperando, y nos saludaba diciendo: &#8211; Compa\u00f1eros, lo m\u00e1s dif\u00edcil ya est\u00e1 hecho.<\/span><\/span><\/p>\n<p style=\"text-align: justify;\"><span style=\"font-family: arial, helvetica, sans-serif;\"><span style=\"font-size: large;\">En su \u00faltima etapa laboral sufri\u00f3 el principio de lo que se generalizar\u00eda despu\u00e9s: el salvajismo de la patronal que no daba de alta a los trabajadores. A la hora del bocadillo, hora sagrada, iba todos los d\u00edas a la Tesorer\u00eda de la Seguridad Social, que estaba cerca de su obra, a preguntar si segu\u00eda dado de alta. \u00a1Todos los d\u00edas! Las trabajadoras ya estaban rendidas ante sus gracias y le esperaban para comunicarle si hab\u00eda alguna \u201cincidencia\u201d. No conceb\u00eda ir a trabajar sin estar dado de alta y peleaba cada d\u00eda para no perder este derecho hist\u00f3rico conquistado.<\/span><\/span><\/p>\n<p style=\"text-align: justify;\"><span style=\"font-family: arial, helvetica, sans-serif;\"><span style=\"font-size: large;\">Militante comunista, sab\u00eda que con la defensa de las reivindicaciones laborales sin m\u00e1s, no saldr\u00edamos de este sistema explotador e injusto para la humanidad, las mujeres, los ni\u00f1os o la naturaleza. El objetivo era cambiar el mundo.<\/span><\/span><\/p>\n<p style=\"text-align: justify;\"><span style=\"font-family: arial, helvetica, sans-serif;\"><span style=\"font-size: large;\">Al <\/span><span style=\"font-size: large;\"><i>Ni\u00f1ico<\/i><\/span><span style=\"font-size: large;\"> tambi\u00e9n lo hemos disfrutado por la ternura que emanaba su persona, todo lo humano le dol\u00eda, hasta la cosa m\u00e1s insignificante y ese dolor lo expresaba sin verg\u00fcenza, llorando a moco tendido, nublando su mirada con l\u00e1grimas de tristeza o de alegr\u00eda, seg\u00fan los casos. <\/span><\/span><\/p>\n<p style=\"text-align: justify;\"><span style=\"font-family: arial, helvetica, sans-serif;\"><span style=\"font-size: large;\">Nada de lo dicho me conforta. En estos casos siempre buscamos justificaci\u00f3n para amainar el desarraigo que nos provoca la desaparici\u00f3n de un ser querido. <\/span><\/span><\/p>\n<p style=\"text-align: justify;\"><span style=\"font-family: arial, helvetica, sans-serif;\"><span style=\"font-size: large;\">Quiero decir la verdad, y, parafraseando a Miguel Hern\u00e1ndez, \u201cno perdono a la tierra ni a la nada\u201d. Lo primero que sent\u00ed al enterarme de su muerte fue que ya nada me quedaba en Atarfe, ninguna tierra donde sustentarme y evitar el desarraigo; saber que exist\u00eda, que pod\u00eda encontr\u00e1rmelo en sus paseos por el campo, o cuando hac\u00eda los recados para medio vecindario; saber que si de ma\u00f1ana tocaba a su puerta podr\u00eda compartir con \u00e9l, y con su familia, unos huevos fritos con ajos y una copa de vino, me permit\u00eda seguir confiando en la Humanidad, y me ayudaba a olvidar las batallas perdidas. Ahora ser\u00e1 mucho m\u00e1s dif\u00edcil. \u00bfQu\u00e9 haremos sin ti, <\/span><span style=\"font-size: large;\"><i>Ni\u00f1ico<\/i><\/span><span style=\"font-size: large;\">?<\/span><\/span><\/p>\n<p style=\"text-align: justify;\"><span style=\"font-family: arial, helvetica, sans-serif;\"><span style=\"font-size: large;\">Carmen Morente<\/span><\/span><\/p>\n<p style=\"text-align: justify;\"><span style=\"font-family: arial, helvetica, sans-serif;\"><span style=\"font-size: large;\">Roque Hidalgo<\/span><\/span><\/p>\n","protected":false},"excerpt":{"rendered":"<p>Un d\u00eda aciago de esta semana supimos que El Ni\u00f1ico nos hab\u00eda dejado. Ten\u00eda 78&#8230;<\/p>\n","protected":false},"author":1,"featured_media":45499,"comment_status":"closed","ping_status":"closed","sticky":false,"template":"","format":"standard","meta":{"_coblocks_attr":"","_coblocks_dimensions":"","_coblocks_responsive_height":"","_coblocks_accordion_ie_support":"","jetpack_post_was_ever_published":false,"_jetpack_newsletter_access":"","_jetpack_dont_email_post_to_subs":false,"_jetpack_newsletter_tier_id":0,"_jetpack_memberships_contains_paywalled_content":false,"_jetpack_memberships_contains_paid_content":false,"footnotes":"","jetpack_publicize_message":"","jetpack_publicize_feature_enabled":true,"jetpack_social_post_already_shared":false,"jetpack_social_options":{"image_generator_settings":{"template":"highway","default_image_id":0,"enabled":false},"version":2}},"categories":[2,10707,1161,44,6539,7671,15],"tags":[8095,8096,3032],"class_list":["post-45498","post","type-post","status-publish","format-standard","has-post-thumbnail","hentry","category-atarfe","category-la-opinion-de-carmen-morente","category-ciudadania","category-noticias-de-hoy","category-personajes-de-ataref","category-politica","category-ultimas-noticias","tag-ninico","tag-obrero","tag-politico"],"jetpack_publicize_connections":[],"jetpack_featured_media_url":"https:\/\/i0.wp.com\/miradordeatarfe.es\/wp-content\/uploads\/2021\/02\/IMG-20210222-WA0010b.jpg?fit=820%2C795&ssl=1","jetpack_likes_enabled":true,"jetpack_sharing_enabled":true,"_links":{"self":[{"href":"https:\/\/miradordeatarfe.es\/index.php?rest_route=\/wp\/v2\/posts\/45498","targetHints":{"allow":["GET"]}}],"collection":[{"href":"https:\/\/miradordeatarfe.es\/index.php?rest_route=\/wp\/v2\/posts"}],"about":[{"href":"https:\/\/miradordeatarfe.es\/index.php?rest_route=\/wp\/v2\/types\/post"}],"author":[{"embeddable":true,"href":"https:\/\/miradordeatarfe.es\/index.php?rest_route=\/wp\/v2\/users\/1"}],"replies":[{"embeddable":true,"href":"https:\/\/miradordeatarfe.es\/index.php?rest_route=%2Fwp%2Fv2%2Fcomments&post=45498"}],"version-history":[{"count":2,"href":"https:\/\/miradordeatarfe.es\/index.php?rest_route=\/wp\/v2\/posts\/45498\/revisions"}],"predecessor-version":[{"id":45501,"href":"https:\/\/miradordeatarfe.es\/index.php?rest_route=\/wp\/v2\/posts\/45498\/revisions\/45501"}],"wp:featuredmedia":[{"embeddable":true,"href":"https:\/\/miradordeatarfe.es\/index.php?rest_route=\/wp\/v2\/media\/45499"}],"wp:attachment":[{"href":"https:\/\/miradordeatarfe.es\/index.php?rest_route=%2Fwp%2Fv2%2Fmedia&parent=45498"}],"wp:term":[{"taxonomy":"category","embeddable":true,"href":"https:\/\/miradordeatarfe.es\/index.php?rest_route=%2Fwp%2Fv2%2Fcategories&post=45498"},{"taxonomy":"post_tag","embeddable":true,"href":"https:\/\/miradordeatarfe.es\/index.php?rest_route=%2Fwp%2Fv2%2Ftags&post=45498"}],"curies":[{"name":"wp","href":"https:\/\/api.w.org\/{rel}","templated":true}]}}