{"id":45506,"date":"2021-02-28T09:39:53","date_gmt":"2021-02-28T08:39:53","guid":{"rendered":"http:\/\/miradordeatarfe.es\/?p=45506"},"modified":"2021-02-22T19:47:59","modified_gmt":"2021-02-22T18:47:59","slug":"es-el-modo-oscuro-de-las-aplicaciones-beneficioso-para-la-vista-o-solo-una-eleccion-estetica","status":"publish","type":"post","link":"https:\/\/miradordeatarfe.es\/?p=45506","title":{"rendered":"\u00bfEs el modo oscuro de las aplicaciones beneficioso para la vista o s\u00f3lo una elecci\u00f3n est\u00e9tica?"},"content":{"rendered":"<div id=\"article-content\" class=\"flex flex-col-reverse lg:flex-row\">\n<div id=\"article-text\">\n<h3>Para muchos usuarios digitales, <strong>el modo oscuro (o nocturno) es ya una alternativa consolidada<\/strong> a la hora de explorar p\u00e1ginas web, programas o aplicaciones.<\/h3>\n<p>La interfaz que sustituye los fondos blancos por los negros y grises ha pasado a ser una opci\u00f3n en la mayor\u00eda del <em><abbr title=\"Conjunto de programas inform\u00e1ticos que permiten realizar una tarea concreta a un dispositivo.\"><\/abbr><abbr class=\"glossarizer_replaced\" title=\"Conjunto de programas inform\u00e1ticos que permiten realizar una tarea concreta a un dispositivo.\">software<\/abbr> <\/em>y, seg\u00fan parece, la tendencia sigue apuntando en este sentido. <strong>Microsoft<\/strong>, por ejemplo, anunci\u00f3 recientemente que su popular procesador de texto, el <strong>Word<\/strong>, lanzar\u00e1 <a href=\"https:\/\/microsofters.com\/176183\/microsoft-word-pronto-nuevo-modo-oscuro\/\">un modo totalmente oscuro<\/a> durante este a\u00f1o.<\/p>\n<p>A la hora de valorar sus ventajas, sin embargo, surgen varias dudas. \u00bfTiene este modo alg\u00fan efecto sobre la vista del usuario? \u00bfAyuda a consumir menos bater\u00eda? \u00bfO es, a fin de cuentas, una elecci\u00f3n est\u00e9tica?<\/p>\n<figure class=\"wp-block-image\"><img decoding=\"async\" src=\"https:\/\/lh6.googleusercontent.com\/AEqcHndwxk6m4sv-c6F3tX6UIgnuSxbb2wf6b1t-hAfcFVp-dIolLh2RMPG_5fKTkEmJOZeOv4Q-Nupypzc8cQWkrYKHi2nfqD_rxXjQoeGtztsmjALLMkl8L7LzE9DH4s4epAPi\" alt=\"\" \/><figcaption>Ejemplo de cambio al modo oscuro en Microsoft Word. Fuente: The Verge<\/figcaption><\/figure>\n<p>Consultamos a nuestro maldito <strong>Rub\u00e9n H. Pulido Garc\u00eda<\/strong>, oftalm\u00f3logo que nos presta sus superpoderes para clarificar el asunto. Seg\u00fan el doctor, \u201cel contraste y los colores que se utilizan en el modo nocturno <strong>reducen el destello y ayudan a que nuestros ojos se adapten mejor y m\u00e1s f\u00e1cilmente a la luz circundante<\/strong>, lo que hace que nos esforcemos menos y podamos leer de forma m\u00e1s f\u00e1cil y c\u00f3moda\u201d.<\/p>\n<p>Tambi\u00e9n resulta interesante utilizar esta interfaz para trastear con el m\u00f3vil de noche o en entornos con poca luz. Esto se debe a que cualquier luz que percibamos en horario nocturno hace que \u201cel cerebro deje de producir melatonina, la hormona del sue\u00f1o\u201d, lo que se traduce en una mayor activaci\u00f3n y una menor somnolencia.<\/p>\n<p>\u201cLos colores c\u00e1lidos del modo nocturno no confunden el organismo en cuanto al tiempo cronol\u00f3gico y <strong>hacen que sea m\u00e1s f\u00e1cil conciliar el sue\u00f1o<\/strong> que si estuvi\u00e9ramos mirando un dispositivo con la pantalla en el modo corriente\u201d, asevera Pulido.<\/p>\n<p>Tambi\u00e9n alude a las ventajas para la salud de nuestros ojos el maldito <strong>Emilio Jos\u00e9 Encinas Mir<\/strong>, desarrollador de apps desde hace m\u00e1s de diez a\u00f1os. En su caso, cita <a href=\"https:\/\/www.aao.org\/salud-ocular\/consejos\/debe-utilizar-el-modo-nocturno-para-reducir-la-luz\">un informe de la Academia Americana de Oftalmolog\u00eda<\/a> (AAO) en el que se destaca la reducci\u00f3n de emisiones de luz azul que acompa\u00f1a al modo oscuro.<\/p>\n<figure class=\"wp-block-image\"><img decoding=\"async\" src=\"https:\/\/lh3.googleusercontent.com\/3uFqxvwRQryeWnMkljgx2C9JhwJ1pF1GCaSCgSz9LwsChNBgpQFWtBoJO7ATzHJJqQJUJjTnstaYB-aHiIfnhBByuciKgRrASvleeR2rXBEo6E31deptDLZs7N7CFz2zev5gra-d\" alt=\"\" \/><figcaption>Comparativa de consumo de energ\u00eda en dispositivos m\u00f3viles entre el modo normal y el oscuro. Fuente: Slash Gear<\/figcaption><\/figure>\n<p>\u00bfY en el aspecto t\u00e9cnico? Pues parece que el modo oscuro tambi\u00e9n traer\u00eda ventajas. Seg\u00fan Encinas, \u201c<strong>las pantallas de algunos dispositivos gastan menos bater\u00eda al tener colores oscuros en pantalla<\/strong>, por lo que la ampliaci\u00f3n de este modo significa una mayor duraci\u00f3n de la bater\u00eda\u201d.<\/p>\n<p>Apoya esta afirmaci\u00f3n <a href=\"https:\/\/appleinsider.com\/articles\/17\/11\/10\/extreme-test-shows-oled-iphone-x-with-dark-mode-saves-nearly-60-battery-over-3-hours\">un estudio de <em>AppleInsider<\/em><\/a>, que concluye que el uso de este tipo de interfaz reduce el consumo de energ\u00eda en pantallas OLED de manera notable. Concretamente, se puede ahorrar \u201chasta un 60% de nivel de bater\u00eda\u201d en tres horas de consumo intenso en un iPhone X.<\/p>\n<p>Google, por su parte, tambi\u00e9n confirma esta mejora de rendimiento en dispositivos Android que utilizan de forma habitual esta alternativa. Seg\u00fan <a href=\"https:\/\/www.slashgear.com\/googles-big-android-battery-oops-and-future-dark-modes-08553037\/\">recoge el digital tecnol\u00f3gico <em>Slash Gear<\/em><\/a>, haci\u00e9ndose eco de un estudio elaborado por la propia compa\u00f1\u00eda en 2018, \u201cel proverbial modo oscuro puede suponer <strong>una gran diferencia en la cantidad de energ\u00eda que necesitan todas las apps en Android<\/strong>\u201d.<\/p>\n<p><em>En este art\u00edculo han colaborado con sus superpoderes\u00a0los\u00a0malditos\u00a0Rub\u00e9n H. Pulido y Emilio Jos\u00e9 Encinas<\/em>.<\/p>\n<p>https:\/\/maldita.es\/malditatecnologia\/20210221\/modo-oscuro-aplicaciones-interfaces-digitales-beneficioso-usuario-dispositivo\/<\/p>\n<\/div>\n<\/div>\n","protected":false},"excerpt":{"rendered":"<p>Para muchos usuarios digitales, el modo oscuro (o nocturno) es ya una alternativa consolidada a&#8230;<\/p>\n","protected":false},"author":1,"featured_media":45507,"comment_status":"closed","ping_status":"closed","sticky":false,"template":"","format":"standard","meta":{"_coblocks_attr":"","_coblocks_dimensions":"","_coblocks_responsive_height":"","_coblocks_accordion_ie_support":"","jetpack_post_was_ever_published":false,"_jetpack_newsletter_access":"","_jetpack_dont_email_post_to_subs":false,"_jetpack_newsletter_tier_id":0,"_jetpack_memberships_contains_paywalled_content":false,"_jetpack_memberships_contains_paid_content":false,"footnotes":"","jetpack_publicize_message":"","jetpack_publicize_feature_enabled":true,"jetpack_social_post_already_shared":false,"jetpack_social_options":{"image_generator_settings":{"template":"highway","default_image_id":0,"enabled":false},"version":2}},"categories":[1161,44,6920,15],"tags":[8097,644],"class_list":["post-45506","post","type-post","status-publish","format-standard","has-post-thumbnail","hentry","category-ciudadania","category-noticias-de-hoy","category-tecnologia","category-ultimas-noticias","tag-modo-oscuro","tag-telefonos"],"jetpack_publicize_connections":[],"jetpack_featured_media_url":"https:\/\/i0.wp.com\/miradordeatarfe.es\/wp-content\/uploads\/2021\/02\/telefono-modo-oscuro-2.jpg?fit=1200%2C723&ssl=1","jetpack_likes_enabled":true,"jetpack_sharing_enabled":true,"_links":{"self":[{"href":"https:\/\/miradordeatarfe.es\/index.php?rest_route=\/wp\/v2\/posts\/45506","targetHints":{"allow":["GET"]}}],"collection":[{"href":"https:\/\/miradordeatarfe.es\/index.php?rest_route=\/wp\/v2\/posts"}],"about":[{"href":"https:\/\/miradordeatarfe.es\/index.php?rest_route=\/wp\/v2\/types\/post"}],"author":[{"embeddable":true,"href":"https:\/\/miradordeatarfe.es\/index.php?rest_route=\/wp\/v2\/users\/1"}],"replies":[{"embeddable":true,"href":"https:\/\/miradordeatarfe.es\/index.php?rest_route=%2Fwp%2Fv2%2Fcomments&post=45506"}],"version-history":[{"count":1,"href":"https:\/\/miradordeatarfe.es\/index.php?rest_route=\/wp\/v2\/posts\/45506\/revisions"}],"predecessor-version":[{"id":45508,"href":"https:\/\/miradordeatarfe.es\/index.php?rest_route=\/wp\/v2\/posts\/45506\/revisions\/45508"}],"wp:featuredmedia":[{"embeddable":true,"href":"https:\/\/miradordeatarfe.es\/index.php?rest_route=\/wp\/v2\/media\/45507"}],"wp:attachment":[{"href":"https:\/\/miradordeatarfe.es\/index.php?rest_route=%2Fwp%2Fv2%2Fmedia&parent=45506"}],"wp:term":[{"taxonomy":"category","embeddable":true,"href":"https:\/\/miradordeatarfe.es\/index.php?rest_route=%2Fwp%2Fv2%2Fcategories&post=45506"},{"taxonomy":"post_tag","embeddable":true,"href":"https:\/\/miradordeatarfe.es\/index.php?rest_route=%2Fwp%2Fv2%2Ftags&post=45506"}],"curies":[{"name":"wp","href":"https:\/\/api.w.org\/{rel}","templated":true}]}}