{"id":45515,"date":"2021-02-26T11:11:56","date_gmt":"2021-02-26T10:11:56","guid":{"rendered":"http:\/\/miradordeatarfe.es\/?p=45515"},"modified":"2021-02-22T20:07:46","modified_gmt":"2021-02-22T19:07:46","slug":"ataref-proximos-eventos-en-el-centro-cultural-medina-elvira","status":"publish","type":"post","link":"https:\/\/miradordeatarfe.es\/?p=45515","title":{"rendered":"ATAREF: PR\u00d3XIMOS EVENTOS EN EL CENTRO CULTURAL MEDINA ELVIRA"},"content":{"rendered":"<div class=\"\" dir=\"auto\">\n<div id=\"jsc_c_u1\" class=\"ecm0bbzt hv4rvrfc ihqw7lf3 dati1w0a\" data-ad-comet-preview=\"message\" data-ad-preview=\"message\">\n<div class=\"j83agx80 cbu4d94t ew0dbk1b irj2b8pg\">\n<div class=\"qzhwtbm6 knvmm38d\">\n<div class=\"kvgmc6g5 cxmmr5t8 oygrvhab hcukyx3x c1et5uql ii04i59q\">\n<div dir=\"auto\">\u00a0<\/div>\n<\/div>\n<div class=\"o9v6fnle cxmmr5t8 oygrvhab hcukyx3x c1et5uql ii04i59q\">\n<h3 dir=\"auto\">BANDA SINF\u00d3NICA MUNICIPAL DE M\u00daSICA CIUDAD ATARFE <\/h3>\n<div dir=\"auto\"><strong>M\u00daSICA DE PASI\u00d3N: MARCHAS MACARENAS Y MARCHAS TRIANERAS<\/strong><\/div>\n<div dir=\"auto\">Fecha: S\u00e1bado<strong> 6 de Marzo<\/strong><\/div>\n<div dir=\"auto\">Hora: 19:00<\/div>\n<div dir=\"auto\">Lugar: Centro Cultural Medina Elvira<\/div>\n<div dir=\"auto\">Entrada Gratuita con Invitaci\u00f3n hasta completar aforo<\/div>\n<\/div>\n<div class=\"o9v6fnle cxmmr5t8 oygrvhab hcukyx3x c1et5uql ii04i59q\">\n<div dir=\"auto\">\u00a0<\/div>\n<div dir=\"auto\"><a href=\"https:\/\/i0.wp.com\/miradordeatarfe.es\/wp-content\/uploads\/2021\/02\/152527976_3878017922262049_5734782298494506577_o.jpg?ssl=1\"><img data-recalc-dims=\"1\" loading=\"lazy\" decoding=\"async\" class=\"alignnone wp-image-45516 size-full\" src=\"https:\/\/i0.wp.com\/miradordeatarfe.es\/wp-content\/uploads\/2021\/02\/152527976_3878017922262049_5734782298494506577_o.jpg?resize=640%2C906&#038;ssl=1\" alt=\"\" width=\"640\" height=\"906\" srcset=\"https:\/\/i0.wp.com\/miradordeatarfe.es\/wp-content\/uploads\/2021\/02\/152527976_3878017922262049_5734782298494506577_o.jpg?w=1130&amp;ssl=1 1130w, https:\/\/i0.wp.com\/miradordeatarfe.es\/wp-content\/uploads\/2021\/02\/152527976_3878017922262049_5734782298494506577_o.jpg?resize=212%2C300&amp;ssl=1 212w, https:\/\/i0.wp.com\/miradordeatarfe.es\/wp-content\/uploads\/2021\/02\/152527976_3878017922262049_5734782298494506577_o.jpg?resize=723%2C1024&amp;ssl=1 723w, https:\/\/i0.wp.com\/miradordeatarfe.es\/wp-content\/uploads\/2021\/02\/152527976_3878017922262049_5734782298494506577_o.jpg?resize=768%2C1087&amp;ssl=1 768w, https:\/\/i0.wp.com\/miradordeatarfe.es\/wp-content\/uploads\/2021\/02\/152527976_3878017922262049_5734782298494506577_o.jpg?resize=1085%2C1536&amp;ssl=1 1085w\" sizes=\"auto, (max-width: 640px) 100vw, 640px\" \/><\/a><\/div>\n<h3 dir=\"auto\">BANDA SINF\u00d3NICA MUNICIPAL DE M\u00daSICA CIUDAD ATARFE <\/h3>\n<h3 dir=\"auto\">M\u00daSICA DE PASI\u00d3N: MARCHAS DE HOY<\/h3>\n<div dir=\"auto\">Fecha: S\u00e1bado <strong>13 de Marzo<\/strong><\/div>\n<div dir=\"auto\">Hora: 19:00<\/div>\n<div dir=\"auto\">Lugar: Centro Cultural Medina Elvira<\/div>\n<div dir=\"auto\">Entrada Gratuita con Invitaci\u00f3n hasta completar aforo<\/div>\n<\/div>\n<div class=\"o9v6fnle cxmmr5t8 oygrvhab hcukyx3x c1et5uql ii04i59q\">\n<div dir=\"auto\">\u00a0<\/div>\n<div dir=\"auto\"><a href=\"https:\/\/i0.wp.com\/miradordeatarfe.es\/wp-content\/uploads\/2021\/02\/153258716_3878017962262045_7698902016721780756_o.jpg?ssl=1\"><img data-recalc-dims=\"1\" loading=\"lazy\" decoding=\"async\" class=\"alignnone wp-image-45517 size-full\" src=\"https:\/\/i0.wp.com\/miradordeatarfe.es\/wp-content\/uploads\/2021\/02\/153258716_3878017962262045_7698902016721780756_o.jpg?resize=640%2C905&#038;ssl=1\" alt=\"\" width=\"640\" height=\"905\" srcset=\"https:\/\/i0.wp.com\/miradordeatarfe.es\/wp-content\/uploads\/2021\/02\/153258716_3878017962262045_7698902016721780756_o.jpg?w=1131&amp;ssl=1 1131w, https:\/\/i0.wp.com\/miradordeatarfe.es\/wp-content\/uploads\/2021\/02\/153258716_3878017962262045_7698902016721780756_o.jpg?resize=212%2C300&amp;ssl=1 212w, https:\/\/i0.wp.com\/miradordeatarfe.es\/wp-content\/uploads\/2021\/02\/153258716_3878017962262045_7698902016721780756_o.jpg?resize=724%2C1024&amp;ssl=1 724w, https:\/\/i0.wp.com\/miradordeatarfe.es\/wp-content\/uploads\/2021\/02\/153258716_3878017962262045_7698902016721780756_o.jpg?resize=768%2C1086&amp;ssl=1 768w, https:\/\/i0.wp.com\/miradordeatarfe.es\/wp-content\/uploads\/2021\/02\/153258716_3878017962262045_7698902016721780756_o.jpg?resize=1086%2C1536&amp;ssl=1 1086w\" sizes=\"auto, (max-width: 640px) 100vw, 640px\" \/><\/a><\/div>\n<div dir=\"auto\">\u00a0<\/div>\n<h3 dir=\"auto\">LA CHIRIGOTA DEL SELU<\/h3>\n<h3 dir=\"auto\">ESTR\u00c9S POR CUATRO Y SU GRAN ANTOLOG\u00cdA<\/h3>\n<div dir=\"auto\">Fecha: S\u00e1bado <strong>27 de Marzo<\/strong><\/div>\n<div dir=\"auto\">Hora: 19:30<\/div>\n<div dir=\"auto\">Lugar: Centro Cultural Medina Elvira<\/div>\n<div dir=\"auto\">Entrada: 13\u20ac Anticipada | 16\u20ac Taquilla<\/div>\n<\/div>\n<div class=\"o9v6fnle cxmmr5t8 oygrvhab hcukyx3x c1et5uql ii04i59q\">\n<div dir=\"auto\">Venta de Entradas:<\/div>\n<div dir=\"auto\">\u00a0<\/div>\n<div dir=\"auto\">\u00a0<\/div>\n<div dir=\"auto\">Taquilla del Centro Cultural Medina Elvira<\/div>\n<div dir=\"auto\">.- <a class=\"oajrlxb2 g5ia77u1 qu0x051f esr5mh6w e9989ue4 r7d6kgcz rq0escxv nhd2j8a9 nc684nl6 p7hjln8o kvgmc6g5 cxmmr5t8 oygrvhab hcukyx3x jb3vyjys rz4wbd8a qt6c0cv9 a8nywdso i1ao9s8h esuyzwwr f1sip0of lzcic4wl py34i1dx gpro0wi8\" tabindex=\"0\" role=\"link\" href=\"https:\/\/l.facebook.com\/l.php?u=http%3A%2F%2Fwww.giglon.com%2F%3Ffbclid%3DIwAR3pTlIsJ3lIQJU97RHnV6oV0-2TzQAQf7VuDvgWHTualsE3t0hQduDKSOY&amp;h=AT1WG7hLKbRA_cO935wckhRWOf4SA5wxLI6lFVI43dwT3J-P7WZqj4YxXWloDz04hDWapoLXFRvB3xRA9_NN-N8hoO-tRUQKszkEAf7mBr1llmtp4A3ArV2UnPbrcCSgeQ&amp;__tn__=-UK-R&amp;c[0]=AT1ZADzxFSuExFWTmMnK5OBUWBhSAx0BdtvNHRi0nAEw1hO_5O19rRz7FsWPBNlscKgSxahBqNiLV56YHHoaTOLlK0ivWKvfYPLZUzorbpjwIHg_Kfq1EA-_5Pdzg9OaQQGbLkV3duSkYDgHydJrlktV9c9Ye2XouS3fmU6Lmcxgh7Q\" target=\"_blank\" rel=\"nofollow noopener\">www.giglon.com<\/a><\/p>\n<div>\n<div id=\"0DE9E47C-871A-4F90-8440-B190C216800A_2\" class=\"mcafee_ok\">\u00a0<\/div>\n<\/div>\n<\/div>\n<\/div>\n<\/div>\n<\/div>\n<\/div>\n<\/div>\n","protected":false},"excerpt":{"rendered":"<p>\u00a0 BANDA SINF\u00d3NICA MUNICIPAL DE M\u00daSICA CIUDAD ATARFE M\u00daSICA DE PASI\u00d3N: MARCHAS MACARENAS Y MARCHAS&#8230;<\/p>\n","protected":false},"author":1,"featured_media":0,"comment_status":"closed","ping_status":"closed","sticky":false,"template":"","format":"standard","meta":{"_coblocks_attr":"","_coblocks_dimensions":"","_coblocks_responsive_height":"","_coblocks_accordion_ie_support":"","jetpack_post_was_ever_published":false,"_jetpack_newsletter_access":"","_jetpack_dont_email_post_to_subs":false,"_jetpack_newsletter_tier_id":0,"_jetpack_memberships_contains_paywalled_content":false,"_jetpack_memberships_contains_paid_content":false,"footnotes":"","jetpack_publicize_message":"","jetpack_publicize_feature_enabled":true,"jetpack_social_post_already_shared":false,"jetpack_social_options":{"image_generator_settings":{"template":"highway","default_image_id":0,"enabled":false},"version":2}},"categories":[12,1161,44,15],"tags":[4454,932,8098,6014],"class_list":["post-45515","post","type-post","status-publish","format-standard","hentry","category-cultura","category-ciudadania","category-noticias-de-hoy","category-ultimas-noticias","tag-actividades-culturales","tag-banda-de-musica","tag-centro-medina-elvira","tag-chirigota"],"jetpack_publicize_connections":[],"jetpack_featured_media_url":"","jetpack_likes_enabled":true,"jetpack_sharing_enabled":true,"_links":{"self":[{"href":"https:\/\/miradordeatarfe.es\/index.php?rest_route=\/wp\/v2\/posts\/45515","targetHints":{"allow":["GET"]}}],"collection":[{"href":"https:\/\/miradordeatarfe.es\/index.php?rest_route=\/wp\/v2\/posts"}],"about":[{"href":"https:\/\/miradordeatarfe.es\/index.php?rest_route=\/wp\/v2\/types\/post"}],"author":[{"embeddable":true,"href":"https:\/\/miradordeatarfe.es\/index.php?rest_route=\/wp\/v2\/users\/1"}],"replies":[{"embeddable":true,"href":"https:\/\/miradordeatarfe.es\/index.php?rest_route=%2Fwp%2Fv2%2Fcomments&post=45515"}],"version-history":[{"count":1,"href":"https:\/\/miradordeatarfe.es\/index.php?rest_route=\/wp\/v2\/posts\/45515\/revisions"}],"predecessor-version":[{"id":45518,"href":"https:\/\/miradordeatarfe.es\/index.php?rest_route=\/wp\/v2\/posts\/45515\/revisions\/45518"}],"wp:attachment":[{"href":"https:\/\/miradordeatarfe.es\/index.php?rest_route=%2Fwp%2Fv2%2Fmedia&parent=45515"}],"wp:term":[{"taxonomy":"category","embeddable":true,"href":"https:\/\/miradordeatarfe.es\/index.php?rest_route=%2Fwp%2Fv2%2Fcategories&post=45515"},{"taxonomy":"post_tag","embeddable":true,"href":"https:\/\/miradordeatarfe.es\/index.php?rest_route=%2Fwp%2Fv2%2Ftags&post=45515"}],"curies":[{"name":"wp","href":"https:\/\/api.w.org\/{rel}","templated":true}]}}