{"id":45519,"date":"2021-02-25T11:39:14","date_gmt":"2021-02-25T10:39:14","guid":{"rendered":"http:\/\/miradordeatarfe.es\/?p=45519"},"modified":"2021-02-23T17:49:26","modified_gmt":"2021-02-23T16:49:26","slug":"la-libertad-se-aprende-ejerciendola-por-maria-serra","status":"publish","type":"post","link":"https:\/\/miradordeatarfe.es\/?p=45519","title":{"rendered":"\u00abLA LIBERTAD SE APRENDE EJERCI\u00c9NDOLA\u00bb por Maria  Serra"},"content":{"rendered":"<h3 align=\"JUSTIFY\"><span style=\"font-family: Times New Roman, serif;\"><span style=\"font-size: medium;\"><span style=\"font-family: arial, helvetica, sans-serif; font-size: 12pt;\">En los \u00faltimos d\u00edas Espa\u00f1a est\u00e1 viviendo unos momentos de tensi\u00f3n y enfrentamiento en las calles. Violencia, reivindicaciones, destroz<\/span>os, vandalismo y represi\u00f3n. Podr\u00edan ser algunas de las palabras para describir las im\u00e1genes que llegan desde diferentes rincones del pa\u00eds. <\/span><\/span><\/h3>\n<p align=\"JUSTIFY\"><span style=\"font-family: Times New Roman, serif;\"><span style=\"font-size: medium;\">Rincones que a veces no est\u00e1n tan lejos como pensamos. Las redes nos distancian de la realidad pensando que aquello est\u00e1 muy lejos de nuestra situaci\u00f3n pero a veces solo es necesario levantar la cabeza y analizar m\u00e1s all\u00e1 de lo que los grandes medios nos ense\u00f1an (por no decir \u201cimponen\u201d). <\/span><\/span><\/p>\n<p align=\"JUSTIFY\"><span style=\"font-family: Times New Roman, serif;\"><span style=\"font-size: medium;\">Todo empezaba en Linares (Ja\u00e9n). Los primeros titulares fueron desalentadores: <\/span><\/span><\/p>\n<p align=\"JUSTIFY\">\u201c<span style=\"font-family: Times New Roman, serif;\"><span style=\"font-size: medium;\"><i>Detenidos dos polic\u00edas nacionales en Linares por la agresi\u00f3n a una ni\u00f1a de 14 a\u00f1os y a su padre\u201d \u2013 El Pa\u00eds<\/i><\/span><\/span><\/p>\n<p align=\"JUSTIFY\">\u201c<span style=\"font-family: Times New Roman, serif;\"><span style=\"font-size: medium;\"><i>Acusan a dos polic\u00edas en Linares de lesiones con ensa\u00f1amiento a padre e hija\u201d \u2013 Agencia EFE<\/i><\/span><\/span><\/p>\n<p align=\"JUSTIFY\">\u201c<span style=\"font-family: Times New Roman, serif;\"><span style=\"font-size: medium;\"><i>Nariz rota y fisura en la c\u00f3rnea, las heridas tras la paliza de dos polic\u00edas en Linares\u201d \u2013 Hora Ja\u00e9n<\/i><\/span><\/span><\/p>\n<p align=\"JUSTIFY\"><span style=\"font-family: Times New Roman, serif;\"><span style=\"font-size: medium;\">El Pa\u00eds relata los hechos: <\/span><\/span><\/p>\n<p align=\"JUSTIFY\"><span style=\"font-family: Times New Roman, serif;\"><span style=\"font-size: medium;\"><i>Dos agentes de la<\/i><\/span><\/span><a href=\"https:\/\/elpais.com\/politica\/2012\/11\/28\/actualidad\/1354121402_869954.html\"><span style=\"color: #00000a;\"><span style=\"font-family: Times New Roman, serif;\"><span style=\"font-size: medium;\"><i>\u00a0Polic\u00eda Nacional<\/i><\/span><\/span><\/span><\/a><span style=\"font-family: Times New Roman, serif;\"><span style=\"font-size: medium;\"><i>, uno de ellos el subinspector de la comisar\u00eda de Linares, han sido detenidos en la localidad jienense acusados de una agresi\u00f3n, cuando estaban fuera de servicio, a un hombre y a su hija de 14 a\u00f1os en la terraza de un bar. Los\u00a0<\/i><\/span><\/span><a href=\"https:\/\/elpais.com\/diario\/2006\/09\/08\/andalucia\/1157667730_850215.html\"><span style=\"color: #00000a;\"><span style=\"font-family: Times New Roman, serif;\"><span style=\"font-size: medium;\"><i>dos agentes, que este s\u00e1bado han pasado a disposici\u00f3n del Juzgado<\/i><\/span><\/span><\/span><\/a><span style=\"font-family: Times New Roman, serif;\"><span style=\"font-size: medium;\"><i>\u00a0de Instrucci\u00f3n n\u00famero 3 de la ciudad, est\u00e1n siendo investigados tras la difusi\u00f3n de varios v\u00eddeos en las redes sociales donde se les ve propinar una paliza al hombre y a la adolescente tras una fuerte discusi\u00f3n en una terraza.\u00a0<\/i><\/span><\/span><\/p>\n<p align=\"JUSTIFY\"><span style=\"font-family: Times New Roman, serif;\"><span style=\"font-size: medium;\">Despu\u00e9s lleg\u00f3 el caos. Los vecinos de Linares salieron para defender sus derechos y denunciar la violencia ejercida por los dos individuos contra la menor y su padre. Las manifestaciones acabaron con la detenci\u00f3n de 13 personas y 19 agentes heridos. <\/span><\/span><\/p>\n<p align=\"JUSTIFY\"><span style=\"font-family: Times New Roman, serif;\"><span style=\"font-size: medium;\">Seg\u00fan relatan diferentes medios, \u201cdurante los hechos se han producido da\u00f1os personales a n\u00famero indeterminado de personas por los enfrentamientos con los antidisturbios\u201d. Primera vez que aparecen los antidisturbios. Y no ser\u00e1 la \u00faltima. <\/span><\/span><\/p>\n<p align=\"JUSTIFY\"><span style=\"font-family: Times New Roman, serif;\"><span style=\"font-size: medium;\">Resulta curiosa la facilidad con la que los Cuerpos de Seguridad mandan antidisturbios cuando se trata de la defensa de derechos. Los hechos est\u00e1n ah\u00ed, violencia desmedida protegido en el sentimiento de impunidad. <\/span><\/span><\/p>\n<p align=\"JUSTIFY\"><span style=\"font-family: Times New Roman, serif;\"><span style=\"font-size: medium;\">El auto del juez publicado el pasado s\u00e1bado, por el que mand\u00f3 a la c\u00e1rcel a los dos acusados, describe la agresi\u00f3n como \u201cviolencia atroz\u201d, \u201cdesproporci\u00f3n en la actuaci\u00f3n\u201d, \u201cdesagradable agresi\u00f3n\u201d y \u201csentimiento de impunidad\u201d. El juez considera a ambos presuntos autores de un delito de lesiones agravadas por el empleo de m\u00e9todos peligrosos para la salud f\u00edsica de las v\u00edctimas y la mediaci\u00f3n de ensa\u00f1amiento y abuso de autoridad. <\/span><\/span><\/p>\n<p align=\"JUSTIFY\"><span style=\"font-family: Times New Roman, serif;\"><span style=\"font-size: medium;\"><b>MARCHA NEONAZI<\/b><\/span><\/span><\/p>\n<p align=\"JUSTIFY\"><span style=\"font-family: Times New Roman, serif;\"><span style=\"font-size: medium;\">Con esta pol\u00e9mica y la posterior violencia que vimos en las manifestaciones (totalmente legales y amparadas en la Constituci\u00f3n) vino el segundo gran acontecimiento en pocos d\u00edas. <\/span><\/span><\/p>\n<p align=\"JUSTIFY\"><span style=\"font-family: Times New Roman, serif;\"><span style=\"font-size: medium;\">La Marea, medio p\u00fablico espa\u00f1ol, destap\u00f3 el pasado 15 de febrero una marcha de neonazis en Madrid en honor a la Divisi\u00f3n Azul. Ocurri\u00f3 el 13 de febrero.<\/span><\/span><\/p>\n<p align=\"JUSTIFY\">\u201c<span style=\"font-family: Times New Roman, serif;\"><span style=\"font-size: medium;\"><i>El jud\u00edo es el culpable. El enemigo siempre va a ser el mismo\u201d: 300 neonazis homenajean en Madrid a la Divisi\u00f3n Azul\u201d <\/i><\/span><\/span><\/p>\n<p align=\"JUSTIFY\"><span style=\"font-family: Times New Roman, serif;\"><span style=\"font-size: medium;\">Este fue el titular con el que el periodista Miquel Ramos descubri\u00f3 uno de los hechos m\u00e1s desagradables. Acompa\u00f1ado de un v\u00eddeo en el lugar de los hechos, con banderas de Espa\u00f1a (una vez m\u00e1s, utilizada para representar al fascismo y el nazismo) y brazos en alto. Ni un polic\u00eda (de servicio). Una vez m\u00e1s, resulta curiosa la <\/span><\/span><span style=\"font-family: Times New Roman, serif;\"><span style=\"font-size: medium;\"><u><b>falta<\/b><\/u><\/span><\/span><span style=\"font-family: Times New Roman, serif;\"><span style=\"font-size: medium;\"> de facilidad de los Cuerpos de Seguridad para mandar antidisturbios a marchas franquistas, fascistas o neonazis. <\/span><\/span><\/p>\n<p align=\"JUSTIFY\"><span style=\"font-family: Times New Roman, serif;\"><span style=\"font-size: medium;\">Tras el revuelo que provocaron estas im\u00e1genes (insisto, destapadas \u00fanicamente por La Marea), el mismo d\u00eda, la Comunidad de Madrid pidi\u00f3 a la fiscal\u00eda la investigaci\u00f3n de la marcha neonazi. Embajadas de Israel, Rusia y Alemania expresaron tambi\u00e9n su repulsi\u00f3n hacia estos hechos. El rechazo fue obvio en algunos entornos pero lo fue tanto en otros. <\/span><\/span><\/p>\n<p align=\"JUSTIFY\"><span style=\"font-family: Times New Roman, serif;\"><span style=\"font-size: medium;\">El silencio por parte de partidos pol\u00edticos, administraciones y medios espa\u00f1oles fue atronador. Lo importante segu\u00eda siendo que los manifestantes de Linares fueron demasiado \u201cviolentos\u201d. <\/span><\/span><\/p>\n<p align=\"JUSTIFY\"><span style=\"font-family: Times New Roman, serif;\"><span style=\"font-size: medium;\"><b>PABLO HAS\u00c9L<\/b><\/span><\/span><\/p>\n<p align=\"JUSTIFY\"><span style=\"font-family: Times New Roman, serif;\"><span style=\"font-size: medium;\">Y cuando pens\u00e1bamos que la marea se hab\u00eda calmado, lleg\u00f3 el golpe definitivo. Pablo Has\u00e9l; rapero espa\u00f1ol condenado a prisi\u00f3n por enaltecimiento del terrorismo. Antes hab\u00eda sido condenado por el mismo delito a dos a\u00f1os de prisi\u00f3n, pero la Audiencia Nacional la dej\u00f3 en suspenso porque no ten\u00eda antecedentes. Todo ello en letras de canciones y tuits. <\/span><\/span><\/p>\n<p align=\"JUSTIFY\"><a href=\"https:\/\/elpais.com\/espana\/2021-02-18\/las-rimas-que-llevaron-a-hasel-a-la-carcel.html\"><span style=\"font-family: Times New Roman, serif;\"><span style=\"font-size: medium;\">https:\/\/elpais.com\/espana\/2021-02-18\/las-rimas-que-llevaron-a-hasel-a-la-carcel.html<\/span><\/span><\/a><\/p>\n<p align=\"JUSTIFY\"><span style=\"font-family: Times New Roman, serif;\"><span style=\"font-size: medium;\">En el anterior enlace aparecen las sentencias con el contenido por el que el rapero ha acabado condenado. Espa\u00f1a se dividi\u00f3 en una especie de oleada en la que algunos piensan que esta condena ataca directamente a la libertad de expresi\u00f3n. \u00bfC\u00e1rcel por unos tuits y letras de canciones? Injurias a la Corona. <\/span><\/span><\/p>\n<p align=\"JUSTIFY\"><span style=\"font-family: Times New Roman, serif;\"><span style=\"font-size: medium;\">Es ir\u00f3nico, a veces, la protecci\u00f3n blindada con la que cuenta la Corona y el amparo en la \u201clibertad de opini\u00f3n\u201d cuando el ataque va hacia el ciudadano de a pie. Hacia las clases bajas. <\/span><\/span><\/p>\n<p align=\"JUSTIFY\"><span style=\"font-family: Times New Roman, serif;\"><span style=\"font-size: medium;\">Este \u00faltimo acontecimiento, a\u00f1adido a la agresi\u00f3n de Linares y la manifestaci\u00f3n neonazi en Madrid, supuso la eclosi\u00f3n final de gran parte del pueblo espa\u00f1ol. Mientras la cuerda se tensaba, las actuaciones de nuestros \u201csuperiores\u201d y del sistema no ayudaba. Y no ayud\u00f3. <\/span><\/span><\/p>\n<p align=\"JUSTIFY\"><span style=\"font-family: Times New Roman, serif;\"><span style=\"font-size: medium;\">Vuelta a las manifestaciones. Esta vez, masivas y en ocasiones, desatadas. Por ambos lados. Llegaron los antidisturbios (esta vez s\u00ed), y con ellos, la violencia. La represi\u00f3n. En una manifestaci\u00f3n por la libertad de expresi\u00f3n. En una manifestaci\u00f3n en la que se ejerce un derecho recogido en la Constituci\u00f3n. Quiz\u00e1s se puede estar m\u00e1s o menos de acuerdo con las ideas reivindicadas, con la forma o el momento pero el derecho es irrefutable. <\/span><\/span><\/p>\n<p align=\"JUSTIFY\"><span style=\"font-family: Times New Roman, serif;\"><span style=\"font-size: medium;\">Hay mucha confusi\u00f3n y demagogia en este tema en redes y medios. Para variar. Lo cierto es que esto ya no es por Pablo Has\u00e9l. No es por unas rimas, no es por un rapero ni es por una condena. El hartazgo de esta parte de la poblaci\u00f3n va m\u00e1s all\u00e1 que todo eso. El problema es que hay quien no lo ve, o no lo quiere ver. No es justificaci\u00f3n, simplemente expongo los hechos. <\/span><\/span><\/p>\n<p align=\"JUSTIFY\"><span style=\"font-family: Times New Roman, serif;\"><span style=\"font-size: medium;\">Los medios entonces se llenaron de im\u00e1genes y videos de manifestantes. Solo manifestantes. Y violentos. De los que queman contenedores y saquean tiendas. Que s\u00ed, los hab\u00eda y los hay. Pero hay otra parte del escenario que no muestran. Los pac\u00edficos tambi\u00e9n est\u00e1n. Tambi\u00e9n se reivindican. Pac\u00edficamente. Aunque claro, quiz\u00e1s esas im\u00e1genes no venden tanto. Cierto. <\/span><\/span><\/p>\n<p align=\"JUSTIFY\"><span style=\"font-family: Times New Roman, serif;\"><span style=\"font-size: medium;\">En cualquier caso, las actuaciones tanto por parte de los manifestantes como de los Cuerpos y Fuerzas de Seguridad han sido desacertadas. Quiz\u00e1s unas m\u00e1s que otras. <\/span><\/span><\/p>\n<p align=\"JUSTIFY\"><span style=\"font-family: Times New Roman, serif;\"><span style=\"font-size: medium;\">Y todo esto, en una democracia. En nuestro pa\u00eds. En Madrid, Barcelona, Granada, Ja\u00e9n\u2026En una democracia plena con un gobierno de coalici\u00f3n de izquierdas, supuestamente. <\/span><\/span><\/p>\n<p align=\"JUSTIFY\"><span style=\"font-family: Times New Roman, serif;\"><span style=\"font-size: medium;\">La libertad de expresi\u00f3n conlleva una libertad de pensamiento posterior. Hacer autocr\u00edtica, an\u00e1lisis y esquivar las influencias de los hilos conductores. Contrastar, informarse y formar una opini\u00f3n independiente. No podemos exigir aquello que no sabemos ejercer. Tampoco podemos pretender pensar que estos son hechos puntuales. No lo son. Y seguir\u00e1n ocurriendo, las manifestaciones y la violencia. Porque los derechos de los que ahora gozamos no se consiguieron con un \u201cpor favor\u201d. <\/span><\/span><\/p>\n<p align=\"JUSTIFY\">\u201c<span style=\"font-family: Times New Roman, serif;\"><span style=\"font-size: medium;\">La libertad se aprende ejerci\u00e9ndola\u201d <\/span><\/span><\/p>\n<p align=\"JUSTIFY\">\u201c<span style=\"font-family: Times New Roman, serif;\"><span style=\"font-size: medium;\">Nos hab\u00e9is ense\u00f1ado que ser pac\u00edficos es in\u00fatil\u201d<\/span><\/span><\/p>\n<p align=\"JUSTIFY\">\u00a0<\/p>\n<p align=\"JUSTIFY\"><a href=\"https:\/\/www.eldiario.es\/catalunya\/miles-personas-piden-libertad-pablo-hasel-barcelona-80-poblaciones-catalanas_1_7225512.html\"><span style=\"font-family: Times New Roman, serif;\"><span style=\"font-size: medium;\">https:\/\/www.eldiario.es\/catalunya\/miles-personas-piden-libertad-pablo-hasel-barcelona-80-poblaciones-catalanas_1_7225512.html<\/span><\/span><\/a><\/p>\n<p align=\"JUSTIFY\"><a href=\"https:\/\/www.eldiario.es\/politica\/nuevos-altercados-protestas-pablo-hasel-cataluna-madrid_1_7229351.html\"><span style=\"font-family: Times New Roman, serif;\"><span style=\"font-size: medium;\">https:\/\/www.eldiario.es\/politica\/nuevos-altercados-protestas-pablo-hasel-cataluna-madrid_1_7229351.html<\/span><\/span><\/a><\/p>\n<p align=\"JUSTIFY\"><a href=\"https:\/\/www.lamarea.com\/2021\/02\/15\/enemigo-siempre-mismo-judio-300-neonazis-homenajean-espanoles-lucharon-hitler\/\"><span style=\"font-family: Times New Roman, serif;\"><span style=\"font-size: medium;\">https:\/\/www.lamarea.com\/2021\/02\/15\/enemigo-siempre-mismo-judio-300-neonazis-homenajean-espanoles-lucharon-hitler\/<\/span><\/span><\/a><\/p>\n<p align=\"JUSTIFY\"><a href=\"https:\/\/www.eldiario.es\/andalucia\/jaen\/auto-juez-revela-policias-linares-encuentran-carcel-riesgo-fuga-destruccion-pruebas_1_7232825.html\"><span style=\"font-family: Times New Roman, serif;\"><span style=\"font-size: medium;\">https:\/\/www.eldiario.es\/andalucia\/jaen\/auto-juez-revela-policias-linares-encuentran-carcel-riesgo-fuga-destruccion-pruebas_1_7232825.html<\/span><\/span><\/a><\/p>\n<p align=\"JUSTIFY\"><a href=\"https:\/\/www.lamarea.com\/2021\/02\/17\/las-embajadas-de-israel-rusia-y-alemania-expresan-su-repulsa-por-el-homenaje-a-la-division-azul-en-madrid\/\"><span style=\"font-family: Times New Roman, serif;\"><span style=\"font-size: medium;\">https:\/\/www.lamarea.com\/2021\/02\/17\/las-embajadas-de-israel-rusia-y-alemania-expresan-su-repulsa-por-el-homenaje-a-la-division-azul-en-madrid\/<\/span><\/span><\/a><\/p>\n<p align=\"JUSTIFY\"><span style=\"font-family: Times New Roman, serif;\"><span style=\"font-size: medium;\">V\u00cdDEO: <a href=\"https:\/\/twitter.com\/repressiu\/status\/1363234058310942724\">https:\/\/twitter.com\/repressiu\/status\/1363234058310942724<\/a><\/span><\/span><\/p>\n<p align=\"JUSTIFY\"><span style=\"font-family: Times New Roman, serif;\"><span style=\"font-size: medium;\">V\u00cdDEO: <a href=\"https:\/\/twitter.com\/JuanPrieto10\/status\/1363261129678536710\">https:\/\/twitter.com\/JuanPrieto10\/status\/1363261129678536710<\/a><\/span><\/span><\/p>\n","protected":false},"excerpt":{"rendered":"<p>En los \u00faltimos d\u00edas Espa\u00f1a est\u00e1 viviendo unos momentos de tensi\u00f3n y enfrentamiento en las&#8230;<\/p>\n","protected":false},"author":1,"featured_media":45520,"comment_status":"closed","ping_status":"closed","sticky":false,"template":"","format":"standard","meta":{"_coblocks_attr":"","_coblocks_dimensions":"","_coblocks_responsive_height":"","_coblocks_accordion_ie_support":"","jetpack_post_was_ever_published":false,"_jetpack_newsletter_access":"","_jetpack_dont_email_post_to_subs":false,"_jetpack_newsletter_tier_id":0,"_jetpack_memberships_contains_paywalled_content":false,"_jetpack_memberships_contains_paid_content":false,"footnotes":"","jetpack_publicize_message":"","jetpack_publicize_feature_enabled":true,"jetpack_social_post_already_shared":false,"jetpack_social_options":{"image_generator_settings":{"template":"highway","default_image_id":0,"enabled":false},"version":2}},"categories":[1161,7244,44,7671,6937,15],"tags":[152,725,8100,350,8099],"class_list":["post-45519","post","type-post","status-publish","format-standard","has-post-thumbnail","hentry","category-ciudadania","category-opinion-de-maria-serra","category-noticias-de-hoy","category-politica","category-sociedad","category-ultimas-noticias","tag-cataluna","tag-espana","tag-hasel","tag-libertad","tag-neonazi"],"jetpack_publicize_connections":[],"jetpack_featured_media_url":"https:\/\/i0.wp.com\/miradordeatarfe.es\/wp-content\/uploads\/2021\/02\/EuW-59MWYAQIQAM.jpg?fit=543%2C641&ssl=1","jetpack_likes_enabled":true,"jetpack_sharing_enabled":true,"_links":{"self":[{"href":"https:\/\/miradordeatarfe.es\/index.php?rest_route=\/wp\/v2\/posts\/45519","targetHints":{"allow":["GET"]}}],"collection":[{"href":"https:\/\/miradordeatarfe.es\/index.php?rest_route=\/wp\/v2\/posts"}],"about":[{"href":"https:\/\/miradordeatarfe.es\/index.php?rest_route=\/wp\/v2\/types\/post"}],"author":[{"embeddable":true,"href":"https:\/\/miradordeatarfe.es\/index.php?rest_route=\/wp\/v2\/users\/1"}],"replies":[{"embeddable":true,"href":"https:\/\/miradordeatarfe.es\/index.php?rest_route=%2Fwp%2Fv2%2Fcomments&post=45519"}],"version-history":[{"count":1,"href":"https:\/\/miradordeatarfe.es\/index.php?rest_route=\/wp\/v2\/posts\/45519\/revisions"}],"predecessor-version":[{"id":45521,"href":"https:\/\/miradordeatarfe.es\/index.php?rest_route=\/wp\/v2\/posts\/45519\/revisions\/45521"}],"wp:featuredmedia":[{"embeddable":true,"href":"https:\/\/miradordeatarfe.es\/index.php?rest_route=\/wp\/v2\/media\/45520"}],"wp:attachment":[{"href":"https:\/\/miradordeatarfe.es\/index.php?rest_route=%2Fwp%2Fv2%2Fmedia&parent=45519"}],"wp:term":[{"taxonomy":"category","embeddable":true,"href":"https:\/\/miradordeatarfe.es\/index.php?rest_route=%2Fwp%2Fv2%2Fcategories&post=45519"},{"taxonomy":"post_tag","embeddable":true,"href":"https:\/\/miradordeatarfe.es\/index.php?rest_route=%2Fwp%2Fv2%2Ftags&post=45519"}],"curies":[{"name":"wp","href":"https:\/\/api.w.org\/{rel}","templated":true}]}}